{"id":53281,"date":"2020-07-14T15:10:32","date_gmt":"2020-07-14T13:10:32","guid":{"rendered":"https:\/\/www.asufin.com\/?p=53281"},"modified":"2022-06-06T10:00:25","modified_gmt":"2022-06-06T10:00:25","slug":"patricia-suarez-analiza-como-ha-afectado-la-covid-19-al-sobreendeudamiento-en-telemadrid-13-07-20","status":"publish","type":"post","link":"https:\/\/staging.asufin.com\/staging\/patricia-suarez-analiza-como-ha-afectado-la-covid-19-al-sobreendeudamiento-en-telemadrid-13-07-20\/","title":{"rendered":"Patricia Su\u00e1rez analiza c\u00f3mo ha afectado la COVID-19 al sobreendeudamiento en TELEMADRID &#8211; 13.07.20"},"content":{"rendered":"\n<h3 class=\"wp-block-heading\">La presidenta de ASUFIN ha respondido las dudas sobre los pr\u00e9stamos al consumo en tiempos de coronavirus en <em>Juntos<\/em> de Telemadrid<\/h3>\n\n\n\n<p>Patricia Su\u00e1rez, presidenta de <a href=\"https:\/\/asufin.com\/la-asociacion\/\" target=\"_blank\" rel=\"noopener\">ASUFIN<\/a>, ha analizado en el programa <em>Juntos<\/em> de Telemadrid <strong>c\u00f3mo ha afectado la pandemia por el coronavirus al <a href=\"https:\/\/staging.asufin.com\/staging\/reclama\/sobreendeudamiento\/\">sobreendeudamiento<\/a> familiar en Espa\u00f1a<\/strong>. Seg\u00fan el <a href=\"https:\/\/asufin.com\/barometro-prestamos-consumo\/\" target=\"_blank\" rel=\"noopener\">I Bar\u00f3metro de Pr\u00e9stamos al Consumo lanzado<\/a> por ASUFIN, solo un 14% prev\u00e9 pedir cr\u00e9dito en los pr\u00f3ximos seis meses. Del estudio se extrae tambi\u00e9n que hasta un 10% ha cambiado sus planes de endeudarse ante la incertidumbre actual.<\/p>\n\n\n\n<figure class=\"wp-block-image size-large\"><a href=\"https:\/\/www.youtube.com\/watch?v=uzMUwaWu6Sg&amp;t=27s\" target=\"_blank\" rel=\"noopener\"><img data-recalc-dims=\"1\" fetchpriority=\"high\" decoding=\"async\" width=\"800\" height=\"441\" data-attachment-id=\"53294\" data-permalink=\"https:\/\/staging.asufin.com\/staging\/patricia-suarez-analiza-como-ha-afectado-la-covid-19-al-sobreendeudamiento-en-telemadrid-13-07-20\/whatsapp-image-2020-07-14-at-14-08-26\/\" data-orig-file=\"https:\/\/i0.wp.com\/staging.asufin.com\/staging\/wp-content\/uploads\/2020\/07\/WhatsApp-Image-2020-07-14-at-14.08.26.jpeg?fit=1554%2C856&amp;ssl=1\" data-orig-size=\"1554,856\" data-comments-opened=\"1\" data-image-meta=\"{&quot;aperture&quot;:&quot;0&quot;,&quot;credit&quot;:&quot;&quot;,&quot;camera&quot;:&quot;&quot;,&quot;caption&quot;:&quot;&quot;,&quot;created_timestamp&quot;:&quot;0&quot;,&quot;copyright&quot;:&quot;&quot;,&quot;focal_length&quot;:&quot;0&quot;,&quot;iso&quot;:&quot;0&quot;,&quot;shutter_speed&quot;:&quot;0&quot;,&quot;title&quot;:&quot;&quot;,&quot;orientation&quot;:&quot;0&quot;}\" data-image-title=\"Patricia Su\u00e1rez en Juntos de Telemadrid\" data-image-description=\"&lt;p&gt;Patricia Su\u00e1rez en Juntos de Telemadrid&lt;\/p&gt;\n\" data-image-caption=\"\" data-large-file=\"https:\/\/i0.wp.com\/staging.asufin.com\/staging\/wp-content\/uploads\/2020\/07\/WhatsApp-Image-2020-07-14-at-14.08.26.jpeg?fit=800%2C441&amp;ssl=1\" src=\"https:\/\/i0.wp.com\/asufin.com\/wp-content\/uploads\/2020\/07\/WhatsApp-Image-2020-07-14-at-14.08.26-1024x564.jpeg?resize=800%2C441&#038;ssl=1\" alt=\"Patricia Su\u00e1rez en Juntos de Telemadrid\" class=\"wp-image-53294\" title=\"\" srcset=\"https:\/\/i0.wp.com\/staging.asufin.com\/staging\/wp-content\/uploads\/2020\/07\/WhatsApp-Image-2020-07-14-at-14.08.26.jpeg?resize=1024%2C564&amp;ssl=1 1024w, https:\/\/i0.wp.com\/staging.asufin.com\/staging\/wp-content\/uploads\/2020\/07\/WhatsApp-Image-2020-07-14-at-14.08.26.jpeg?resize=300%2C165&amp;ssl=1 300w, https:\/\/i0.wp.com\/staging.asufin.com\/staging\/wp-content\/uploads\/2020\/07\/WhatsApp-Image-2020-07-14-at-14.08.26.jpeg?resize=768%2C423&amp;ssl=1 768w, https:\/\/i0.wp.com\/staging.asufin.com\/staging\/wp-content\/uploads\/2020\/07\/WhatsApp-Image-2020-07-14-at-14.08.26.jpeg?resize=1536%2C846&amp;ssl=1 1536w, https:\/\/i0.wp.com\/staging.asufin.com\/staging\/wp-content\/uploads\/2020\/07\/WhatsApp-Image-2020-07-14-at-14.08.26.jpeg?resize=1320%2C727&amp;ssl=1 1320w, https:\/\/i0.wp.com\/staging.asufin.com\/staging\/wp-content\/uploads\/2020\/07\/WhatsApp-Image-2020-07-14-at-14.08.26.jpeg?w=1554&amp;ssl=1 1554w\" sizes=\"(max-width: 800px) 100vw, 800px\" \/><\/a><\/figure>\n\n\n\n<p class=\"has-text-align-center has-very-light-gray-background-color has-background\"><strong>\u00bfTienes un pr\u00e9stamo? Puedes ponerte en contacto con nosotros a trav\u00e9s de <a href=\"mailto:info@asufin.com\">info@asufin.com<\/a> y te asesoraremos<\/strong><\/p>\n\n\n\n<p><\/p>\n\n\n\n<p><\/p>\n","protected":false},"excerpt":{"rendered":"<p>La presidenta de ASUFIN ha respondido las dudas sobre los pr\u00e9stamos al consumo en tiempos de coronavirus en Juntos de Telemadrid<\/p>\n","protected":false},"author":2,"featured_media":53294,"comment_status":"open","ping_status":"closed","sticky":false,"template":"","format":"standard","meta":{"_acf_changed":false,"_jetpack_newsletter_access":"","_jetpack_dont_email_post_to_subs":false,"_jetpack_newsletter_tier_id":0,"_jetpack_memberships_contains_paywalled_content":false,"_jetpack_memberships_contains_paid_content":false,"footnotes":""},"categories":[3396,3335,3384],"tags":[],"class_list":["post-53281","post","type-post","status-publish","format-standard","has-post-thumbnail","hentry","category-covid-19","category-sobreendeudamiento","category-tv"],"acf":[],"jetpack_featured_media_url":"https:\/\/i0.wp.com\/staging.asufin.com\/staging\/wp-content\/uploads\/2020\/07\/WhatsApp-Image-2020-07-14-at-14.08.26.jpeg?fit=1554%2C856&ssl=1","jetpack_shortlink":"https:\/\/wp.me\/peayLa-dRn","jetpack_likes_enabled":false,"jetpack_sharing_enabled":true,"_links":{"self":[{"href":"https:\/\/staging.asufin.com\/staging\/wp-json\/wp\/v2\/posts\/53281","targetHints":{"allow":["GET"]}}],"collection":[{"href":"https:\/\/staging.asufin.com\/staging\/wp-json\/wp\/v2\/posts"}],"about":[{"href":"https:\/\/staging.asufin.com\/staging\/wp-json\/wp\/v2\/types\/post"}],"author":[{"embeddable":true,"href":"https:\/\/staging.asufin.com\/staging\/wp-json\/wp\/v2\/users\/2"}],"replies":[{"embeddable":true,"href":"https:\/\/staging.asufin.com\/staging\/wp-json\/wp\/v2\/comments?post=53281"}],"version-history":[{"count":4,"href":"https:\/\/staging.asufin.com\/staging\/wp-json\/wp\/v2\/posts\/53281\/revisions"}],"predecessor-version":[{"id":102146,"href":"https:\/\/staging.asufin.com\/staging\/wp-json\/wp\/v2\/posts\/53281\/revisions\/102146"}],"wp:featuredmedia":[{"embeddable":true,"href":"https:\/\/staging.asufin.com\/staging\/wp-json\/wp\/v2\/media\/53294"}],"wp:attachment":[{"href":"https:\/\/staging.asufin.com\/staging\/wp-json\/wp\/v2\/media?parent=53281"}],"wp:term":[{"taxonomy":"category","embeddable":true,"href":"https:\/\/staging.asufin.com\/staging\/wp-json\/wp\/v2\/categories?post=53281"},{"taxonomy":"post_tag","embeddable":true,"href":"https:\/\/staging.asufin.com\/staging\/wp-json\/wp\/v2\/tags?post=53281"}],"curies":[{"name":"wp","href":"https:\/\/api.w.org\/{rel}","templated":true}]}}