{"id":53299,"date":"2020-07-15T11:19:20","date_gmt":"2020-07-15T09:19:20","guid":{"rendered":"https:\/\/www.asufin.com\/?p=53299"},"modified":"2022-02-16T19:39:06","modified_gmt":"2022-02-16T19:39:06","slug":"webinar-prestamos-al-consumo-vas-a-pedir-un-credito-para-las-vacaciones","status":"publish","type":"post","link":"https:\/\/staging.asufin.com\/staging\/webinar-prestamos-al-consumo-vas-a-pedir-un-credito-para-las-vacaciones\/","title":{"rendered":"WEBINAR PR\u00c9STAMOS AL CONSUMO: \u00bfVas a pedir un cr\u00e9dito para las vacaciones?"},"content":{"rendered":"\n<h3 class=\"wp-block-heading\">M\u00e1s del 80% de los asistentes al webinar sobre pr\u00e9stamos al consumo en tiempos de COVID-19 no van a pedir un pr\u00e9stamo<\/h3>\n\n\n\n<h3 class=\"wp-block-heading\">Patricia Su\u00e1rez ha explicado c\u00f3mo ha afectado el coronavirus a los cr\u00e9ditos al consumo<\/h3>\n\n\n\n<p>El <a href=\"https:\/\/panel.asufin.com\/\" target=\"_blank\" rel=\"noopener\"><strong>I Bar\u00f3metro de ASUFIN <\/strong><\/a>sobre pr\u00e9stamos al consumo ha mostrado la ca\u00edda que han sufrido los cr\u00e9ditos personales tras la pandemia por la <strong><a href=\"https:\/\/staging.asufin.com\/staging\/covid-19\/\" data-type=\"URL\" data-id=\"https:\/\/staging.asufin.com\/staging\/covid-19\/\">COVID-19<\/a><\/strong>. <strong>Patricia Su\u00e1rez<\/strong>, presidenta de la Asociaci\u00f3n de Usuarios Financieros, ha analizado este estudio y ha explicado las causas por las que las familias espa\u00f1olas han optado por <strong>no sobreendeudarse para las vacaciones <\/strong>de la temporada de verano.<\/p>\n\n\n\n<p>Durante el webinar de pr\u00e9stamos al consumo, que puedes <strong><a href=\"https:\/\/www.youtube.com\/watch?v=bROA8NLXJtc&amp;t=3s\" target=\"_blank\" rel=\"noreferrer noopener\">volver a ver aqu\u00ed<\/a><\/strong>, Patricia Su\u00e1rez ha lanzado una serie de preguntas a los asistentes para entender su comportamiento tras la crisis sanitaria por el coronavirus. El resultado sigue la l\u00ednea del bar\u00f3metro de ASUFIN, menos de un 20% de los asistentes pedir\u00e1 un cr\u00e9dito en los pr\u00f3ximos seis meses.<\/p>\n\n\n\n<figure class=\"wp-block-image size-large\"><img data-recalc-dims=\"1\" fetchpriority=\"high\" decoding=\"async\" width=\"800\" height=\"451\" data-attachment-id=\"53321\" data-permalink=\"https:\/\/staging.asufin.com\/staging\/webinar-prestamos-al-consumo-vas-a-pedir-un-credito-para-las-vacaciones\/_resultados_webinar_sobreendeudamiento_en_tiempos_de_covid_04_tienes_intencion_de_pedir_un_prestamos_en_los_proximos_6_meses_2\/\" data-orig-file=\"https:\/\/i0.wp.com\/staging.asufin.com\/staging\/wp-content\/uploads\/2020\/07\/RESULTADOS_WEBINAR_SOBREENDEUDAMIENTO_EN_TIEMPOS_DE_COVID_04_TIENES_INTENCION_DE_PEDIR_UN_PRESTAMOS_EN_LOS_PROXIMOS_6_MESES_2.jpg?fit=990%2C558&amp;ssl=1\" data-orig-size=\"990,558\" data-comments-opened=\"1\" data-image-meta=\"{&quot;aperture&quot;:&quot;0&quot;,&quot;credit&quot;:&quot;&quot;,&quot;camera&quot;:&quot;&quot;,&quot;caption&quot;:&quot;&quot;,&quot;created_timestamp&quot;:&quot;0&quot;,&quot;copyright&quot;:&quot;&quot;,&quot;focal_length&quot;:&quot;0&quot;,&quot;iso&quot;:&quot;0&quot;,&quot;shutter_speed&quot;:&quot;0&quot;,&quot;title&quot;:&quot;&quot;,&quot;orientation&quot;:&quot;0&quot;}\" data-image-title=\"RESULTADOS WEBINAR SOBREENDEUDAMIENTO EN TIEMPOS DE COVID\" data-image-description=\"&lt;p&gt;RESULTADOS WEBINAR SOBREENDEUDAMIENTO EN TIEMPOS DE COVID&lt;\/p&gt;\n\" data-image-caption=\"\" data-large-file=\"https:\/\/i0.wp.com\/staging.asufin.com\/staging\/wp-content\/uploads\/2020\/07\/RESULTADOS_WEBINAR_SOBREENDEUDAMIENTO_EN_TIEMPOS_DE_COVID_04_TIENES_INTENCION_DE_PEDIR_UN_PRESTAMOS_EN_LOS_PROXIMOS_6_MESES_2.jpg?fit=800%2C451&amp;ssl=1\" src=\"https:\/\/i0.wp.com\/asufin.com\/wp-content\/uploads\/2020\/07\/RESULTADOS_WEBINAR_SOBREENDEUDAMIENTO_EN_TIEMPOS_DE_COVID_04_TIENES_INTENCION_DE_PEDIR_UN_PRESTAMOS_EN_LOS_PROXIMOS_6_MESES_2.jpg?resize=800%2C451&#038;ssl=1\" alt=\"RESULTADOS WEBINAR SOBREENDEUDAMIENTO EN TIEMPOS DE COVID\" class=\"wp-image-53321\" title=\"\" srcset=\"https:\/\/i0.wp.com\/staging.asufin.com\/staging\/wp-content\/uploads\/2020\/07\/RESULTADOS_WEBINAR_SOBREENDEUDAMIENTO_EN_TIEMPOS_DE_COVID_04_TIENES_INTENCION_DE_PEDIR_UN_PRESTAMOS_EN_LOS_PROXIMOS_6_MESES_2.jpg?w=990&amp;ssl=1 990w, https:\/\/i0.wp.com\/staging.asufin.com\/staging\/wp-content\/uploads\/2020\/07\/RESULTADOS_WEBINAR_SOBREENDEUDAMIENTO_EN_TIEMPOS_DE_COVID_04_TIENES_INTENCION_DE_PEDIR_UN_PRESTAMOS_EN_LOS_PROXIMOS_6_MESES_2.jpg?resize=300%2C169&amp;ssl=1 300w, https:\/\/i0.wp.com\/staging.asufin.com\/staging\/wp-content\/uploads\/2020\/07\/RESULTADOS_WEBINAR_SOBREENDEUDAMIENTO_EN_TIEMPOS_DE_COVID_04_TIENES_INTENCION_DE_PEDIR_UN_PRESTAMOS_EN_LOS_PROXIMOS_6_MESES_2.jpg?resize=768%2C433&amp;ssl=1 768w\" sizes=\"(max-width: 800px) 100vw, 800px\" \/><\/figure>\n\n\n\n<p>Sin embargo, no parece que la COVID-19 haya sido un elemento condicionante en esta decisi\u00f3n. <strong>S\u00f3lo el 6% asegura que iba a pedir un pr\u00e9stamo y ha decidido no hacerlo<\/strong>, y otro 6% ha optado por lo contrario, pedir un cr\u00e9dito cuando antes no ten\u00eda intenci\u00f3n de solicitarlo.<\/p>\n\n\n\n<figure class=\"wp-block-image size-large\"><img data-recalc-dims=\"1\" decoding=\"async\" width=\"800\" height=\"451\" data-attachment-id=\"53322\" data-permalink=\"https:\/\/staging.asufin.com\/staging\/webinar-prestamos-al-consumo-vas-a-pedir-un-credito-para-las-vacaciones\/_resultados_webinar_sobreendeudamiento_en_tiempos_de_covid_03_has_cambiado_de_opinion_por_el_covid_2\/\" data-orig-file=\"https:\/\/i0.wp.com\/staging.asufin.com\/staging\/wp-content\/uploads\/2020\/07\/RESULTADOS_WEBINAR_SOBREENDEUDAMIENTO_EN_TIEMPOS_DE_COVID_03_HAS_CAMBIADO_DE_OPINION_POR_EL_COVID_2.jpg?fit=990%2C558&amp;ssl=1\" data-orig-size=\"990,558\" data-comments-opened=\"1\" data-image-meta=\"{&quot;aperture&quot;:&quot;0&quot;,&quot;credit&quot;:&quot;&quot;,&quot;camera&quot;:&quot;&quot;,&quot;caption&quot;:&quot;&quot;,&quot;created_timestamp&quot;:&quot;0&quot;,&quot;copyright&quot;:&quot;&quot;,&quot;focal_length&quot;:&quot;0&quot;,&quot;iso&quot;:&quot;0&quot;,&quot;shutter_speed&quot;:&quot;0&quot;,&quot;title&quot;:&quot;&quot;,&quot;orientation&quot;:&quot;0&quot;}\" data-image-title=\"RESULTADOS WEBINAR SOBREENDEUDAMIENTO EN TIEMPOS DE COVID\" data-image-description=\"&lt;p&gt;RESULTADOS WEBINAR SOBREENDEUDAMIENTO EN TIEMPOS DE COVID&lt;\/p&gt;\n\" data-image-caption=\"\" data-large-file=\"https:\/\/i0.wp.com\/staging.asufin.com\/staging\/wp-content\/uploads\/2020\/07\/RESULTADOS_WEBINAR_SOBREENDEUDAMIENTO_EN_TIEMPOS_DE_COVID_03_HAS_CAMBIADO_DE_OPINION_POR_EL_COVID_2.jpg?fit=800%2C451&amp;ssl=1\" src=\"https:\/\/i0.wp.com\/asufin.com\/wp-content\/uploads\/2020\/07\/RESULTADOS_WEBINAR_SOBREENDEUDAMIENTO_EN_TIEMPOS_DE_COVID_03_HAS_CAMBIADO_DE_OPINION_POR_EL_COVID_2.jpg?resize=800%2C451&#038;ssl=1\" alt=\"RESULTADOS WEBINAR SOBREENDEUDAMIENTO EN TIEMPOS DE COVID\" class=\"wp-image-53322\" title=\"\" srcset=\"https:\/\/i0.wp.com\/staging.asufin.com\/staging\/wp-content\/uploads\/2020\/07\/RESULTADOS_WEBINAR_SOBREENDEUDAMIENTO_EN_TIEMPOS_DE_COVID_03_HAS_CAMBIADO_DE_OPINION_POR_EL_COVID_2.jpg?w=990&amp;ssl=1 990w, https:\/\/i0.wp.com\/staging.asufin.com\/staging\/wp-content\/uploads\/2020\/07\/RESULTADOS_WEBINAR_SOBREENDEUDAMIENTO_EN_TIEMPOS_DE_COVID_03_HAS_CAMBIADO_DE_OPINION_POR_EL_COVID_2.jpg?resize=300%2C169&amp;ssl=1 300w, https:\/\/i0.wp.com\/staging.asufin.com\/staging\/wp-content\/uploads\/2020\/07\/RESULTADOS_WEBINAR_SOBREENDEUDAMIENTO_EN_TIEMPOS_DE_COVID_03_HAS_CAMBIADO_DE_OPINION_POR_EL_COVID_2.jpg?resize=768%2C433&amp;ssl=1 768w\" sizes=\"(max-width: 800px) 100vw, 800px\" \/><\/figure>\n\n\n\n<h3 class=\"wp-block-heading\">Si pidieras un pr\u00e9stamo ahora&#8230; \u00bfPara qu\u00e9 ser\u00eda?<\/h3>\n\n\n\n<p>El <a href=\"https:\/\/staging.asufin.com\/staging\/reclama\/tarjetas\/\">destino de los pr\u00e9stamos es variado<\/a>, aunque <strong>sobresalen la compra de veh\u00edculos (29%) y la necesidad de refinanciar o pagar deudas (23%).<\/strong> Un 18% de los asistentes al webinar utilizar\u00e1n el cr\u00e9dito para obras o reformas en su vivienda, mientras que el 12% usar\u00e1 el dinero para pagar estudios.<\/p>\n\n\n\n<figure class=\"wp-block-image size-large\"><img data-recalc-dims=\"1\" decoding=\"async\" width=\"800\" height=\"451\" data-attachment-id=\"53319\" data-permalink=\"https:\/\/staging.asufin.com\/staging\/webinar-prestamos-al-consumo-vas-a-pedir-un-credito-para-las-vacaciones\/_resultados_webinar_sobreendeudamiento_en_tiempos_de_covid_05_si_pidieras_un_prestamos_para_que_seria\/\" data-orig-file=\"https:\/\/i0.wp.com\/staging.asufin.com\/staging\/wp-content\/uploads\/2020\/07\/RESULTADOS_WEBINAR_SOBREENDEUDAMIENTO_EN_TIEMPOS_DE_COVID_05_SI_PIDIERAS_UN_PRESTAMOS_PARA_QUE_SERIA.jpg?fit=990%2C558&amp;ssl=1\" data-orig-size=\"990,558\" data-comments-opened=\"1\" data-image-meta=\"{&quot;aperture&quot;:&quot;0&quot;,&quot;credit&quot;:&quot;&quot;,&quot;camera&quot;:&quot;&quot;,&quot;caption&quot;:&quot;&quot;,&quot;created_timestamp&quot;:&quot;0&quot;,&quot;copyright&quot;:&quot;&quot;,&quot;focal_length&quot;:&quot;0&quot;,&quot;iso&quot;:&quot;0&quot;,&quot;shutter_speed&quot;:&quot;0&quot;,&quot;title&quot;:&quot;&quot;,&quot;orientation&quot;:&quot;0&quot;}\" data-image-title=\"RESULTADOS WEBINAR SOBREENDEUDAMIENTO EN TIEMPOS DE COVID\" data-image-description=\"&lt;p&gt;RESULTADOS WEBINAR SOBREENDEUDAMIENTO EN TIEMPOS DE COVID&lt;\/p&gt;\n\" data-image-caption=\"\" data-large-file=\"https:\/\/i0.wp.com\/staging.asufin.com\/staging\/wp-content\/uploads\/2020\/07\/RESULTADOS_WEBINAR_SOBREENDEUDAMIENTO_EN_TIEMPOS_DE_COVID_05_SI_PIDIERAS_UN_PRESTAMOS_PARA_QUE_SERIA.jpg?fit=800%2C451&amp;ssl=1\" src=\"https:\/\/i0.wp.com\/asufin.com\/wp-content\/uploads\/2020\/07\/RESULTADOS_WEBINAR_SOBREENDEUDAMIENTO_EN_TIEMPOS_DE_COVID_05_SI_PIDIERAS_UN_PRESTAMOS_PARA_QUE_SERIA.jpg?resize=800%2C451&#038;ssl=1\" alt=\"RESULTADOS WEBINAR SOBREENDEUDAMIENTO EN TIEMPOS DE COVID\" class=\"wp-image-53319\" title=\"\" srcset=\"https:\/\/i0.wp.com\/staging.asufin.com\/staging\/wp-content\/uploads\/2020\/07\/RESULTADOS_WEBINAR_SOBREENDEUDAMIENTO_EN_TIEMPOS_DE_COVID_05_SI_PIDIERAS_UN_PRESTAMOS_PARA_QUE_SERIA.jpg?w=990&amp;ssl=1 990w, https:\/\/i0.wp.com\/staging.asufin.com\/staging\/wp-content\/uploads\/2020\/07\/RESULTADOS_WEBINAR_SOBREENDEUDAMIENTO_EN_TIEMPOS_DE_COVID_05_SI_PIDIERAS_UN_PRESTAMOS_PARA_QUE_SERIA.jpg?resize=300%2C169&amp;ssl=1 300w, https:\/\/i0.wp.com\/staging.asufin.com\/staging\/wp-content\/uploads\/2020\/07\/RESULTADOS_WEBINAR_SOBREENDEUDAMIENTO_EN_TIEMPOS_DE_COVID_05_SI_PIDIERAS_UN_PRESTAMOS_PARA_QUE_SERIA.jpg?resize=768%2C433&amp;ssl=1 768w\" sizes=\"(max-width: 800px) 100vw, 800px\" \/><\/figure>\n\n\n\n<p>Sobre a d\u00f3nde acudir\u00edan para solicitar un pr\u00e9stamo, <strong>m\u00e1s del 60% de los asistentes al webinar tienen claro que se decantar\u00edan por su entidad financiera<\/strong>, mientras que un 17% consultar\u00eda comparadores de cr\u00e9ditos por Internet.<\/p>\n\n\n\n<figure class=\"wp-block-image size-large\"><img data-recalc-dims=\"1\" loading=\"lazy\" decoding=\"async\" width=\"800\" height=\"450\" data-attachment-id=\"53316\" data-permalink=\"https:\/\/staging.asufin.com\/staging\/webinar-prestamos-al-consumo-vas-a-pedir-un-credito-para-las-vacaciones\/_resultados_webinar_sobreendeudamiento_en_tiempos_de_covid_02_a_donde_acuidirias_para_pedir_un_prestamo\/\" data-orig-file=\"https:\/\/i0.wp.com\/staging.asufin.com\/staging\/wp-content\/uploads\/2020\/07\/RESULTADOS_WEBINAR_SOBREENDEUDAMIENTO_EN_TIEMPOS_DE_COVID_02_A_DONDE_ACUIDIRIAS_PARA_PEDIR_UN_PRESTAMO.jpg?fit=990%2C557&amp;ssl=1\" data-orig-size=\"990,557\" data-comments-opened=\"1\" data-image-meta=\"{&quot;aperture&quot;:&quot;0&quot;,&quot;credit&quot;:&quot;&quot;,&quot;camera&quot;:&quot;&quot;,&quot;caption&quot;:&quot;&quot;,&quot;created_timestamp&quot;:&quot;0&quot;,&quot;copyright&quot;:&quot;&quot;,&quot;focal_length&quot;:&quot;0&quot;,&quot;iso&quot;:&quot;0&quot;,&quot;shutter_speed&quot;:&quot;0&quot;,&quot;title&quot;:&quot;&quot;,&quot;orientation&quot;:&quot;0&quot;}\" data-image-title=\"RESULTADOS WEBINAR SOBREENDEUDAMIENTO EN TIEMPOS DE COVID\" data-image-description=\"&lt;p&gt;RESULTADOS WEBINAR SOBREENDEUDAMIENTO EN TIEMPOS DE COVID&lt;\/p&gt;\n\" data-image-caption=\"\" data-large-file=\"https:\/\/i0.wp.com\/staging.asufin.com\/staging\/wp-content\/uploads\/2020\/07\/RESULTADOS_WEBINAR_SOBREENDEUDAMIENTO_EN_TIEMPOS_DE_COVID_02_A_DONDE_ACUIDIRIAS_PARA_PEDIR_UN_PRESTAMO.jpg?fit=800%2C450&amp;ssl=1\" src=\"https:\/\/i0.wp.com\/asufin.com\/wp-content\/uploads\/2020\/07\/RESULTADOS_WEBINAR_SOBREENDEUDAMIENTO_EN_TIEMPOS_DE_COVID_02_A_DONDE_ACUIDIRIAS_PARA_PEDIR_UN_PRESTAMO.jpg?resize=800%2C450&#038;ssl=1\" alt=\"RESULTADOS WEBINAR SOBREENDEUDAMIENTO EN TIEMPOS DE COVID\" class=\"wp-image-53316\" title=\"\" srcset=\"https:\/\/i0.wp.com\/staging.asufin.com\/staging\/wp-content\/uploads\/2020\/07\/RESULTADOS_WEBINAR_SOBREENDEUDAMIENTO_EN_TIEMPOS_DE_COVID_02_A_DONDE_ACUIDIRIAS_PARA_PEDIR_UN_PRESTAMO.jpg?w=990&amp;ssl=1 990w, https:\/\/i0.wp.com\/staging.asufin.com\/staging\/wp-content\/uploads\/2020\/07\/RESULTADOS_WEBINAR_SOBREENDEUDAMIENTO_EN_TIEMPOS_DE_COVID_02_A_DONDE_ACUIDIRIAS_PARA_PEDIR_UN_PRESTAMO.jpg?resize=300%2C169&amp;ssl=1 300w, https:\/\/i0.wp.com\/staging.asufin.com\/staging\/wp-content\/uploads\/2020\/07\/RESULTADOS_WEBINAR_SOBREENDEUDAMIENTO_EN_TIEMPOS_DE_COVID_02_A_DONDE_ACUIDIRIAS_PARA_PEDIR_UN_PRESTAMO.jpg?resize=768%2C432&amp;ssl=1 768w\" sizes=\"(max-width: 800px) 100vw, 800px\" \/><\/figure>\n\n\n\n<p>&nbsp;<\/p>\n\n\n\n<p class=\"has-text-align-center has-very-light-gray-background-color has-background\"><strong>\u00bfHas pedido un cr\u00e9dito? \u00bfNo puedes pagarlo? Puedes escribirnos a <a href=\"mailto: info@asufin.com\">info@asufin.com <\/a>y te asesoraremos<\/strong><\/p>\n\n\n\n<h4 class=\"has-text-align-center wp-block-heading\">Vuelve a ver el WEBINAR sobre PR\u00c9STAMOS AL CONSUMO EN TIEMPOS DE COVID-19<\/h4>\n\n\n\n<figure class=\"wp-block-image size-large\"><a href=\"https:\/\/www.youtube.com\/watch?v=bROA8NLXJtc&amp;t=8s\" target=\"_blank\" rel=\"noopener\"><img data-recalc-dims=\"1\" loading=\"lazy\" decoding=\"async\" width=\"800\" height=\"430\" data-attachment-id=\"53309\" data-permalink=\"https:\/\/staging.asufin.com\/staging\/webinar-prestamos-al-consumo-vas-a-pedir-un-credito-para-las-vacaciones\/whatsapp-image-2020-07-15-at-10-18-39\/\" data-orig-file=\"https:\/\/i0.wp.com\/staging.asufin.com\/staging\/wp-content\/uploads\/2020\/07\/WhatsApp-Image-2020-07-15-at-10.18.39.jpeg?fit=1101%2C591&amp;ssl=1\" data-orig-size=\"1101,591\" data-comments-opened=\"1\" data-image-meta=\"{&quot;aperture&quot;:&quot;0&quot;,&quot;credit&quot;:&quot;&quot;,&quot;camera&quot;:&quot;&quot;,&quot;caption&quot;:&quot;&quot;,&quot;created_timestamp&quot;:&quot;0&quot;,&quot;copyright&quot;:&quot;&quot;,&quot;focal_length&quot;:&quot;0&quot;,&quot;iso&quot;:&quot;0&quot;,&quot;shutter_speed&quot;:&quot;0&quot;,&quot;title&quot;:&quot;&quot;,&quot;orientation&quot;:&quot;0&quot;}\" data-image-title=\"Patricia Su\u00e1rez durante el webinar de pr\u00e9stamos al consumo en tiempos de COVID-19\" data-image-description=\"&lt;p&gt;Patricia Su\u00e1rez durante el webinar de pr\u00e9stamos al consumo en tiempos de COVID-19&lt;\/p&gt;\n\" data-image-caption=\"\" data-large-file=\"https:\/\/i0.wp.com\/staging.asufin.com\/staging\/wp-content\/uploads\/2020\/07\/WhatsApp-Image-2020-07-15-at-10.18.39.jpeg?fit=800%2C430&amp;ssl=1\" src=\"https:\/\/i0.wp.com\/asufin.com\/wp-content\/uploads\/2020\/07\/WhatsApp-Image-2020-07-15-at-10.18.39-1024x550.jpeg?resize=800%2C430&#038;ssl=1\" alt=\"Patricia Su\u00e1rez durante el webinar de pr\u00e9stamos al consumo en tiempos de COVID-19\" class=\"wp-image-53309\" title=\"\" srcset=\"https:\/\/i0.wp.com\/staging.asufin.com\/staging\/wp-content\/uploads\/2020\/07\/WhatsApp-Image-2020-07-15-at-10.18.39.jpeg?resize=1024%2C550&amp;ssl=1 1024w, https:\/\/i0.wp.com\/staging.asufin.com\/staging\/wp-content\/uploads\/2020\/07\/WhatsApp-Image-2020-07-15-at-10.18.39.jpeg?resize=300%2C161&amp;ssl=1 300w, https:\/\/i0.wp.com\/staging.asufin.com\/staging\/wp-content\/uploads\/2020\/07\/WhatsApp-Image-2020-07-15-at-10.18.39.jpeg?resize=768%2C412&amp;ssl=1 768w, https:\/\/i0.wp.com\/staging.asufin.com\/staging\/wp-content\/uploads\/2020\/07\/WhatsApp-Image-2020-07-15-at-10.18.39.jpeg?w=1101&amp;ssl=1 1101w\" sizes=\"(max-width: 800px) 100vw, 800px\" \/><\/a><\/figure>\n","protected":false},"excerpt":{"rendered":"<p>M\u00e1s del 80% de los asistentes al webinar sobre pr\u00e9stamos al consumo en tiempos de COVID-19 no van a pedir un pr\u00e9stamo<\/p>\n","protected":false},"author":2,"featured_media":53301,"comment_status":"open","ping_status":"closed","sticky":false,"template":"","format":"standard","meta":{"_acf_changed":false,"_jetpack_newsletter_access":"","_jetpack_dont_email_post_to_subs":false,"_jetpack_newsletter_tier_id":0,"_jetpack_memberships_contains_paywalled_content":false,"_jetpack_memberships_contains_paid_content":false,"footnotes":""},"categories":[43,3386,3396,2646],"tags":[],"class_list":["post-53299","post","type-post","status-publish","format-standard","has-post-thumbnail","hentry","category-asufin-destacado","category-asufin-estudios","category-covid-19","category-tarjetas-credito-prestamo"],"acf":[],"jetpack_featured_media_url":"https:\/\/i0.wp.com\/staging.asufin.com\/staging\/wp-content\/uploads\/2020\/07\/financing-4521118_1920.jpg?fit=1920%2C1441&ssl=1","jetpack_shortlink":"https:\/\/wp.me\/peayLa-dRF","jetpack_likes_enabled":false,"jetpack_sharing_enabled":true,"_links":{"self":[{"href":"https:\/\/staging.asufin.com\/staging\/wp-json\/wp\/v2\/posts\/53299","targetHints":{"allow":["GET"]}}],"collection":[{"href":"https:\/\/staging.asufin.com\/staging\/wp-json\/wp\/v2\/posts"}],"about":[{"href":"https:\/\/staging.asufin.com\/staging\/wp-json\/wp\/v2\/types\/post"}],"author":[{"embeddable":true,"href":"https:\/\/staging.asufin.com\/staging\/wp-json\/wp\/v2\/users\/2"}],"replies":[{"embeddable":true,"href":"https:\/\/staging.asufin.com\/staging\/wp-json\/wp\/v2\/comments?post=53299"}],"version-history":[{"count":10,"href":"https:\/\/staging.asufin.com\/staging\/wp-json\/wp\/v2\/posts\/53299\/revisions"}],"predecessor-version":[{"id":85638,"href":"https:\/\/staging.asufin.com\/staging\/wp-json\/wp\/v2\/posts\/53299\/revisions\/85638"}],"wp:featuredmedia":[{"embeddable":true,"href":"https:\/\/staging.asufin.com\/staging\/wp-json\/wp\/v2\/media\/53301"}],"wp:attachment":[{"href":"https:\/\/staging.asufin.com\/staging\/wp-json\/wp\/v2\/media?parent=53299"}],"wp:term":[{"taxonomy":"category","embeddable":true,"href":"https:\/\/staging.asufin.com\/staging\/wp-json\/wp\/v2\/categories?post=53299"},{"taxonomy":"post_tag","embeddable":true,"href":"https:\/\/staging.asufin.com\/staging\/wp-json\/wp\/v2\/tags?post=53299"}],"curies":[{"name":"wp","href":"https:\/\/api.w.org\/{rel}","templated":true}]}}