{"id":53660,"date":"2020-07-30T12:57:03","date_gmt":"2020-07-30T10:57:03","guid":{"rendered":"https:\/\/www.asufin.com\/?p=53660"},"modified":"2022-07-28T10:50:36","modified_gmt":"2022-07-28T10:50:36","slug":"covid-19-asi-es-la-nueva-linea-de-avales-ico","status":"publish","type":"post","link":"https:\/\/staging.asufin.com\/staging\/covid-19-asi-es-la-nueva-linea-de-avales-ico\/","title":{"rendered":"COVID-19: As\u00ed es la nueva l\u00ednea de avales ICO"},"content":{"rendered":"\n<h3 class=\"wp-block-heading\">El primer tramo de esta l\u00ednea de avales est\u00e1 dotado con 8.000 millones de euros<\/h3>\n\n\n\n<p>Se han publicado en el <strong>BOE los t\u00e9rminos y condiciones del primer tramo de la l\u00ednea de avales ICO <\/strong>concedidos a empresas y aut\u00f3nomos para financiar inversiones, facilitar el mantenimiento del empleo y paliar los efectos econ\u00f3micos de la crisis sanitaria por la COVID-19. <\/p>\n\n\n\n<h3 class=\"wp-block-heading\">\u00bfQu\u00e9 dotaci\u00f3n tiene esta l\u00ednea de avales?<\/h3>\n\n\n\n<p>El Real Decreto-ley 25\/2020, de 3 de julio, de medidas urgentes para apoyar la reactivaci\u00f3n econ\u00f3mica y el empleo, se\u00f1ala que <strong>esta l\u00ednea de avales est\u00e1 dotada con 40.000 millones de euros. <\/strong><\/p>\n\n\n\n<h3 class=\"wp-block-heading\">\u00bfQu\u00e9 caracter\u00edsticas tiene el primer tramo de esta l\u00ednea de avales?<\/h3>\n\n\n\n<p>Este primer tramo est\u00e1 dotado con <strong>8.000 millones repartidos de esta manera: 5.000 millones destinados a aut\u00f3nomos y pymes y 3.000 millones para el resto de empresas<\/strong>. Estas ayudas se podr\u00e1n solicitar hasta el 1 de diciembre de 2020 y los beneficiarios estar\u00e1n obligados a usar esta financiaci\u00f3n para:<\/p>\n\n\n\n<ul class=\"wp-block-list\"><li>Inversi\u00f3n nueva dentro de territorio nacional que tendr\u00e1 que realizarse en los <strong>24 meses siguientes<\/strong> a la formalizaci\u00f3n del pr\u00e9stamo<\/li><li>Gasto corriente y de capital asociado o destinado a la adquisici\u00f3n, alquiler o leasing para la <strong>ampliaci\u00f3n, adaptaci\u00f3n o renovaci\u00f3n de capacidades productivas y de servicios<\/strong> o para el reinicio de la actividad.<\/li><li>Estar\u00e1n incluidos la creaci\u00f3n y mantenimiento de empleo, equipos, o instalaciones, suministros de materiales y bienes y servicios relacionados y gastos en I+D+i, entre otros.<\/li><li>Las necesidades de financiaci\u00f3n que se deriven de <strong>pagos de salarios, facturas o vencimientos<\/strong> de obligaciones financieras o tributarias. <\/li><\/ul>\n\n\n\n<p>Se tramitar\u00e1n a trav\u00e9s del <strong>Instituto de Cr\u00e9dito Oficial (ICO)<\/strong> y se mantendr\u00e1 el modelo de colaboraci\u00f3n p\u00fablico-privada con las entidades financieras. Las empresas que soliciten esta financiaci\u00f3n no podr\u00e1n tener su sede en para\u00edsos fiscales y los recursos no podr\u00e1n emplearse para el pago de dividendos. <\/p>\n\n\n\n<p class=\"has-text-align-center has-very-light-gray-background-color has-background\"><strong><a aria-label=\"undefined (abre en una nueva pesta\u00f1a)\" href=\"https:\/\/www.boe.es\/boe\/dias\/2020\/07\/29\/pdfs\/BOE-A-2020-8686.pdf\" target=\"_blank\" rel=\"noreferrer noopener\">CONSULTA EN EL BOE LOS REQUISITOS PARA ACCEDER A ESTA L\u00cdNEA DE AVALES ICO<\/a><\/strong><\/p>\n\n\n\n<p>El aval garantizar\u00e1 el <strong>80% de las nuevas operaciones de aut\u00f3nomos y pymes y el 70% de los pr\u00e9stamos solicitados por el resto de empresas.<\/strong> Se ampl\u00eda hasta ocho a\u00f1os (frente a los cinco de la l\u00ednea de liquidez) el plazo m\u00e1ximo de cobertura del aval, para ajustarlo al mayor plazo de amortizaci\u00f3n que requieren las inversiones. <\/p>\n\n\n\n<h3 class=\"wp-block-heading\"><strong>Derechos y obligaciones de las entidades financieras<\/strong><\/h3>\n\n\n\n<ul class=\"wp-block-list\"><li>La entidad financiera decidir\u00e1 sobre la concesi\u00f3n de la correspondiente financiaci\u00f3n al cliente de acuerdo con sus <strong>procedimientos internos y pol\u00edticas de concesi\u00f3n y riesgos<\/strong>.<\/li><li>Las entidades financieras aplicar\u00e1n los <strong>mejores usos y pr\u00e1cticas bancarias en beneficio de los clientes <\/strong>y no podr\u00e1n comercializar otros productos con ocasi\u00f3n de la concesi\u00f3n de pr\u00e9stamos cubiertos por este aval p\u00fablico ni condicionar su concesi\u00f3n a la contrataci\u00f3n por parte del cliente de cualesquiera otros productos de la entidad.<\/li><li>Los costes de los nuevos pr\u00e9stamos que se beneficien de estos avales se mantendr\u00e1n en l\u00ednea con los costes cargados antes del <strong>inicio de la crisis de la COVID-19<\/strong>, teniendo en cuenta la garant\u00eda p\u00fablica del aval y coste de cobertura y por lo tanto, en general, deber\u00e1n ser inferiores a los costes de los pr\u00e9stamos y otras operaciones para la misma tipolog\u00eda de cliente que no cuenten con el aval. El cumplimiento de esta condici\u00f3n ser\u00e1 supervisado por el ICO.<\/li><li>Las entidades <strong>no podr\u00e1n cargar ning\u00fan coste financiero o gasto sobre los importes no dispuestos por el cliente<\/strong>.<\/li><li>Los bancos se comprometen a mantener <strong>al menos hasta 30 de diciembre de 2020<\/strong> los l\u00edmites de las l\u00edneas de circulante concedidas a todos los clientes y en particular, a aquellos clientes cuyos pr\u00e9stamos resulten avalados.<\/li><li>Tambi\u00e9n se\u00f1alar\u00e1n en sus sistemas de contabilidad y de gesti\u00f3n del riesgo estas operaciones, con el fin de <strong>facilitar su trazabilidad<\/strong>. Posteriormente, incorporar\u00e1n esta se\u00f1alizaci\u00f3n en su declaraci\u00f3n a la Central de Informaci\u00f3n de Riesgos, siguiendo a tal efecto las instrucciones del Banco de Espa\u00f1a.<\/li><\/ul>\n\n\n\n<p class=\"has-text-align-center has-very-light-gray-background-color has-background\"><strong><a href=\"https:\/\/staging.asufin.com\/staging\/covid-19-40-000-millones-para-financiar-la-economia-digital-y-las-finanzas-verdes\/\" target=\"_blank\" rel=\"noreferrer noopener\">Consulta toda la informaci\u00f3n relativa a la COVID-19<\/a><\/strong><\/p>\n\n\n\n<p><\/p>\n\n\n\n<p><\/p>\n","protected":false},"excerpt":{"rendered":"<p>El primer tramo de esta l\u00ednea de avales est\u00e1 dotado con 8.000 millones de euros<\/p>\n","protected":false},"author":2,"featured_media":53735,"comment_status":"open","ping_status":"closed","sticky":false,"template":"","format":"standard","meta":{"_acf_changed":false,"_jetpack_newsletter_access":"","_jetpack_dont_email_post_to_subs":false,"_jetpack_newsletter_tier_id":0,"_jetpack_memberships_contains_paywalled_content":false,"_jetpack_memberships_contains_paid_content":false,"footnotes":""},"categories":[3436,3396],"tags":[],"class_list":["post-53660","post","type-post","status-publish","format-standard","has-post-thumbnail","hentry","category-asufin-cast","category-covid-19"],"acf":[],"jetpack_featured_media_url":"https:\/\/i0.wp.com\/staging.asufin.com\/staging\/wp-content\/uploads\/2020\/07\/euro-1159935_1920.jpg?fit=1920%2C1440&ssl=1","jetpack_shortlink":"https:\/\/wp.me\/peayLa-dXu","jetpack_likes_enabled":false,"jetpack_sharing_enabled":true,"_links":{"self":[{"href":"https:\/\/staging.asufin.com\/staging\/wp-json\/wp\/v2\/posts\/53660","targetHints":{"allow":["GET"]}}],"collection":[{"href":"https:\/\/staging.asufin.com\/staging\/wp-json\/wp\/v2\/posts"}],"about":[{"href":"https:\/\/staging.asufin.com\/staging\/wp-json\/wp\/v2\/types\/post"}],"author":[{"embeddable":true,"href":"https:\/\/staging.asufin.com\/staging\/wp-json\/wp\/v2\/users\/2"}],"replies":[{"embeddable":true,"href":"https:\/\/staging.asufin.com\/staging\/wp-json\/wp\/v2\/comments?post=53660"}],"version-history":[{"count":7,"href":"https:\/\/staging.asufin.com\/staging\/wp-json\/wp\/v2\/posts\/53660\/revisions"}],"predecessor-version":[{"id":109317,"href":"https:\/\/staging.asufin.com\/staging\/wp-json\/wp\/v2\/posts\/53660\/revisions\/109317"}],"wp:featuredmedia":[{"embeddable":true,"href":"https:\/\/staging.asufin.com\/staging\/wp-json\/wp\/v2\/media\/53735"}],"wp:attachment":[{"href":"https:\/\/staging.asufin.com\/staging\/wp-json\/wp\/v2\/media?parent=53660"}],"wp:term":[{"taxonomy":"category","embeddable":true,"href":"https:\/\/staging.asufin.com\/staging\/wp-json\/wp\/v2\/categories?post=53660"},{"taxonomy":"post_tag","embeddable":true,"href":"https:\/\/staging.asufin.com\/staging\/wp-json\/wp\/v2\/tags?post=53660"}],"curies":[{"name":"wp","href":"https:\/\/api.w.org\/{rel}","templated":true}]}}