{"id":53703,"date":"2020-07-30T10:49:12","date_gmt":"2020-07-30T08:49:12","guid":{"rendered":"https:\/\/www.asufin.com\/?p=53703"},"modified":"2020-07-30T10:49:14","modified_gmt":"2020-07-30T08:49:14","slug":"asufin-en-los-medios-confiamos-en-que-el-supremo-cambie-de-doctrina-sobre-los-gastos","status":"publish","type":"post","link":"https:\/\/staging.asufin.com\/staging\/asufin-en-los-medios-confiamos-en-que-el-supremo-cambie-de-doctrina-sobre-los-gastos\/","title":{"rendered":"ASUFIN en los medios: Confiamos en que el Supremo cambie de doctrina sobre los gastos"},"content":{"rendered":"\n<h3 class=\"wp-block-heading\"><em>Cinco D\u00edas,<\/em> <em>Eldiario.es <\/em>y <em>Expansi\u00f3n<\/em>, entre otros, se hacen eco de la opini\u00f3n de la Asociaci\u00f3n de Usuarios Financieros<\/h3>\n\n\n\n<p>Medios como <em>Cinco D\u00edas, Expansi\u00f3n o Europa Press<\/em> se han hecho eco de la <strong>reacci\u00f3n de ASUFIN a la doctrina manifestada por el Supremo<\/strong> en materia de gastos hipotecarios. El Alto Tribunal ha reafirmado su postura sobre el reparto de gastos notariales, registrales y el Impuesto de Actos Jur\u00eddicos Documentados (IAJD).<\/p>\n\n\n\n<p>Desde la Asociaci\u00f3n de Usuarios Financieros seguimos a la espera de que el Supremo se\u00f1ale su postura respecto al resto de gastos, es decir, <strong><a aria-label=\"undefined (abre en una nueva pesta\u00f1a)\" href=\"https:\/\/asufin.com\/reclama\/gastos-hipoteca\/\" target=\"_blank\" rel=\"noreferrer noopener\">gastos de gestor\u00eda, tasaci\u00f3n y cancelaci\u00f3n<\/a><\/strong>. Tambi\u00e9n esperamos que el Alto Tribunal se pronuncie en breve sobre la\u00a0<strong>comisi\u00f3n de apertura<\/strong>,\u00a0que es uno de los aspectos econ\u00f3micamente m\u00e1s relevantes y que el Alto Tribunal europeo en su sentencia instaba al control de transparencia.<\/p>\n\n\n\n<h3 class=\"wp-block-heading\">CINCO D\u00cdAS: El Supremo ve &#8220;refrendado&#8221; su reparto salom\u00f3nico de gastos hipotecarios en el fallo del TJUE<\/h3>\n\n\n\n<figure class=\"wp-block-image size-large\"><img data-recalc-dims=\"1\" fetchpriority=\"high\" decoding=\"async\" width=\"668\" height=\"762\" data-attachment-id=\"53712\" data-permalink=\"https:\/\/staging.asufin.com\/staging\/asufin-en-los-medios-confiamos-en-que-el-supremo-cambie-de-doctrina-sobre-los-gastos\/captura-de-pantalla-2020-07-30-a-las-10-10-52\/\" data-orig-file=\"https:\/\/i0.wp.com\/staging.asufin.com\/staging\/wp-content\/uploads\/2020\/07\/Captura-de-pantalla-2020-07-30-a-las-10.10.52.png?fit=668%2C762&amp;ssl=1\" data-orig-size=\"668,762\" data-comments-opened=\"1\" data-image-meta=\"{&quot;aperture&quot;:&quot;0&quot;,&quot;credit&quot;:&quot;&quot;,&quot;camera&quot;:&quot;&quot;,&quot;caption&quot;:&quot;&quot;,&quot;created_timestamp&quot;:&quot;0&quot;,&quot;copyright&quot;:&quot;&quot;,&quot;focal_length&quot;:&quot;0&quot;,&quot;iso&quot;:&quot;0&quot;,&quot;shutter_speed&quot;:&quot;0&quot;,&quot;title&quot;:&quot;&quot;,&quot;orientation&quot;:&quot;0&quot;}\" data-image-title=\"Supremo- Cinco D\u00edas\" data-image-description=\"&lt;p&gt;Supremo- Cinco D\u00edas&lt;\/p&gt;\n\" data-image-caption=\"\" data-large-file=\"https:\/\/i0.wp.com\/staging.asufin.com\/staging\/wp-content\/uploads\/2020\/07\/Captura-de-pantalla-2020-07-30-a-las-10.10.52.png?fit=668%2C762&amp;ssl=1\" src=\"https:\/\/i0.wp.com\/asufin.com\/wp-content\/uploads\/2020\/07\/Captura-de-pantalla-2020-07-30-a-las-10.10.52.png?resize=668%2C762&#038;ssl=1\" alt=\"Supremo- Cinco D\u00edas\" class=\"wp-image-53712\" title=\"\" srcset=\"https:\/\/i0.wp.com\/staging.asufin.com\/staging\/wp-content\/uploads\/2020\/07\/Captura-de-pantalla-2020-07-30-a-las-10.10.52.png?w=668&amp;ssl=1 668w, https:\/\/i0.wp.com\/staging.asufin.com\/staging\/wp-content\/uploads\/2020\/07\/Captura-de-pantalla-2020-07-30-a-las-10.10.52.png?resize=263%2C300&amp;ssl=1 263w\" sizes=\"(max-width: 668px) 100vw, 668px\" \/><\/figure>\n\n\n\n<p class=\"has-background has-text-align-center has-very-light-gray-background-color\"><strong><a href=\"https:\/\/asufin.com\/los-consumidores-esperamos-que-el-supremo-decida-sobre-el-resto-de-gastos\/\" target=\"_blank\" aria-label=\"undefined (abre en una nueva pesta\u00f1a)\" rel=\"noreferrer noopener\">Los consumidores esperamos que el Supremo decida sobre el resto de gastos<\/a><\/strong><\/p>\n\n\n\n<h3 class=\"wp-block-heading\">EUROPA PRESS: Asufin conf\u00eda en que el Supremo cambie de doctrina respecto al resto de gastos<\/h3>\n\n\n\n<figure class=\"wp-block-image size-large\"><a href=\"https:\/\/www.europapress.es\/economia\/finanzas-00340\/noticia-asufin-confia-supremo-cambie-doctrina-respecto-resto-gastos-20200729135628.html\" target=\"_blank\" rel=\"noopener\"><img data-recalc-dims=\"1\" decoding=\"async\" width=\"800\" height=\"149\" data-attachment-id=\"53705\" data-permalink=\"https:\/\/staging.asufin.com\/staging\/asufin-en-los-medios-confiamos-en-que-el-supremo-cambie-de-doctrina-sobre-los-gastos\/captura-de-pantalla-2020-07-30-a-las-9-56-47\/\" data-orig-file=\"https:\/\/i0.wp.com\/staging.asufin.com\/staging\/wp-content\/uploads\/2020\/07\/Captura-de-pantalla-2020-07-30-a-las-9.56.47.png?fit=1056%2C197&amp;ssl=1\" data-orig-size=\"1056,197\" data-comments-opened=\"1\" data-image-meta=\"{&quot;aperture&quot;:&quot;0&quot;,&quot;credit&quot;:&quot;&quot;,&quot;camera&quot;:&quot;&quot;,&quot;caption&quot;:&quot;&quot;,&quot;created_timestamp&quot;:&quot;0&quot;,&quot;copyright&quot;:&quot;&quot;,&quot;focal_length&quot;:&quot;0&quot;,&quot;iso&quot;:&quot;0&quot;,&quot;shutter_speed&quot;:&quot;0&quot;,&quot;title&quot;:&quot;&quot;,&quot;orientation&quot;:&quot;0&quot;}\" data-image-title=\"Tribunal Supremo &#8211; Europa Press\" data-image-description=\"&lt;p&gt;Tribunal Supremo &#8211; Europa Press&lt;\/p&gt;\n\" data-image-caption=\"\" data-large-file=\"https:\/\/i0.wp.com\/staging.asufin.com\/staging\/wp-content\/uploads\/2020\/07\/Captura-de-pantalla-2020-07-30-a-las-9.56.47.png?fit=800%2C149&amp;ssl=1\" src=\"https:\/\/i0.wp.com\/asufin.com\/wp-content\/uploads\/2020\/07\/Captura-de-pantalla-2020-07-30-a-las-9.56.47-1024x191.png?resize=800%2C149&#038;ssl=1\" alt=\"Tribunal Supremo - Europa Press\" class=\"wp-image-53705\" title=\"\" srcset=\"https:\/\/i0.wp.com\/staging.asufin.com\/staging\/wp-content\/uploads\/2020\/07\/Captura-de-pantalla-2020-07-30-a-las-9.56.47.png?resize=1024%2C191&amp;ssl=1 1024w, https:\/\/i0.wp.com\/staging.asufin.com\/staging\/wp-content\/uploads\/2020\/07\/Captura-de-pantalla-2020-07-30-a-las-9.56.47.png?resize=300%2C56&amp;ssl=1 300w, https:\/\/i0.wp.com\/staging.asufin.com\/staging\/wp-content\/uploads\/2020\/07\/Captura-de-pantalla-2020-07-30-a-las-9.56.47.png?resize=768%2C143&amp;ssl=1 768w, https:\/\/i0.wp.com\/staging.asufin.com\/staging\/wp-content\/uploads\/2020\/07\/Captura-de-pantalla-2020-07-30-a-las-9.56.47.png?w=1056&amp;ssl=1 1056w\" sizes=\"(max-width: 800px) 100vw, 800px\" \/><\/a><\/figure>\n\n\n\n<h3 class=\"wp-block-heading\">EXPANSI\u00d3N: Asufin conf\u00eda en que el Supremo cambie de doctrina respecto al resto de gastos<\/h3>\n\n\n\n<figure class=\"wp-block-image size-large\"><a href=\"https:\/\/www.expansion.com\/agencia\/europa_press\/2020\/07\/29\/20200729135627.html\" target=\"_blank\" rel=\"noopener\"><img data-recalc-dims=\"1\" decoding=\"async\" width=\"758\" height=\"197\" data-attachment-id=\"53709\" data-permalink=\"https:\/\/staging.asufin.com\/staging\/asufin-en-los-medios-confiamos-en-que-el-supremo-cambie-de-doctrina-sobre-los-gastos\/captura-de-pantalla-2020-07-30-a-las-10-05-04\/\" data-orig-file=\"https:\/\/i0.wp.com\/staging.asufin.com\/staging\/wp-content\/uploads\/2020\/07\/Captura-de-pantalla-2020-07-30-a-las-10.05.04.png?fit=758%2C197&amp;ssl=1\" data-orig-size=\"758,197\" data-comments-opened=\"1\" data-image-meta=\"{&quot;aperture&quot;:&quot;0&quot;,&quot;credit&quot;:&quot;&quot;,&quot;camera&quot;:&quot;&quot;,&quot;caption&quot;:&quot;&quot;,&quot;created_timestamp&quot;:&quot;0&quot;,&quot;copyright&quot;:&quot;&quot;,&quot;focal_length&quot;:&quot;0&quot;,&quot;iso&quot;:&quot;0&quot;,&quot;shutter_speed&quot;:&quot;0&quot;,&quot;title&quot;:&quot;&quot;,&quot;orientation&quot;:&quot;0&quot;}\" data-image-title=\"Tribunal Supremo &#8211; Expansi\u00f3n\" data-image-description=\"&lt;p&gt;Tribunal Supremo &#8211; Expansi\u00f3n&lt;\/p&gt;\n\" data-image-caption=\"\" data-large-file=\"https:\/\/i0.wp.com\/staging.asufin.com\/staging\/wp-content\/uploads\/2020\/07\/Captura-de-pantalla-2020-07-30-a-las-10.05.04.png?fit=758%2C197&amp;ssl=1\" src=\"https:\/\/i0.wp.com\/asufin.com\/wp-content\/uploads\/2020\/07\/Captura-de-pantalla-2020-07-30-a-las-10.05.04.png?resize=758%2C197&#038;ssl=1\" alt=\"Tribunal Supremo - Expansi\u00f3n\" class=\"wp-image-53709\" title=\"\" srcset=\"https:\/\/i0.wp.com\/staging.asufin.com\/staging\/wp-content\/uploads\/2020\/07\/Captura-de-pantalla-2020-07-30-a-las-10.05.04.png?w=758&amp;ssl=1 758w, https:\/\/i0.wp.com\/staging.asufin.com\/staging\/wp-content\/uploads\/2020\/07\/Captura-de-pantalla-2020-07-30-a-las-10.05.04.png?resize=300%2C78&amp;ssl=1 300w\" sizes=\"(max-width: 758px) 100vw, 758px\" \/><\/a><\/figure>\n\n\n\n<h3 class=\"wp-block-heading\">ELDIARIO.ES: El Supremo confirma que en una hipoteca los gastos del registro de la propiedad corresponden al banco<\/h3>\n\n\n\n<figure class=\"wp-block-image size-large\"><a href=\"https:\/\/www.eldiario.es\/economia\/supremo-confirma-hipoteca-gastos-registro-propiedad-corresponden-banco_1_6134548.html\" target=\"_blank\" rel=\"noopener\"><img data-recalc-dims=\"1\" loading=\"lazy\" decoding=\"async\" width=\"800\" height=\"315\" data-attachment-id=\"53713\" data-permalink=\"https:\/\/staging.asufin.com\/staging\/asufin-en-los-medios-confiamos-en-que-el-supremo-cambie-de-doctrina-sobre-los-gastos\/captura-de-pantalla-2020-07-30-a-las-10-12-10\/\" data-orig-file=\"https:\/\/i0.wp.com\/staging.asufin.com\/staging\/wp-content\/uploads\/2020\/07\/Captura-de-pantalla-2020-07-30-a-las-10.12.10.png?fit=1029%2C405&amp;ssl=1\" data-orig-size=\"1029,405\" data-comments-opened=\"1\" data-image-meta=\"{&quot;aperture&quot;:&quot;0&quot;,&quot;credit&quot;:&quot;&quot;,&quot;camera&quot;:&quot;&quot;,&quot;caption&quot;:&quot;&quot;,&quot;created_timestamp&quot;:&quot;0&quot;,&quot;copyright&quot;:&quot;&quot;,&quot;focal_length&quot;:&quot;0&quot;,&quot;iso&quot;:&quot;0&quot;,&quot;shutter_speed&quot;:&quot;0&quot;,&quot;title&quot;:&quot;&quot;,&quot;orientation&quot;:&quot;0&quot;}\" data-image-title=\"Eldiario.es\" data-image-description=\"&lt;p&gt;Eldiario.es&lt;\/p&gt;\n\" data-image-caption=\"\" data-large-file=\"https:\/\/i0.wp.com\/staging.asufin.com\/staging\/wp-content\/uploads\/2020\/07\/Captura-de-pantalla-2020-07-30-a-las-10.12.10.png?fit=800%2C315&amp;ssl=1\" src=\"https:\/\/i0.wp.com\/asufin.com\/wp-content\/uploads\/2020\/07\/Captura-de-pantalla-2020-07-30-a-las-10.12.10-1024x403.png?resize=800%2C315&#038;ssl=1\" alt=\"Eldiario.es\" class=\"wp-image-53713\" title=\"\" srcset=\"https:\/\/i0.wp.com\/staging.asufin.com\/staging\/wp-content\/uploads\/2020\/07\/Captura-de-pantalla-2020-07-30-a-las-10.12.10.png?resize=1024%2C403&amp;ssl=1 1024w, https:\/\/i0.wp.com\/staging.asufin.com\/staging\/wp-content\/uploads\/2020\/07\/Captura-de-pantalla-2020-07-30-a-las-10.12.10.png?resize=300%2C118&amp;ssl=1 300w, https:\/\/i0.wp.com\/staging.asufin.com\/staging\/wp-content\/uploads\/2020\/07\/Captura-de-pantalla-2020-07-30-a-las-10.12.10.png?resize=768%2C302&amp;ssl=1 768w, https:\/\/i0.wp.com\/staging.asufin.com\/staging\/wp-content\/uploads\/2020\/07\/Captura-de-pantalla-2020-07-30-a-las-10.12.10.png?resize=759%2C300&amp;ssl=1 759w, https:\/\/i0.wp.com\/staging.asufin.com\/staging\/wp-content\/uploads\/2020\/07\/Captura-de-pantalla-2020-07-30-a-las-10.12.10.png?w=1029&amp;ssl=1 1029w\" sizes=\"(max-width: 800px) 100vw, 800px\" \/><\/a><\/figure>\n\n\n\n<h3 class=\"wp-block-heading\">LEVANTE-EMV: La banca acumula en 3 a\u00f1os 38.562 pleitos por hipotecas abusivas en la C. Valenciana<\/h3>\n\n\n\n<figure class=\"wp-block-image size-large\"><img data-recalc-dims=\"1\" loading=\"lazy\" decoding=\"async\" width=\"668\" height=\"823\" data-attachment-id=\"53711\" data-permalink=\"https:\/\/staging.asufin.com\/staging\/asufin-en-los-medios-confiamos-en-que-el-supremo-cambie-de-doctrina-sobre-los-gastos\/captura-de-pantalla-2020-07-30-a-las-10-07-30\/\" data-orig-file=\"https:\/\/i0.wp.com\/staging.asufin.com\/staging\/wp-content\/uploads\/2020\/07\/Captura-de-pantalla-2020-07-30-a-las-10.07.30.png?fit=668%2C823&amp;ssl=1\" data-orig-size=\"668,823\" data-comments-opened=\"1\" data-image-meta=\"{&quot;aperture&quot;:&quot;0&quot;,&quot;credit&quot;:&quot;&quot;,&quot;camera&quot;:&quot;&quot;,&quot;caption&quot;:&quot;&quot;,&quot;created_timestamp&quot;:&quot;0&quot;,&quot;copyright&quot;:&quot;&quot;,&quot;focal_length&quot;:&quot;0&quot;,&quot;iso&quot;:&quot;0&quot;,&quot;shutter_speed&quot;:&quot;0&quot;,&quot;title&quot;:&quot;&quot;,&quot;orientation&quot;:&quot;0&quot;}\" data-image-title=\"Levante &#8211; EMV\" data-image-description=\"&lt;p&gt;Levante &#8211; EMV&lt;\/p&gt;\n\" data-image-caption=\"\" data-large-file=\"https:\/\/i0.wp.com\/staging.asufin.com\/staging\/wp-content\/uploads\/2020\/07\/Captura-de-pantalla-2020-07-30-a-las-10.07.30.png?fit=668%2C823&amp;ssl=1\" src=\"https:\/\/i0.wp.com\/asufin.com\/wp-content\/uploads\/2020\/07\/Captura-de-pantalla-2020-07-30-a-las-10.07.30.png?resize=668%2C823&#038;ssl=1\" alt=\"Levante - EMV\" class=\"wp-image-53711\" title=\"\" srcset=\"https:\/\/i0.wp.com\/staging.asufin.com\/staging\/wp-content\/uploads\/2020\/07\/Captura-de-pantalla-2020-07-30-a-las-10.07.30.png?w=668&amp;ssl=1 668w, https:\/\/i0.wp.com\/staging.asufin.com\/staging\/wp-content\/uploads\/2020\/07\/Captura-de-pantalla-2020-07-30-a-las-10.07.30.png?resize=243%2C300&amp;ssl=1 243w\" sizes=\"(max-width: 668px) 100vw, 668px\" \/><\/figure>\n","protected":false},"excerpt":{"rendered":"<p>Medios como Cinco D\u00edas, Expansi\u00f3n o Europa Press se han hecho eco de la reacci\u00f3n de ASUFIN a la doctrina manifestada por el Supremo en materia de gastos hipotecarios. <\/p>\n","protected":false},"author":2,"featured_media":52423,"comment_status":"open","ping_status":"closed","sticky":false,"template":"","format":"standard","meta":{"_acf_changed":false,"_jetpack_newsletter_access":"","_jetpack_dont_email_post_to_subs":false,"_jetpack_newsletter_tier_id":0,"_jetpack_memberships_contains_paywalled_content":false,"_jetpack_memberships_contains_paid_content":false,"footnotes":""},"categories":[82,19,2750,3383],"tags":[3105],"class_list":["post-53703","post","type-post","status-publish","format-standard","has-post-thumbnail","hentry","category-asufin-cat","category-asufin-en-los-medios","category-gastos-hipoteca","category-prensa","tag-asufin-medios"],"acf":[],"jetpack_featured_media_url":"https:\/\/i0.wp.com\/staging.asufin.com\/staging\/wp-content\/uploads\/2020\/05\/prueba_destacada_medios-e1592809272638.png?fit=900%2C600&ssl=1","jetpack_shortlink":"https:\/\/wp.me\/peayLa-dYb","jetpack_likes_enabled":false,"jetpack_sharing_enabled":true,"_links":{"self":[{"href":"https:\/\/staging.asufin.com\/staging\/wp-json\/wp\/v2\/posts\/53703","targetHints":{"allow":["GET"]}}],"collection":[{"href":"https:\/\/staging.asufin.com\/staging\/wp-json\/wp\/v2\/posts"}],"about":[{"href":"https:\/\/staging.asufin.com\/staging\/wp-json\/wp\/v2\/types\/post"}],"author":[{"embeddable":true,"href":"https:\/\/staging.asufin.com\/staging\/wp-json\/wp\/v2\/users\/2"}],"replies":[{"embeddable":true,"href":"https:\/\/staging.asufin.com\/staging\/wp-json\/wp\/v2\/comments?post=53703"}],"version-history":[{"count":9,"href":"https:\/\/staging.asufin.com\/staging\/wp-json\/wp\/v2\/posts\/53703\/revisions"}],"predecessor-version":[{"id":53722,"href":"https:\/\/staging.asufin.com\/staging\/wp-json\/wp\/v2\/posts\/53703\/revisions\/53722"}],"wp:featuredmedia":[{"embeddable":true,"href":"https:\/\/staging.asufin.com\/staging\/wp-json\/wp\/v2\/media\/52423"}],"wp:attachment":[{"href":"https:\/\/staging.asufin.com\/staging\/wp-json\/wp\/v2\/media?parent=53703"}],"wp:term":[{"taxonomy":"category","embeddable":true,"href":"https:\/\/staging.asufin.com\/staging\/wp-json\/wp\/v2\/categories?post=53703"},{"taxonomy":"post_tag","embeddable":true,"href":"https:\/\/staging.asufin.com\/staging\/wp-json\/wp\/v2\/tags?post=53703"}],"curies":[{"name":"wp","href":"https:\/\/api.w.org\/{rel}","templated":true}]}}