{"id":56037,"date":"2020-09-29T12:00:46","date_gmt":"2020-09-29T10:00:46","guid":{"rendered":"https:\/\/www.asufin.com\/?p=56037"},"modified":"2020-09-30T10:05:29","modified_gmt":"2020-09-30T08:05:29","slug":"tan-solo-un-cuarto-de-los-autonomos-cobraran-las-ayudas-por-cese-de-actividad","status":"publish","type":"post","link":"https:\/\/staging.asufin.com\/staging\/tan-solo-un-cuarto-de-los-autonomos-cobraran-las-ayudas-por-cese-de-actividad\/","title":{"rendered":"Tan solo un cuarto de los aut\u00f3nomos cobrar\u00e1n las ayudas por cese de actividad"},"content":{"rendered":"\t\t<div data-elementor-type=\"wp-post\" data-elementor-id=\"56037\" class=\"elementor elementor-56037\">\n\t\t\t\t\t\t<section class=\"elementor-section elementor-top-section elementor-element elementor-element-07d2e42 elementor-section-boxed elementor-section-height-default elementor-section-height-default\" data-id=\"07d2e42\" data-element_type=\"section\">\n\t\t\t\t\t\t<div class=\"elementor-container elementor-column-gap-default\">\n\t\t\t\t\t<div class=\"elementor-column elementor-col-100 elementor-top-column elementor-element elementor-element-dcea07f\" data-id=\"dcea07f\" data-element_type=\"column\">\n\t\t\t<div class=\"elementor-widget-wrap elementor-element-populated\">\n\t\t\t\t\t\t<div class=\"elementor-element elementor-element-5375d66 elementor-widget elementor-widget-text-editor\" data-id=\"5375d66\" data-element_type=\"widget\" data-widget_type=\"text-editor.default\">\n\t\t\t\t<div class=\"elementor-widget-container\">\n\t\t\t\t\t\t\t\t\t<h4>Los aut\u00f3nomos y el Gobierno alcanzan un preacuerdo para prorrogar el cese de actividad hasta el 31 de enero de 2021<\/h4>\t\t\t\t\t\t\t\t<\/div>\n\t\t\t\t<\/div>\n\t\t\t\t<div class=\"elementor-element elementor-element-e488907 elementor-widget elementor-widget-text-editor\" data-id=\"e488907\" data-element_type=\"widget\" data-widget_type=\"text-editor.default\">\n\t\t\t\t<div class=\"elementor-widget-container\">\n\t\t\t\t\t\t\t\t\t<h4>28.000 trabajadores por cuenta propia no podr\u00e1n acceder a las ayudas, debido a las elevadas exigencias del gobierno<\/h4>\t\t\t\t\t\t\t\t<\/div>\n\t\t\t\t<\/div>\n\t\t\t\t\t<\/div>\n\t\t<\/div>\n\t\t\t\t\t<\/div>\n\t\t<\/section>\n\t\t\t\t<section class=\"elementor-section elementor-top-section elementor-element elementor-element-9b19c94 elementor-section-boxed elementor-section-height-default elementor-section-height-default\" data-id=\"9b19c94\" data-element_type=\"section\">\n\t\t\t\t\t\t<div class=\"elementor-container elementor-column-gap-default\">\n\t\t\t\t\t<div class=\"elementor-column elementor-col-100 elementor-top-column elementor-element elementor-element-1aae36c\" data-id=\"1aae36c\" data-element_type=\"column\">\n\t\t\t<div class=\"elementor-widget-wrap elementor-element-populated\">\n\t\t\t\t\t\t<div class=\"elementor-element elementor-element-176dff2 elementor-widget elementor-widget-text-editor\" data-id=\"176dff2\" data-element_type=\"widget\" data-widget_type=\"text-editor.default\">\n\t\t\t\t<div class=\"elementor-widget-container\">\n\t\t\t\t\t\t\t\t\t<p>La organizaci\u00f3n de aut\u00f3nomos ATA afirma que<strong>\u00a0\u00fanicamente 125.000 de los tres millones de aut\u00f3nomos, cobrar\u00e1n las ayudas correspondientes<\/strong> a las prestaciones de cese de actividad especial o extraordinario que se pusieron en marcha el pasado 1 de julio debido a <a href=\"https:\/\/asufin.com\/?s=covid&amp;jet_ajax_search_settings=%7B%22results_order_by%22%3A%22relevance%22%2C%22results_order%22%3A%22asc%22%2C%22search_source%22%3A%22any%22%7D\" target=\"_blank\" rel=\"noopener\">la crisis de la Covid.<\/a><\/p><p>La organizaci\u00f3n calcula que, <strong>han olvidado a 280.000 aut\u00f3nomos, que no han podido ni retomar la actividad<\/strong> ni cobrar la ayuda al no cumplir los requisitos que se les exigen.<\/p>\t\t\t\t\t\t\t\t<\/div>\n\t\t\t\t<\/div>\n\t\t\t\t\t<\/div>\n\t\t<\/div>\n\t\t\t\t\t<\/div>\n\t\t<\/section>\n\t\t\t\t<section class=\"elementor-section elementor-top-section elementor-element elementor-element-30d2e07 elementor-section-boxed elementor-section-height-default elementor-section-height-default\" data-id=\"30d2e07\" data-element_type=\"section\">\n\t\t\t\t\t\t<div class=\"elementor-container elementor-column-gap-default\">\n\t\t\t\t\t<div class=\"elementor-column elementor-col-100 elementor-top-column elementor-element elementor-element-64459e8\" data-id=\"64459e8\" data-element_type=\"column\">\n\t\t\t<div class=\"elementor-widget-wrap elementor-element-populated\">\n\t\t\t\t\t\t<div class=\"elementor-element elementor-element-bbd5b1d elementor-widget elementor-widget-text-editor\" data-id=\"bbd5b1d\" data-element_type=\"widget\" data-widget_type=\"text-editor.default\">\n\t\t\t\t<div class=\"elementor-widget-container\">\n\t\t\t\t\t\t\t\t\t<p><a href=\"https:\/\/panel.asufin.com\/signup\" target=\"_blank\" rel=\"noopener\"><strong>\u00a1SUSCR\u00cdBETE A <span style=\"background-color: #eceae2; font-size: 1rem;\">NUESTRA NEWSLETTER!<\/span><\/strong><\/a><\/p>\t\t\t\t\t\t\t\t<\/div>\n\t\t\t\t<\/div>\n\t\t\t\t\t<\/div>\n\t\t<\/div>\n\t\t\t\t\t<\/div>\n\t\t<\/section>\n\t\t\t\t<section class=\"elementor-section elementor-top-section elementor-element elementor-element-94d4c28 elementor-section-boxed elementor-section-height-default elementor-section-height-default\" data-id=\"94d4c28\" data-element_type=\"section\">\n\t\t\t\t\t\t<div class=\"elementor-container elementor-column-gap-default\">\n\t\t\t\t\t<div class=\"elementor-column elementor-col-100 elementor-top-column elementor-element elementor-element-a2ce68b\" data-id=\"a2ce68b\" data-element_type=\"column\">\n\t\t\t<div class=\"elementor-widget-wrap elementor-element-populated\">\n\t\t\t\t\t\t<div class=\"elementor-element elementor-element-ee2ea7b elementor-widget elementor-widget-text-editor\" data-id=\"ee2ea7b\" data-element_type=\"widget\" data-widget_type=\"text-editor.default\">\n\t\t\t\t<div class=\"elementor-widget-container\">\n\t\t\t\t\t\t\t\t\t<p>Entre los requisitos para percibir la prestaci\u00f3n est\u00e1 el<strong> no ser beneficiario de la tarifa plana o alg\u00fan tipo de reducci\u00f3n en cotizaciones; llevar al menos un a\u00f1o como aut\u00f3nomo o no estar pluriempleado.<\/strong> Esto ha provocado que muchos aut\u00f3nomos no hayan solicitado la ayuda o que se la hayan denegado.<\/p>\t\t\t\t\t\t\t\t<\/div>\n\t\t\t\t<\/div>\n\t\t\t\t\t<\/div>\n\t\t<\/div>\n\t\t\t\t\t<\/div>\n\t\t<\/section>\n\t\t\t\t<section class=\"elementor-section elementor-top-section elementor-element elementor-element-47eef77 elementor-section-boxed elementor-section-height-default elementor-section-height-default\" data-id=\"47eef77\" data-element_type=\"section\">\n\t\t\t\t\t\t<div class=\"elementor-container elementor-column-gap-default\">\n\t\t\t\t\t<div class=\"elementor-column elementor-col-100 elementor-top-column elementor-element elementor-element-651de2d\" data-id=\"651de2d\" data-element_type=\"column\">\n\t\t\t<div class=\"elementor-widget-wrap elementor-element-populated\">\n\t\t\t\t\t\t<div class=\"elementor-element elementor-element-a27ec70 elementor-widget elementor-widget-text-editor\" data-id=\"a27ec70\" data-element_type=\"widget\" data-widget_type=\"text-editor.default\">\n\t\t\t\t<div class=\"elementor-widget-container\">\n\t\t\t\t\t\t\t\t\t<p>Por otro lado, <a href=\"https:\/\/ata.es\/\" target=\"_blank\" rel=\"noopener\">la organizaci\u00f3n ATA<\/a> <strong>considera\u00a0&#8220;rid\u00edculas y escasas\u00bb&#8221; las prestaciones<\/strong> tanto de cese de actividad especial o extraordinario concedidas\u00a0y exige que se revisen.<\/p>\t\t\t\t\t\t\t\t<\/div>\n\t\t\t\t<\/div>\n\t\t\t\t\t<\/div>\n\t\t<\/div>\n\t\t\t\t\t<\/div>\n\t\t<\/section>\n\t\t\t\t<section class=\"elementor-section elementor-top-section elementor-element elementor-element-ab1330d elementor-section-boxed elementor-section-height-default elementor-section-height-default\" data-id=\"ab1330d\" data-element_type=\"section\">\n\t\t\t\t\t\t<div class=\"elementor-container elementor-column-gap-default\">\n\t\t\t\t\t<div class=\"elementor-column elementor-col-100 elementor-top-column elementor-element elementor-element-b41df17\" data-id=\"b41df17\" data-element_type=\"column\">\n\t\t\t<div class=\"elementor-widget-wrap elementor-element-populated\">\n\t\t\t\t\t\t<div class=\"elementor-element elementor-element-57b1469 elementor-widget elementor-widget-text-editor\" data-id=\"57b1469\" data-element_type=\"widget\" data-widget_type=\"text-editor.default\">\n\t\t\t\t<div class=\"elementor-widget-container\">\n\t\t\t\t\t\t\t\t\t<p><a href=\"https:\/\/www.facebook.com\/asufin.org\/\" target=\"_blank\" rel=\"noopener\"><strong>\u00a1S\u00cdGUENOS EN FACEBOOK\u00a0PARA ESTAR INFORMADO!<\/strong><\/a><\/p>\t\t\t\t\t\t\t\t<\/div>\n\t\t\t\t<\/div>\n\t\t\t\t\t<\/div>\n\t\t<\/div>\n\t\t\t\t\t<\/div>\n\t\t<\/section>\n\t\t\t\t<section class=\"elementor-section elementor-top-section elementor-element elementor-element-cfa5ee5 elementor-section-boxed elementor-section-height-default elementor-section-height-default\" data-id=\"cfa5ee5\" data-element_type=\"section\">\n\t\t\t\t\t\t<div class=\"elementor-container elementor-column-gap-default\">\n\t\t\t\t\t<div class=\"elementor-column elementor-col-100 elementor-top-column elementor-element elementor-element-6fa845e\" data-id=\"6fa845e\" data-element_type=\"column\">\n\t\t\t<div class=\"elementor-widget-wrap elementor-element-populated\">\n\t\t\t\t\t\t<div class=\"elementor-element elementor-element-d39850e elementor-widget elementor-widget-text-editor\" data-id=\"d39850e\" data-element_type=\"widget\" data-widget_type=\"text-editor.default\">\n\t\t\t\t<div class=\"elementor-widget-container\">\n\t\t\t\t\t\t\t\t\t<h5>Medidas urgentes<\/h5>\t\t\t\t\t\t\t\t<\/div>\n\t\t\t\t<\/div>\n\t\t\t\t\t<\/div>\n\t\t<\/div>\n\t\t\t\t\t<\/div>\n\t\t<\/section>\n\t\t\t\t<section class=\"elementor-section elementor-top-section elementor-element elementor-element-93b22eb elementor-section-boxed elementor-section-height-default elementor-section-height-default\" data-id=\"93b22eb\" data-element_type=\"section\">\n\t\t\t\t\t\t<div class=\"elementor-container elementor-column-gap-default\">\n\t\t\t\t\t<div class=\"elementor-column elementor-col-100 elementor-top-column elementor-element elementor-element-50c3f64\" data-id=\"50c3f64\" data-element_type=\"column\">\n\t\t\t<div class=\"elementor-widget-wrap elementor-element-populated\">\n\t\t\t\t\t\t<div class=\"elementor-element elementor-element-036d558 elementor-widget elementor-widget-text-editor\" data-id=\"036d558\" data-element_type=\"widget\" data-widget_type=\"text-editor.default\">\n\t\t\t\t<div class=\"elementor-widget-container\">\n\t\t\t\t\t\t\t\t\t<p>Esta organizaci\u00f3n de trabajadores por cuenta propia <strong>ha desarrollado un plan de emergencia con diez medidas urgentes<\/strong> que Gobierno y Administraciones deben poner en marcha ante la situaci\u00f3n vivida por la pandemia y que se ha visto agravada en el \u00faltimo mes por el aumento de &#8220;rebrotes&#8221;.<\/p><p>Entre algunas de las exigencias destacan la <strong>ampliaci\u00f3n de los conocidos como ERTE<\/strong> hasta el pr\u00f3ximo 1 de abril de 2021; <strong>la reducci\u00f3n de la cotizaci\u00f3n en la cuota<\/strong> de aquellos aut\u00f3nomos con una ca\u00edda igual o superior al 50% de los ingresos; o una <strong>deducci\u00f3n fiscal en el IRPF<\/strong> a los aut\u00f3nomos que hayan mantenido el nivel de empleo en este a\u00f1o.<\/p>\t\t\t\t\t\t\t\t<\/div>\n\t\t\t\t<\/div>\n\t\t\t\t\t<\/div>\n\t\t<\/div>\n\t\t\t\t\t<\/div>\n\t\t<\/section>\n\t\t\t\t<section class=\"elementor-section elementor-top-section elementor-element elementor-element-1ecf2b1 elementor-section-boxed elementor-section-height-default elementor-section-height-default\" data-id=\"1ecf2b1\" data-element_type=\"section\">\n\t\t\t\t\t\t<div class=\"elementor-container elementor-column-gap-default\">\n\t\t\t\t\t<div class=\"elementor-column elementor-col-100 elementor-top-column elementor-element elementor-element-1fc1692\" data-id=\"1fc1692\" data-element_type=\"column\">\n\t\t\t<div class=\"elementor-widget-wrap elementor-element-populated\">\n\t\t\t\t\t\t<div class=\"elementor-element elementor-element-d44d33a elementor-widget elementor-widget-text-editor\" data-id=\"d44d33a\" data-element_type=\"widget\" data-widget_type=\"text-editor.default\">\n\t\t\t\t<div class=\"elementor-widget-container\">\n\t\t\t\t\t\t\t\t\t<p><strong><a href=\"https:\/\/asufin.com\/medios\/\" target=\"_blank\" rel=\"noopener\">PUEDES ENCONTRAR NOSTICIAS RELACIONADAS CON COVID EN NUESTRA P\u00c1GINA WEB\u00a0<\/a><\/strong><\/p>\t\t\t\t\t\t\t\t<\/div>\n\t\t\t\t<\/div>\n\t\t\t\t\t<\/div>\n\t\t<\/div>\n\t\t\t\t\t<\/div>\n\t\t<\/section>\n\t\t\t\t<\/div>\n\t\t","protected":false},"excerpt":{"rendered":"<p>Los aut\u00f3nomos y el gobierno  alcanzan un preacuerdo para prorrogar el cese de actividad hasta el 31 de enero de 2021<\/p>\n","protected":false},"author":2,"featured_media":56059,"comment_status":"open","ping_status":"closed","sticky":false,"template":"","format":"standard","meta":{"_acf_changed":false,"_jetpack_newsletter_access":"","_jetpack_dont_email_post_to_subs":false,"_jetpack_newsletter_tier_id":0,"_jetpack_memberships_contains_paywalled_content":false,"_jetpack_memberships_contains_paid_content":false,"footnotes":""},"categories":[3396],"tags":[1114],"class_list":["post-56037","post","type-post","status-publish","format-standard","has-post-thumbnail","hentry","category-covid-19","tag-noticias"],"acf":[],"jetpack_featured_media_url":"https:\/\/i0.wp.com\/staging.asufin.com\/staging\/wp-content\/uploads\/2020\/09\/brote-influenza-china-llamado-coronavirus-o-2019-ncov-que-ha-extendido-todo-mundo-peligro-pandemia-epidemia-humanidad-celulas-humanas-virus-infecta-celulas-ilustracion-3d_92790-190-1.jpg?fit=1500%2C843&ssl=1","jetpack_shortlink":"https:\/\/wp.me\/peayLa-ezP","jetpack_likes_enabled":false,"jetpack_sharing_enabled":true,"_links":{"self":[{"href":"https:\/\/staging.asufin.com\/staging\/wp-json\/wp\/v2\/posts\/56037","targetHints":{"allow":["GET"]}}],"collection":[{"href":"https:\/\/staging.asufin.com\/staging\/wp-json\/wp\/v2\/posts"}],"about":[{"href":"https:\/\/staging.asufin.com\/staging\/wp-json\/wp\/v2\/types\/post"}],"author":[{"embeddable":true,"href":"https:\/\/staging.asufin.com\/staging\/wp-json\/wp\/v2\/users\/2"}],"replies":[{"embeddable":true,"href":"https:\/\/staging.asufin.com\/staging\/wp-json\/wp\/v2\/comments?post=56037"}],"version-history":[{"count":3,"href":"https:\/\/staging.asufin.com\/staging\/wp-json\/wp\/v2\/posts\/56037\/revisions"}],"predecessor-version":[{"id":56095,"href":"https:\/\/staging.asufin.com\/staging\/wp-json\/wp\/v2\/posts\/56037\/revisions\/56095"}],"wp:featuredmedia":[{"embeddable":true,"href":"https:\/\/staging.asufin.com\/staging\/wp-json\/wp\/v2\/media\/56059"}],"wp:attachment":[{"href":"https:\/\/staging.asufin.com\/staging\/wp-json\/wp\/v2\/media?parent=56037"}],"wp:term":[{"taxonomy":"category","embeddable":true,"href":"https:\/\/staging.asufin.com\/staging\/wp-json\/wp\/v2\/categories?post=56037"},{"taxonomy":"post_tag","embeddable":true,"href":"https:\/\/staging.asufin.com\/staging\/wp-json\/wp\/v2\/tags?post=56037"}],"curies":[{"name":"wp","href":"https:\/\/api.w.org\/{rel}","templated":true}]}}