{"id":56704,"date":"2020-10-26T12:00:51","date_gmt":"2020-10-26T11:00:51","guid":{"rendered":"https:\/\/www.asufin.com\/?p=56704"},"modified":"2022-02-17T20:49:45","modified_gmt":"2022-02-17T20:49:45","slug":"aerolineas-asufin-vence-a-evelop-airlines-y-recupera-16-800e-para-sus-asociados","status":"publish","type":"post","link":"https:\/\/staging.asufin.com\/staging\/aerolineas-asufin-vence-a-evelop-airlines-y-recupera-16-800e-para-sus-asociados\/","title":{"rendered":"AEROL\u00cdNEAS: ASUFIN vence a Evelop Airlines y recupera 16.800\u20ac para sus asociados"},"content":{"rendered":"\t\t<div data-elementor-type=\"wp-post\" data-elementor-id=\"56704\" class=\"elementor elementor-56704\">\n\t\t\t\t\t\t<section class=\"elementor-section elementor-top-section elementor-element elementor-element-3054c59 elementor-section-boxed elementor-section-height-default elementor-section-height-default\" data-id=\"3054c59\" data-element_type=\"section\">\n\t\t\t\t\t\t<div class=\"elementor-container elementor-column-gap-default\">\n\t\t\t\t\t<div class=\"elementor-column elementor-col-100 elementor-top-column elementor-element elementor-element-cfe3590\" data-id=\"cfe3590\" data-element_type=\"column\">\n\t\t\t<div class=\"elementor-widget-wrap elementor-element-populated\">\n\t\t\t\t\t\t<div class=\"elementor-element elementor-element-40b45b7 elementor-widget elementor-widget-text-editor\" data-id=\"40b45b7\" data-element_type=\"widget\" data-widget_type=\"text-editor.default\">\n\t\t\t\t<div class=\"elementor-widget-container\">\n\t\t\t\t\t\t\t\t\t<h4>El juzgado mercantil n\u00famero 8 de Madrid estima \u00edntegramente la demanda de ASUFIN contra la aerol\u00ednea Evelop Airlines<\/h4>\t\t\t\t\t\t\t\t<\/div>\n\t\t\t\t<\/div>\n\t\t\t\t<div class=\"elementor-element elementor-element-ee7dafd elementor-widget elementor-widget-text-editor\" data-id=\"ee7dafd\" data-element_type=\"widget\" data-widget_type=\"text-editor.default\">\n\t\t\t\t<div class=\"elementor-widget-container\">\n\t\t\t\t\t\t\t\t\tEl d\u00eda 29 de junio de 2018, se present\u00f3 la demanda contra la aerol\u00ednea Evelop Airlines, donde ASUFIN solicitaba una <strong>indemnizaci\u00f3n de 16.800\u20ac por ser la suma correspondiente a los 600\u20ac de compensaci\u00f3n que corresponde a cada pasajero<\/strong> afectado por el\u00a0<span style=\"font-size: 1rem;\"><a href=\"https:\/\/staging.asufin.com\/staging\/reclama\/aerolineas\/\" target=\"_blank\" rel=\"noopener\">retraso del vuelo<\/a>, as\u00ed como, al abono de los inter\u00e9s legales y de mora procesal.<\/span>\t\t\t\t\t\t\t\t<\/div>\n\t\t\t\t<\/div>\n\t\t\t\t<div class=\"elementor-element elementor-element-f00edb1 elementor-widget elementor-widget-text-editor\" data-id=\"f00edb1\" data-element_type=\"widget\" data-widget_type=\"text-editor.default\">\n\t\t\t\t<div class=\"elementor-widget-container\">\n\t\t\t\t\t\t\t\t\t<h5><a href=\"mailto:info@asufin.com\" target=\"_blank\" rel=\"noopener\">\u00bfTe han cancelado un vuelo? Escr\u00edbenos a info@asufin.com y te ayudaremos\u00a0<\/a><\/h5>\t\t\t\t\t\t\t\t<\/div>\n\t\t\t\t<\/div>\n\t\t\t\t<div class=\"elementor-element elementor-element-95e47f5 elementor-widget elementor-widget-text-editor\" data-id=\"95e47f5\" data-element_type=\"widget\" data-widget_type=\"text-editor.default\">\n\t\t\t\t<div class=\"elementor-widget-container\">\n\t\t\t\t\t\t\t\t\t<p>El concepto de la indemnizaci\u00f3n\u00a0 se corresponde con el perjuicio causado por<strong> el retraso de cuarenta y ocho horas<\/strong> en la salida del vuelo EVE 0826 del d\u00eda 4 de septiembre de 2015 que hac\u00eda el trayecto Habana-Madrid.\u00a0<\/p>\t\t\t\t\t\t\t\t<\/div>\n\t\t\t\t<\/div>\n\t\t\t\t<div class=\"elementor-element elementor-element-ab6548f elementor-widget elementor-widget-text-editor\" data-id=\"ab6548f\" data-element_type=\"widget\" data-widget_type=\"text-editor.default\">\n\t\t\t\t<div class=\"elementor-widget-container\">\n\t\t\t\t\t\t\t\t\t<p>La defensa de la parte demandada cuestiona la legitimidad de ASUFIN para presentar dicha demanda. Sin embargo, este tribunal se basa en la sentencia la sentencia de la A.P de Madrid ( Secci\u00f3n 28) de 11 de julio de 2014 \u201c<strong>que reconoce su legitimaci\u00f3n para actuar en defensa de los derechos e intereses individuales de un <\/strong><strong>grupo de asociados suyos,<\/strong> ostentando as\u00ed legitimaci\u00f3n activa con arreglo a la ley para accionar en favor de quienes no se discute el car\u00e1cter de asociados de la misma\u201d<\/p>\t\t\t\t\t\t\t\t<\/div>\n\t\t\t\t<\/div>\n\t\t\t\t<div class=\"elementor-element elementor-element-d6c13c9 elementor-widget elementor-widget-text-editor\" data-id=\"d6c13c9\" data-element_type=\"widget\" data-widget_type=\"text-editor.default\">\n\t\t\t\t<div class=\"elementor-widget-container\">\n\t\t\t\t\t\t\t\t\t<h5><a href=\"https:\/\/www.instagram.com\/asufin_asociacion\/?hl=es\" target=\"_blank\" rel=\"noopener\">\u00a1S\u00edguenos en nuestras redes sociales para estar informado de todo!<\/a><\/h5>\t\t\t\t\t\t\t\t<\/div>\n\t\t\t\t<\/div>\n\t\t\t\t<div class=\"elementor-element elementor-element-66c37ec elementor-widget elementor-widget-text-editor\" data-id=\"66c37ec\" data-element_type=\"widget\" data-widget_type=\"text-editor.default\">\n\t\t\t\t<div class=\"elementor-widget-container\">\n\t\t\t\t\t\t\t\t\t<p>Los art\u00edculos 5, 6 y 7 del Reglamento n\u00b0261\/2004 deben interpretarse en el sentido de que los pasajeros de los vuelos retrasados pueden equipararse a los pasajeros de los vuelos cancelados a los efectos de la aplicaci\u00f3n del derecho a compensaci\u00f3n y de que,<strong> por lo tanto, pueden invocar el derecho a compensaci\u00f3n cuando soportan un retraso de tres o m\u00e1s horas.<\/strong> Con la excepci\u00f3n de si el transportista a\u00e9reo puede probar que el gran retraso producido se debe a circunstancias extraordinarias que no podr\u00edan haberse evitado.\u00a0<\/p>\t\t\t\t\t\t\t\t<\/div>\n\t\t\t\t<\/div>\n\t\t\t\t<div class=\"elementor-element elementor-element-4ad0c2d elementor-widget elementor-widget-text-editor\" data-id=\"4ad0c2d\" data-element_type=\"widget\" data-widget_type=\"text-editor.default\">\n\t\t\t\t<div class=\"elementor-widget-container\">\n\t\t\t\t\t\t\t\t\t<p>Por todo ello y debido a que la demandada no ha podido justificar la causa del retraso, el magistrado del juzgado mercantil numero 8 de Madrid estima \u00edntegramente la demanda interpuesta por ASUFIN y <strong>condena a Evelop Airlines a abonar la cantidad de diecis\u00e9is mil ochocientos euros m\u00e1s los intereses legales y al pago de las costas procesales.<\/strong><\/p>\t\t\t\t\t\t\t\t<\/div>\n\t\t\t\t<\/div>\n\t\t\t\t<div class=\"elementor-element elementor-element-43d2afd elementor-widget elementor-widget-text-editor\" data-id=\"43d2afd\" data-element_type=\"widget\" data-widget_type=\"text-editor.default\">\n\t\t\t\t<div class=\"elementor-widget-container\">\n\t\t\t\t\t\t\t\t\t<h5><a href=\"https:\/\/panel.asufin.com\/signup\" target=\"_blank\" rel=\"noopener\">Descarga aqu\u00ed la sentencia de JPI\u00a0<\/a><\/h5>\t\t\t\t\t\t\t\t<\/div>\n\t\t\t\t<\/div>\n\t\t\t\t<div class=\"elementor-element elementor-element-3afec61 elementor-widget elementor-widget-text-editor\" data-id=\"3afec61\" data-element_type=\"widget\" data-widget_type=\"text-editor.default\">\n\t\t\t\t<div class=\"elementor-widget-container\">\n\t\t\t\t\t\t\t\t\t<p><strong>Producto<\/strong>: Aerol\u00edneas\u00a0<\/p><p><strong>Abogado<\/strong>: Fernando Gav\u00edn y Loleta Linares\u00a0<\/p><p><strong>Juzgado:<\/strong> Juzgado Mercantil N\u00ba8 de Madrid<\/p><p><strong>Entidad:<\/strong> Evelop Airlines<\/p><p><strong>Fecha:<\/strong> 16.10.2020<\/p>\t\t\t\t\t\t\t\t<\/div>\n\t\t\t\t<\/div>\n\t\t\t\t\t<\/div>\n\t\t<\/div>\n\t\t\t\t\t<\/div>\n\t\t<\/section>\n\t\t\t\t<\/div>\n\t\t","protected":false},"excerpt":{"rendered":"<p>El juzgado mercantil n\u00famero 8 de Madrid estima \u00edntegramente la demanda de ASUFIN  contra la aerol\u00ednea Evelop Airlines. <\/p>\n","protected":false},"author":279,"featured_media":56705,"comment_status":"open","ping_status":"closed","sticky":false,"template":"","format":"standard","meta":{"_acf_changed":false,"_jetpack_newsletter_access":"","_jetpack_dont_email_post_to_subs":false,"_jetpack_newsletter_tier_id":0,"_jetpack_memberships_contains_paywalled_content":false,"_jetpack_memberships_contains_paid_content":false,"footnotes":""},"categories":[3240,17,211],"tags":[6780,1114,168],"class_list":["post-56704","post","type-post","status-publish","format-standard","has-post-thumbnail","hentry","category-aerolineas","category-sentencias","category-tribunales","tag-aerolineas","tag-noticias","tag-sentencia"],"acf":[],"jetpack_featured_media_url":"https:\/\/i0.wp.com\/staging.asufin.com\/staging\/wp-content\/uploads\/2020\/10\/47767389052_ac98f3b0ae_b-1.jpg?fit=1500%2C850&ssl=1","jetpack_shortlink":"https:\/\/wp.me\/peayLa-eKA","jetpack_likes_enabled":false,"jetpack_sharing_enabled":true,"_links":{"self":[{"href":"https:\/\/staging.asufin.com\/staging\/wp-json\/wp\/v2\/posts\/56704","targetHints":{"allow":["GET"]}}],"collection":[{"href":"https:\/\/staging.asufin.com\/staging\/wp-json\/wp\/v2\/posts"}],"about":[{"href":"https:\/\/staging.asufin.com\/staging\/wp-json\/wp\/v2\/types\/post"}],"author":[{"embeddable":true,"href":"https:\/\/staging.asufin.com\/staging\/wp-json\/wp\/v2\/users\/279"}],"replies":[{"embeddable":true,"href":"https:\/\/staging.asufin.com\/staging\/wp-json\/wp\/v2\/comments?post=56704"}],"version-history":[{"count":21,"href":"https:\/\/staging.asufin.com\/staging\/wp-json\/wp\/v2\/posts\/56704\/revisions"}],"predecessor-version":[{"id":85901,"href":"https:\/\/staging.asufin.com\/staging\/wp-json\/wp\/v2\/posts\/56704\/revisions\/85901"}],"wp:featuredmedia":[{"embeddable":true,"href":"https:\/\/staging.asufin.com\/staging\/wp-json\/wp\/v2\/media\/56705"}],"wp:attachment":[{"href":"https:\/\/staging.asufin.com\/staging\/wp-json\/wp\/v2\/media?parent=56704"}],"wp:term":[{"taxonomy":"category","embeddable":true,"href":"https:\/\/staging.asufin.com\/staging\/wp-json\/wp\/v2\/categories?post=56704"},{"taxonomy":"post_tag","embeddable":true,"href":"https:\/\/staging.asufin.com\/staging\/wp-json\/wp\/v2\/tags?post=56704"}],"curies":[{"name":"wp","href":"https:\/\/api.w.org\/{rel}","templated":true}]}}