{"id":57503,"date":"2020-11-20T21:48:22","date_gmt":"2020-11-20T20:48:22","guid":{"rendered":"https:\/\/www.asufin.com\/?p=57503"},"modified":"2021-03-13T21:37:54","modified_gmt":"2021-03-13T20:37:54","slug":"fusio-bbva-sabadell-cal-evitar-la-bretxa-digital-i-financera-que-acceleren-aquests-processos","status":"publish","type":"post","link":"https:\/\/staging.asufin.com\/staging\/ca\/fusio-bbva-sabadell-cal-evitar-la-bretxa-digital-i-financera-que-acceleren-aquests-processos\/","title":{"rendered":"FUSI\u00d3 BBVA SABADELL: Cal evitar la bretxa digital i financera que acceleren aquests processos"},"content":{"rendered":"\t\t<div data-elementor-type=\"wp-post\" data-elementor-id=\"57503\" class=\"elementor elementor-57503\">\n\t\t\t\t\t\t<section class=\"elementor-section elementor-top-section elementor-element elementor-element-a6439fc elementor-section-boxed elementor-section-height-default elementor-section-height-default\" data-id=\"a6439fc\" data-element_type=\"section\">\n\t\t\t\t\t\t<div class=\"elementor-container elementor-column-gap-default\">\n\t\t\t\t\t<div class=\"elementor-column elementor-col-100 elementor-top-column elementor-element elementor-element-70456fc\" data-id=\"70456fc\" data-element_type=\"column\">\n\t\t\t<div class=\"elementor-widget-wrap elementor-element-populated\">\n\t\t\t\t\t\t<div class=\"elementor-element elementor-element-566cab0 elementor-widget elementor-widget-text-editor\" data-id=\"566cab0\" data-element_type=\"widget\" data-widget_type=\"text-editor.default\">\n\t\t\t\t<div class=\"elementor-widget-container\">\n\t\t\t\t\t\t\t\t\t<h4>La normativa del Banc d&#8217;Espanya no pot impedir que un client es quedi sense oficina de proximitat en la qual poder operar<\/h4>\t\t\t\t\t\t\t\t<\/div>\n\t\t\t\t<\/div>\n\t\t\t\t\t<\/div>\n\t\t<\/div>\n\t\t\t\t\t<\/div>\n\t\t<\/section>\n\t\t\t\t<section class=\"elementor-section elementor-top-section elementor-element elementor-element-1fe3fe7 elementor-section-boxed elementor-section-height-default elementor-section-height-default\" data-id=\"1fe3fe7\" data-element_type=\"section\">\n\t\t\t\t\t\t<div class=\"elementor-container elementor-column-gap-default\">\n\t\t\t\t\t<div class=\"elementor-column elementor-col-100 elementor-top-column elementor-element elementor-element-c3293b1\" data-id=\"c3293b1\" data-element_type=\"column\">\n\t\t\t<div class=\"elementor-widget-wrap elementor-element-populated\">\n\t\t\t\t\t\t<div class=\"elementor-element elementor-element-1482e39 elementor-widget elementor-widget-text-editor\" data-id=\"1482e39\" data-element_type=\"widget\" data-widget_type=\"text-editor.default\">\n\t\t\t\t<div class=\"elementor-widget-container\">\n\t\t\t\t\t\t\t\t\t<h4>Aquests processos acceleren la bretxa digital i financera, adverteix Patricia Su\u00e1rez, presidenta d&#8217;ASUFIN<\/h4>\t\t\t\t\t\t\t\t<\/div>\n\t\t\t\t<\/div>\n\t\t\t\t\t<\/div>\n\t\t<\/div>\n\t\t\t\t\t<\/div>\n\t\t<\/section>\n\t\t\t\t<section class=\"elementor-section elementor-top-section elementor-element elementor-element-e25f786 elementor-section-boxed elementor-section-height-default elementor-section-height-default\" data-id=\"e25f786\" data-element_type=\"section\">\n\t\t\t\t\t\t<div class=\"elementor-container elementor-column-gap-default\">\n\t\t\t\t\t<div class=\"elementor-column elementor-col-100 elementor-top-column elementor-element elementor-element-4bb0677\" data-id=\"4bb0677\" data-element_type=\"column\">\n\t\t\t<div class=\"elementor-widget-wrap elementor-element-populated\">\n\t\t\t\t\t\t<div class=\"elementor-element elementor-element-df94b6e elementor-widget elementor-widget-text-editor\" data-id=\"df94b6e\" data-element_type=\"widget\" data-widget_type=\"text-editor.default\">\n\t\t\t\t<div class=\"elementor-widget-container\">\n\t\t\t\t\t\t\t\t\t<p>El Banc d&#8217;Espanya no pot actuar en cas que el client necessiti canviar d&#8217;oficina, tal com admet en una resposta a la qual ha tingut acc\u00e9s ASUFIN: \u201c\u00c9s una q\u00fcesti\u00f3 de pol\u00edtica comercial de l&#8217;entitat, que s&#8217;emmarca dins del seu \u00e0mbit d&#8217;actuaci\u00f3 discrecional en el mercat\u201d per tant \u201cexcedeix de les compet\u00e8ncies\u201d del regulador. <strong>Quedar-nos sense l&#8217;establiment de proximitat del nostre banc i no poder triar una alternativa adequada<\/strong> \u00e9s una de les moltes conseq\u00fc\u00e8ncies que porta en si la concentraci\u00f3 banc\u00e0ria. I el Banc d&#8217;Espanya no pot fer res sobre aquest tema.<br \/><br \/>El regulador aclareix que donar servei als clients a trav\u00e9s de les oficines \u201cconstitueix una manera de proporcionar uns determinats serveis als seus clients, <strong>els quals seran els qui hagin de valorar la manera en que es presten<\/strong> i, amb aix\u00f2, decidir l&#8217;entitat amb la qual inici\u00efn o mantinguin les seves relacions financeres\u201d.<br \/><br \/><strong>La desbancaritzaci\u00f3 del territori \u00e9s la cara B<\/strong> del proc\u00e9s de la reestructuraci\u00f3 banc\u00e0ria a la qual assistim i que hereta a l&#8217;esdevinguda en l&#8217;anterior crisi financera de la d\u00e8cada passada. Segons dades recollides per ASUFIN, en aquests \u00faltims deu anys, les oficines banc\u00e0ries han patit una disminuci\u00f3 del 43,27%, de comptar amb 45.662 a pr\u00e0cticament la meitat: 25.926.<\/p>\t\t\t\t\t\t\t\t<\/div>\n\t\t\t\t<\/div>\n\t\t\t\t\t<\/div>\n\t\t<\/div>\n\t\t\t\t\t<\/div>\n\t\t<\/section>\n\t\t\t\t<section class=\"elementor-section elementor-top-section elementor-element elementor-element-340d5b4 elementor-section-boxed elementor-section-height-default elementor-section-height-default\" data-id=\"340d5b4\" data-element_type=\"section\">\n\t\t\t\t\t\t<div class=\"elementor-container elementor-column-gap-default\">\n\t\t\t\t\t<div class=\"elementor-column elementor-col-100 elementor-top-column elementor-element elementor-element-31e7d5b\" data-id=\"31e7d5b\" data-element_type=\"column\">\n\t\t\t<div class=\"elementor-widget-wrap elementor-element-populated\">\n\t\t\t\t\t\t<div class=\"elementor-element elementor-element-7f5038f elementor-widget elementor-widget-text-editor\" data-id=\"7f5038f\" data-element_type=\"widget\" data-widget_type=\"text-editor.default\">\n\t\t\t\t<div class=\"elementor-widget-container\">\n\t\t\t\t\t\t\t\t\t<h5 style=\"text-align: center;\"><a href=\"https:\/\/asufin.com\/reclama\/\" target=\"_blank\" rel=\"noopener\">Si et veus afectat pels danys col\u00b7laterals de les fusions, informa&#8217;t<\/a><\/h5>\t\t\t\t\t\t\t\t<\/div>\n\t\t\t\t<\/div>\n\t\t\t\t\t<\/div>\n\t\t<\/div>\n\t\t\t\t\t<\/div>\n\t\t<\/section>\n\t\t\t\t<section class=\"elementor-section elementor-top-section elementor-element elementor-element-e49a355 elementor-section-boxed elementor-section-height-default elementor-section-height-default\" data-id=\"e49a355\" data-element_type=\"section\">\n\t\t\t\t\t\t<div class=\"elementor-container elementor-column-gap-default\">\n\t\t\t\t\t<div class=\"elementor-column elementor-col-100 elementor-top-column elementor-element elementor-element-819c123\" data-id=\"819c123\" data-element_type=\"column\">\n\t\t\t<div class=\"elementor-widget-wrap elementor-element-populated\">\n\t\t\t\t\t\t<div class=\"elementor-element elementor-element-58e58a7 elementor-widget elementor-widget-text-editor\" data-id=\"58e58a7\" data-element_type=\"widget\" data-widget_type=\"text-editor.default\">\n\t\t\t\t<div class=\"elementor-widget-container\">\n\t\t\t\t\t\t\t\t\t<p>\u201cLa progressiva desaparici\u00f3 d&#8217;establiments suposa un pas m\u00e9s per a crear una <strong>bretxa digital i financera<\/strong> entre els clients menys acostumats a l&#8217;\u00fas de les noves tecnologies o els m\u00e9s necessitats d&#8217;assessorament financer, \u00e9s a dir, tant el segment m\u00e9s gran com el m\u00e9s jove de la poblaci\u00f3\u201d, <strong>adverteix Patricia Su\u00e1rez, presidenta d&#8217;ASUFIN.<\/strong> \u201cLa situaci\u00f3 d&#8217;emerg\u00e8ncia creada pel COVID \u2013 afegeix &#8211; ha accelerat els processos de digitalitzaci\u00f3 de la banca que, fins i tot sent una tend\u00e8ncia necess\u00e0ria i que valorem positivament, estan deixant enrere a tota una generaci\u00f3\u201d. Des d&#8217;ASUFIN, \u00a0conscients d&#8217;aquesta realitat, continuem impulsant <a href=\"https:\/\/asufin.com\/aprende\/\" target=\"_blank\" rel=\"noopener\">un programa d&#8217;educaci\u00f3 financiera i digital<\/a> per a intentar ajudar els consumidors a gestionar millor les seves finances personals.\u201d<\/p><p>Un soci d&#8217;ASUFIN aporta <strong>aquest testimoni<\/strong>: \u201cLa meva sucursal de Bankia ha tancat i ens han adjudicat una nova sucursal sense consultar. M&#8217;han posat el meu compte personal en una sucursal en una punta del meu barri i el compte d&#8217;empresa en una altra sucursal a l&#8217;altra punta. Per\u00f2 el meu cas \u00e9s el menys important, est\u00e0 la meva mare que amb 88 anys l&#8217;han traslladat a una sucursal que per a arribar t\u00e9 45 minuts caminant i ella cobrar\u00e0 la pensi\u00f3 tots els mesos. \u00c9s legal que puguin negar-te el trasllat de sucursal?\u201d<\/p><p>Finalment, la pr\u00f2pia compet\u00e8ncia en el mercat es veu afectada. El propi Banc d&#8217;Espanya ha adm\u00e8s que \u201cquants menys bancs i m\u00e9s grans existeixin, <strong>m\u00e9s f\u00e0cil \u00e9s comportar-se d&#8217;una forma no competitiva (colusiva)<\/strong>\u00a0i, per tant, obtenir rendes de monopoli o oligopoli\u201d. Des de la crisi, el nou escenari \u00e9s el d&#8217;un mercat en el qual s&#8217;ha redu\u00eft intensament el nombre de competidors i s&#8217;ha incrementat la concentraci\u00f3.<\/p>\t\t\t\t\t\t\t\t<\/div>\n\t\t\t\t<\/div>\n\t\t\t\t\t<\/div>\n\t\t<\/div>\n\t\t\t\t\t<\/div>\n\t\t<\/section>\n\t\t\t\t<\/div>\n\t\t","protected":false},"excerpt":{"rendered":"<p>Aquests processos acceleren la bretxa digital i financera, adverteix Patricia Su\u00e1rez, presidenta de ASUFIN<\/p>\n","protected":false},"author":279,"featured_media":12634,"comment_status":"open","ping_status":"closed","sticky":false,"template":"","format":"standard","meta":{"_acf_changed":false,"_jetpack_newsletter_access":"","_jetpack_dont_email_post_to_subs":false,"_jetpack_newsletter_tier_id":0,"_jetpack_memberships_contains_paywalled_content":false,"_jetpack_memberships_contains_paid_content":false,"footnotes":""},"categories":[3278,6884],"tags":[],"class_list":["post-57503","post","type-post","status-publish","format-standard","has-post-thumbnail","hentry","category-asufin-comunicats-cat","category-asufin-tech-cat"],"acf":[],"jetpack_featured_media_url":"https:\/\/i0.wp.com\/staging.asufin.com\/staging\/wp-content\/uploads\/2013\/05\/banco-de-espana-10ABR13.jpg?fit=1143%2C702&ssl=1","jetpack_shortlink":"https:\/\/wp.me\/peayLa-eXt","jetpack_likes_enabled":false,"jetpack_sharing_enabled":true,"_links":{"self":[{"href":"https:\/\/staging.asufin.com\/staging\/wp-json\/wp\/v2\/posts\/57503","targetHints":{"allow":["GET"]}}],"collection":[{"href":"https:\/\/staging.asufin.com\/staging\/wp-json\/wp\/v2\/posts"}],"about":[{"href":"https:\/\/staging.asufin.com\/staging\/wp-json\/wp\/v2\/types\/post"}],"author":[{"embeddable":true,"href":"https:\/\/staging.asufin.com\/staging\/wp-json\/wp\/v2\/users\/279"}],"replies":[{"embeddable":true,"href":"https:\/\/staging.asufin.com\/staging\/wp-json\/wp\/v2\/comments?post=57503"}],"version-history":[{"count":5,"href":"https:\/\/staging.asufin.com\/staging\/wp-json\/wp\/v2\/posts\/57503\/revisions"}],"predecessor-version":[{"id":57549,"href":"https:\/\/staging.asufin.com\/staging\/wp-json\/wp\/v2\/posts\/57503\/revisions\/57549"}],"wp:featuredmedia":[{"embeddable":true,"href":"https:\/\/staging.asufin.com\/staging\/wp-json\/wp\/v2\/media\/12634"}],"wp:attachment":[{"href":"https:\/\/staging.asufin.com\/staging\/wp-json\/wp\/v2\/media?parent=57503"}],"wp:term":[{"taxonomy":"category","embeddable":true,"href":"https:\/\/staging.asufin.com\/staging\/wp-json\/wp\/v2\/categories?post=57503"},{"taxonomy":"post_tag","embeddable":true,"href":"https:\/\/staging.asufin.com\/staging\/wp-json\/wp\/v2\/tags?post=57503"}],"curies":[{"name":"wp","href":"https:\/\/api.w.org\/{rel}","templated":true}]}}