{"id":57881,"date":"2020-12-18T14:20:53","date_gmt":"2020-12-18T13:20:53","guid":{"rendered":"https:\/\/www.asufin.com\/?p=57881"},"modified":"2021-03-13T21:38:28","modified_gmt":"2021-03-13T20:38:28","slug":"irph-lap-de-barcelona-no-suspendra-les-resolucions-judicials-malgrat-estar-pendents-mes-aclariments-del-tjue","status":"publish","type":"post","link":"https:\/\/staging.asufin.com\/staging\/ca\/irph-lap-de-barcelona-no-suspendra-les-resolucions-judicials-malgrat-estar-pendents-mes-aclariments-del-tjue\/","title":{"rendered":"IRPH: L&#8217;AP de Barcelona no suspendr\u00e0 les resolucions judicials malgrat estar pendents m\u00e9s aclariments del TJUE"},"content":{"rendered":"\t\t<div data-elementor-type=\"wp-post\" data-elementor-id=\"57881\" class=\"elementor elementor-57881\">\n\t\t\t\t\t\t<section class=\"elementor-section elementor-top-section elementor-element elementor-element-39c36d5 elementor-section-boxed elementor-section-height-default elementor-section-height-default\" data-id=\"39c36d5\" data-element_type=\"section\">\n\t\t\t\t\t\t<div class=\"elementor-container elementor-column-gap-default\">\n\t\t\t\t\t<div class=\"elementor-column elementor-col-100 elementor-top-column elementor-element elementor-element-3f8e34f\" data-id=\"3f8e34f\" data-element_type=\"column\">\n\t\t\t<div class=\"elementor-widget-wrap elementor-element-populated\">\n\t\t\t\t\t\t<div class=\"elementor-element elementor-element-fae6edf elementor-widget elementor-widget-text-editor\" data-id=\"fae6edf\" data-element_type=\"widget\" data-widget_type=\"text-editor.default\">\n\t\t\t\t<div class=\"elementor-widget-container\">\n\t\t\t\t\t\t\t\t\t<h5>Amb aquesta decisi\u00f3 es condemna als consumidors a una sent\u00e8ncia desfavorable a pesar que el\u00a0TJUE\u00a0est\u00e0 pendent de resoldre la nova q\u00fcesti\u00f3 prejudicial<\/h5>\t\t\t\t\t\t\t\t<\/div>\n\t\t\t\t<\/div>\n\t\t\t\t\t<\/div>\n\t\t<\/div>\n\t\t\t\t\t<\/div>\n\t\t<\/section>\n\t\t\t\t<section class=\"elementor-section elementor-top-section elementor-element elementor-element-3c4ac9f elementor-section-boxed elementor-section-height-default elementor-section-height-default\" data-id=\"3c4ac9f\" data-element_type=\"section\">\n\t\t\t\t\t\t<div class=\"elementor-container elementor-column-gap-default\">\n\t\t\t\t\t<div class=\"elementor-column elementor-col-100 elementor-top-column elementor-element elementor-element-33888fe\" data-id=\"33888fe\" data-element_type=\"column\">\n\t\t\t<div class=\"elementor-widget-wrap elementor-element-populated\">\n\t\t\t\t\t\t<div class=\"elementor-element elementor-element-d2f497b elementor-widget elementor-widget-text-editor\" data-id=\"d2f497b\" data-element_type=\"widget\" data-widget_type=\"text-editor.default\">\n\t\t\t\t<div class=\"elementor-widget-container\">\n\t\t\t\t\t\t\t\t\t<h5>ASUFIN\u00a0adverteix del risc que la resta d&#8217;audi\u00e8ncies segueixin el mateix cam\u00ed amb el greu i irreversible perjudici que suposar\u00e0 per als afectats<\/h5>\t\t\t\t\t\t\t\t<\/div>\n\t\t\t\t<\/div>\n\t\t\t\t\t<\/div>\n\t\t<\/div>\n\t\t\t\t\t<\/div>\n\t\t<\/section>\n\t\t\t\t<section class=\"elementor-section elementor-top-section elementor-element elementor-element-d9c6127 elementor-section-boxed elementor-section-height-default elementor-section-height-default\" data-id=\"d9c6127\" data-element_type=\"section\">\n\t\t\t\t\t\t<div class=\"elementor-container elementor-column-gap-default\">\n\t\t\t\t\t<div class=\"elementor-column elementor-col-100 elementor-top-column elementor-element elementor-element-e911b7c\" data-id=\"e911b7c\" data-element_type=\"column\">\n\t\t\t<div class=\"elementor-widget-wrap elementor-element-populated\">\n\t\t\t\t\t\t<div class=\"elementor-element elementor-element-ae1cff3 elementor-widget elementor-widget-text-editor\" data-id=\"ae1cff3\" data-element_type=\"widget\" data-widget_type=\"text-editor.default\">\n\t\t\t\t<div class=\"elementor-widget-container\">\n\t\t\t\t\t\t\t\t\t<p>La secci\u00f3 15 de l&#8217;Audi\u00e8ncia Provincial de Barcelona acaba d&#8217;anunciar que <strong>no suspendr\u00e0 els procediments de\u00a0IRPH\u00a0malgrat que est\u00e0 pendent de resposta la nova q\u00fcesti\u00f3 prejudicial llan\u00e7ada pel jutjat de primera inst\u00e0ncia 38<\/strong> al Tribunal de Just\u00edcia de la Uni\u00f3 Europea (TJUE)\u00a0sobre l&#8217;\u00fas de l&#8217;\u00edndex en les hipoteques de fins a un mili\u00f3 d&#8217;afectats al nostre pa\u00eds.<br \/><br \/>En provid\u00e8ncia datada el passat 7 de desembre, raona que \u201cnom\u00e9s si aquest tribunal tingu\u00e9s els mateixos dubtes sobre la interpretaci\u00f3 del Dret de la Uni\u00f3 Europea\u201d estaria justificada la suspensi\u00f3 del recurs, <strong>la qual cosa obre la porta al fet que aquesta inst\u00e0ncia tramiti tots els procediments pendents<\/strong>.<br \/><br \/>Amb aquesta decisi\u00f3, es condemna als consumidors a una sent\u00e8ncia desfavorable a pesar que els seus assumptes haurien de jutjar-se <strong>disposant de tota la informaci\u00f3 que donar\u00e0 el\u00a0TJUE<\/strong>\u00a0una vegada resolgui els nous dubtes plantejats.<\/p>\t\t\t\t\t\t\t\t<\/div>\n\t\t\t\t<\/div>\n\t\t\t\t\t<\/div>\n\t\t<\/div>\n\t\t\t\t\t<\/div>\n\t\t<\/section>\n\t\t\t\t<section class=\"elementor-section elementor-top-section elementor-element elementor-element-3e42d4f elementor-section-boxed elementor-section-height-default elementor-section-height-default\" data-id=\"3e42d4f\" data-element_type=\"section\">\n\t\t\t\t\t\t<div class=\"elementor-container elementor-column-gap-default\">\n\t\t\t\t\t<div class=\"elementor-column elementor-col-100 elementor-top-column elementor-element elementor-element-62153fe\" data-id=\"62153fe\" data-element_type=\"column\">\n\t\t\t<div class=\"elementor-widget-wrap elementor-element-populated\">\n\t\t\t\t\t\t<div class=\"elementor-element elementor-element-4bcb482 elementor-widget elementor-widget-text-editor\" data-id=\"4bcb482\" data-element_type=\"widget\" data-widget_type=\"text-editor.default\">\n\t\t\t\t<div class=\"elementor-widget-container\">\n\t\t\t\t\t\t\t\t\t<h5 style=\"text-align: center;\"><a href=\"https:\/\/asufin.com\/reclama\/irph\/\" target=\"_blank\" rel=\"noopener\">Si tens la teva hipoteca en IRPH, informa&#8217;t i reclama amb nosaltres<\/a><\/h5>\t\t\t\t\t\t\t\t<\/div>\n\t\t\t\t<\/div>\n\t\t\t\t\t<\/div>\n\t\t<\/div>\n\t\t\t\t\t<\/div>\n\t\t<\/section>\n\t\t\t\t<section class=\"elementor-section elementor-top-section elementor-element elementor-element-7d3256a elementor-section-boxed elementor-section-height-default elementor-section-height-default\" data-id=\"7d3256a\" data-element_type=\"section\">\n\t\t\t\t\t\t<div class=\"elementor-container elementor-column-gap-default\">\n\t\t\t\t\t<div class=\"elementor-column elementor-col-100 elementor-top-column elementor-element elementor-element-41e00ee\" data-id=\"41e00ee\" data-element_type=\"column\">\n\t\t\t<div class=\"elementor-widget-wrap elementor-element-populated\">\n\t\t\t\t\t\t<div class=\"elementor-element elementor-element-511136d elementor-widget elementor-widget-text-editor\" data-id=\"511136d\" data-element_type=\"widget\" data-widget_type=\"text-editor.default\">\n\t\t\t\t<div class=\"elementor-widget-container\">\n\t\t\t\t\t\t\t\t\t<p>ASUFIN\u00a0llan\u00e7a la veu d&#8217;alarma tamb\u00e9 davant la possibilitat que la resta d&#8217;audi\u00e8ncies provincials de tot el pa\u00eds comparteixin aquest mateix criteri i donin llum verda a tots els procediments de\u00a0IRPH. \u201c<strong>Una cosa aix\u00ed ens recorda al succe\u00eft per la cl\u00e0usula s\u00f2l<\/strong>, quan milers d&#8217;afectats van perdre l&#8217;oportunitat de recuperar els seus diners\u201d, <strong>declara Patricia Su\u00e1rez, presidenta d&#8217;ASUFIN<\/strong>. \u201cLa just\u00edcia europea va corretgir llavors el criteri seguit pels tribunals espanyols, per\u00f2 molts consumidors es van quedar pel cam\u00ed perqu\u00e8 la seva sent\u00e8ncia va quedar ferma. El Suprem es va veure obligat a modificar la seva doctrina, per\u00f2 per a molts el mal ja era irreparable\u201d.<br \/><br \/>El jutge del 38 de Barcelona, Francisco Gonz\u00e1lez de Audicana, ha formulat al TJUE fins a sis q\u00fcestions amb dubtes que han quedat sense aclarir. Per exemple, Per qu\u00e8 la publicaci\u00f3 en el BOE de l&#8217;\u00edndex \u201csalva totes les exig\u00e8ncies de transpar\u00e8ncia quant al c\u00e0lcul i composici\u00f3 del IRPH\u201d, inclosa l&#8217;obligaci\u00f3 d&#8217;informar al consumidor\u201d? o si resulta contrari a dret europeu que una vegada declarada la cl\u00e0usula que incorpora el IRPH Caixes en el contracte, el jutge el substitueixi per IRPH Entitats, \u201ctenint en compte que tots dos es determinen per id\u00e8ntic i complex m\u00e8tode de c\u00e0lcul.<\/p>\t\t\t\t\t\t\t\t<\/div>\n\t\t\t\t<\/div>\n\t\t\t\t\t<\/div>\n\t\t<\/div>\n\t\t\t\t\t<\/div>\n\t\t<\/section>\n\t\t\t\t<\/div>\n\t\t","protected":false},"excerpt":{"rendered":"<p>Amb aquesta decisi\u00f3 es condemna als consumidors a una sent\u00e8ncia desfavorable a pesar que el\u00a0TJUE\u00a0est\u00e0 pendent de resoldre la nova q\u00fcesti\u00f3 prejudicial ASUFIN\u00a0adverteix del risc que la resta d&#8217;audi\u00e8ncies segueixin el mateix cam\u00ed amb el greu i irreversible perjudici que suposar\u00e0 per als afectats La secci\u00f3 15 de l&#8217;Audi\u00e8ncia Provincial de Barcelona acaba d&#8217;anunciar que [&hellip;]<\/p>\n","protected":false},"author":279,"featured_media":53364,"comment_status":"open","ping_status":"closed","sticky":false,"template":"","format":"standard","meta":{"_acf_changed":false,"_jetpack_newsletter_access":"","_jetpack_dont_email_post_to_subs":false,"_jetpack_newsletter_tier_id":0,"_jetpack_memberships_contains_paywalled_content":false,"_jetpack_memberships_contains_paid_content":false,"footnotes":""},"categories":[3278,6872],"tags":[],"class_list":["post-57881","post","type-post","status-publish","format-standard","has-post-thumbnail","hentry","category-asufin-comunicats-cat","category-irph-cat"],"acf":[],"jetpack_featured_media_url":"https:\/\/i0.wp.com\/staging.asufin.com\/staging\/wp-content\/uploads\/2020\/07\/tjue.jpg?fit=1200%2C900&ssl=1","jetpack_shortlink":"https:\/\/wp.me\/peayLa-f3z","jetpack_likes_enabled":false,"jetpack_sharing_enabled":true,"_links":{"self":[{"href":"https:\/\/staging.asufin.com\/staging\/wp-json\/wp\/v2\/posts\/57881","targetHints":{"allow":["GET"]}}],"collection":[{"href":"https:\/\/staging.asufin.com\/staging\/wp-json\/wp\/v2\/posts"}],"about":[{"href":"https:\/\/staging.asufin.com\/staging\/wp-json\/wp\/v2\/types\/post"}],"author":[{"embeddable":true,"href":"https:\/\/staging.asufin.com\/staging\/wp-json\/wp\/v2\/users\/279"}],"replies":[{"embeddable":true,"href":"https:\/\/staging.asufin.com\/staging\/wp-json\/wp\/v2\/comments?post=57881"}],"version-history":[{"count":4,"href":"https:\/\/staging.asufin.com\/staging\/wp-json\/wp\/v2\/posts\/57881\/revisions"}],"predecessor-version":[{"id":57885,"href":"https:\/\/staging.asufin.com\/staging\/wp-json\/wp\/v2\/posts\/57881\/revisions\/57885"}],"wp:featuredmedia":[{"embeddable":true,"href":"https:\/\/staging.asufin.com\/staging\/wp-json\/wp\/v2\/media\/53364"}],"wp:attachment":[{"href":"https:\/\/staging.asufin.com\/staging\/wp-json\/wp\/v2\/media?parent=57881"}],"wp:term":[{"taxonomy":"category","embeddable":true,"href":"https:\/\/staging.asufin.com\/staging\/wp-json\/wp\/v2\/categories?post=57881"},{"taxonomy":"post_tag","embeddable":true,"href":"https:\/\/staging.asufin.com\/staging\/wp-json\/wp\/v2\/tags?post=57881"}],"curies":[{"name":"wp","href":"https:\/\/api.w.org\/{rel}","templated":true}]}}