{"id":57886,"date":"2020-12-18T14:30:55","date_gmt":"2020-12-18T13:30:55","guid":{"rendered":"https:\/\/www.asufin.com\/?p=57886"},"modified":"2022-02-17T07:24:44","modified_gmt":"2022-02-17T07:24:44","slug":"multidivisa-un-associat-dasufin-recupera-49-000e","status":"publish","type":"post","link":"https:\/\/staging.asufin.com\/staging\/ca\/multidivisa-un-associat-dasufin-recupera-49-000e\/","title":{"rendered":"MULTIDIVISA: Un associat d&#8217;ASUFIN recupera 49.000\u20ac"},"content":{"rendered":"\t\t<div data-elementor-type=\"wp-post\" data-elementor-id=\"57886\" class=\"elementor elementor-57886\">\n\t\t\t\t\t\t<section class=\"elementor-section elementor-top-section elementor-element elementor-element-fb88e18 elementor-section-boxed elementor-section-height-default elementor-section-height-default\" data-id=\"fb88e18\" data-element_type=\"section\">\n\t\t\t\t\t\t<div class=\"elementor-container elementor-column-gap-default\">\n\t\t\t\t\t<div class=\"elementor-column elementor-col-100 elementor-top-column elementor-element elementor-element-b2dd82a\" data-id=\"b2dd82a\" data-element_type=\"column\">\n\t\t\t<div class=\"elementor-widget-wrap elementor-element-populated\">\n\t\t\t\t\t\t<div class=\"elementor-element elementor-element-7014bc7 elementor-widget elementor-widget-text-editor\" data-id=\"7014bc7\" data-element_type=\"widget\" data-widget_type=\"text-editor.default\">\n\t\t\t\t<div class=\"elementor-widget-container\">\n\t\t\t\t\t\t\t\t\t<h4>L&#8217;Audi\u00e8ncia Provincial 28 de Madrid declara la nul\u00b7litat del clausulat\u00a0multidivisa\u00a0del pr\u00e9stec hipotecari per falta de transpar\u00e8ncia.<\/h4>\t\t\t\t\t\t\t\t<\/div>\n\t\t\t\t<\/div>\n\t\t\t\t\t<\/div>\n\t\t<\/div>\n\t\t\t\t\t<\/div>\n\t\t<\/section>\n\t\t\t\t<section class=\"elementor-section elementor-top-section elementor-element elementor-element-0241390 elementor-section-boxed elementor-section-height-default elementor-section-height-default\" data-id=\"0241390\" data-element_type=\"section\">\n\t\t\t\t\t\t<div class=\"elementor-container elementor-column-gap-default\">\n\t\t\t\t\t<div class=\"elementor-column elementor-col-100 elementor-top-column elementor-element elementor-element-37ea39c\" data-id=\"37ea39c\" data-element_type=\"column\">\n\t\t\t<div class=\"elementor-widget-wrap elementor-element-populated\">\n\t\t\t\t\t\t<div class=\"elementor-element elementor-element-e86c11b elementor-widget elementor-widget-text-editor\" data-id=\"e86c11b\" data-element_type=\"widget\" data-widget_type=\"text-editor.default\">\n\t\t\t\t<div class=\"elementor-widget-container\">\n\t\t\t\t\t\t\t\t\tASUFIN va presentar, en representaci\u00f3 d&#8217;un dels seus associats, una demanda contra l&#8217;entitat Bankinter per un pr\u00e9stec hipotecari subscrit entre les parts el 24 d&#8217;abril de 2008. En aquesta demanda demanava <strong>la nul\u00b7litat del contracte en totes aquelles cl\u00e0usules referents a l&#8217;opci\u00f3 <a href=\"https:\/\/staging.asufin.com\/staging\/reclama\/hipoteca-multidivisa\/\" target=\"_blank\" rel=\"noopener\">multidivisa<\/a> al\u00b7legant la falta de transpar\u00e8ncia d&#8217;aquestes<\/strong>.\n\nEl Jutjat de Primera Inst\u00e0ncia n\u00famero 48 de la capital va dictar sent\u00e8ncia el 10 de juliol de 2018. En la qual declarava la nul\u00b7litat parcial del pr\u00e9stec i <strong>obligava la demandada a recalcular els quadres d&#8217;amortitzaci\u00f3 en euros i aplicant l&#8217;\u00edndex de refer\u00e8ncia ordinari (Euribor).<\/strong>\t\t\t\t\t\t\t\t<\/div>\n\t\t\t\t<\/div>\n\t\t\t\t<div class=\"elementor-element elementor-element-591d810 elementor-widget elementor-widget-text-editor\" data-id=\"591d810\" data-element_type=\"widget\" data-widget_type=\"text-editor.default\">\n\t\t\t\t<div class=\"elementor-widget-container\">\n\t\t\t\t\t\t\t\t\t<h5><a href=\"https:\/\/staging.asufin.com\/staging\/eco\/inicio\" target=\"_blank\" rel=\"noopener\">Visita la nostra web d&#8217;Asufineco per saber com funciona l&#8217;economia circular!<\/a><\/h5>\t\t\t\t\t\t\t\t<\/div>\n\t\t\t\t<\/div>\n\t\t\t\t<div class=\"elementor-element elementor-element-b8359c1 elementor-widget elementor-widget-text-editor\" data-id=\"b8359c1\" data-element_type=\"widget\" data-widget_type=\"text-editor.default\">\n\t\t\t\t<div class=\"elementor-widget-container\">\n\t\t\t\t\t\t\t\t\t<p>Enfront d&#8217;aquesta sent\u00e8ncia Bankinter va interposar un recurs d&#8217;apel\u00b7laci\u00f3 en el qual al\u00b7legava <strong>l&#8217;error en la valoraci\u00f3 probat\u00f2ria, el compliment de transpar\u00e8ncia i la inviabilitat de l&#8217;acci\u00f3 de nul\u00b7litat parcial<\/strong> per error vici.<br \/><br \/>Aquest tribunal basant-se en les nombroses sent\u00e8ncies del Tribunal Suprem determina que <strong>es tracta d&#8217;una condici\u00f3 general de la contractaci\u00f3<\/strong> i que el fet que hagi estat el consumidor el que va prendre la iniciativa a l&#8217;hora de contractar no elimina aquesta condici\u00f3.<\/p>\t\t\t\t\t\t\t\t<\/div>\n\t\t\t\t<\/div>\n\t\t\t\t<div class=\"elementor-element elementor-element-624eb86 elementor-widget elementor-widget-text-editor\" data-id=\"624eb86\" data-element_type=\"widget\" data-widget_type=\"text-editor.default\">\n\t\t\t\t<div class=\"elementor-widget-container\">\n\t\t\t\t\t\t\t\t\t<h5><a href=\"https:\/\/staging.asufin.com\/staging\/agenda-diciembre-apuntate-a-nuestros-seminarios-gratuitos\/\" target=\"_blank\" rel=\"noopener\">Apunta&#8217;t als nostres webinars del mes de desembre!<\/a><\/h5>\t\t\t\t\t\t\t\t<\/div>\n\t\t\t\t<\/div>\n\t\t\t\t<div class=\"elementor-element elementor-element-cd55b59 elementor-widget elementor-widget-text-editor\" data-id=\"cd55b59\" data-element_type=\"widget\" data-widget_type=\"text-editor.default\">\n\t\t\t\t<div class=\"elementor-widget-container\">\n\t\t\t\t\t\t\t\t\t<p>De la mateixa manera els magistrats d&#8217;aquesta sala entenen que <strong>no sols \u00e9s necessari que les cl\u00e0usules estiguin redactades de manera clara i comprensible<\/strong> perqu\u00e8 superin el control de transpar\u00e8ncia. Sin\u00f3 tamb\u00e9 que l&#8217;adherent pugui tenir un coneixement real d&#8217;aquestes, de manera que un consumidor\u00a0 informat pugui preveure, sobre la base de criteris precisos i comprensibles, les seves conseq\u00fc\u00e8ncies econ\u00f2miques.<br \/><br \/>A m\u00e9s, l&#8217;Alt Tribunal en aquests casos afirma que \u00e9s necessari un plus d&#8217;informaci\u00f3 que permeti al consumidor adoptar la seva decisi\u00f3 de contractar amb ple coneixement de la c\u00e0rrega econ\u00f2mica que li suposar\u00e0 concertar el contracte.<\/p>\t\t\t\t\t\t\t\t<\/div>\n\t\t\t\t<\/div>\n\t\t\t\t<div class=\"elementor-element elementor-element-d3198ef elementor-widget elementor-widget-text-editor\" data-id=\"d3198ef\" data-element_type=\"widget\" data-widget_type=\"text-editor.default\">\n\t\t\t\t<div class=\"elementor-widget-container\">\n\t\t\t\t\t\t\t\t\t<h5><a href=\"https:\/\/www.youtube.com\/c\/ASUFINASOCIACION\/videos\" target=\"_blank\" rel=\"noopener\">Suscriu-te al nostre canal de YouTube<\/a>\u00a0<\/h5>\t\t\t\t\t\t\t\t<\/div>\n\t\t\t\t<\/div>\n\t\t\t\t<div class=\"elementor-element elementor-element-bdc9e34 elementor-widget elementor-widget-text-editor\" data-id=\"bdc9e34\" data-element_type=\"widget\" data-widget_type=\"text-editor.default\">\n\t\t\t\t<div class=\"elementor-widget-container\">\n\t\t\t\t\t\t\t\t\t<p>Respecte a l&#8217;error en la valoraci\u00f3 de la prova, es conclou que aquesta cl\u00e0usula no supera el doble control de transpar\u00e8ncia perqu\u00e8 l&#8217;entitat no ha pogut aportar documents que justifiquin la informaci\u00f3 precontractual donada al prestatari el perfil del qual \u00e9s el propi del consumidor mitj\u00e0. En definitiva consideren que la part prestat\u00e0ria no va entendre l&#8217;operativa de la\u00a0multidivisa, i aix\u00f2 perqu\u00e8 no va ser degudament informada de la significaci\u00f3 econ\u00f2mica de les cl\u00e0usules. <strong>Es va comercialitzar un producte complex i inadequat pari el perfil del client.<\/strong><\/p>\t\t\t\t\t\t\t\t<\/div>\n\t\t\t\t<\/div>\n\t\t\t\t<div class=\"elementor-element elementor-element-d878059 elementor-widget elementor-widget-text-editor\" data-id=\"d878059\" data-element_type=\"widget\" data-widget_type=\"text-editor.default\">\n\t\t\t\t<div class=\"elementor-widget-container\">\n\t\t\t\t\t\t\t\t\t<p>Per tot aix\u00f2 l&#8217;Audi\u00e8ncia provincial 28 de Madrid desestima el recurs interposat per l&#8217;entitat banc\u00e0ria i <strong>confirma \u00edntegrament la sent\u00e8ncia del\u00a0JPI\u00a048 de Madrid que condemnava a Bankinter a retornar 49.000<\/strong> euros al consumidor despr\u00e9s de recalcular els quadres d&#8217;amortitzaci\u00f3.<\/p>\t\t\t\t\t\t\t\t<\/div>\n\t\t\t\t<\/div>\n\t\t\t\t<div class=\"elementor-element elementor-element-265680a elementor-widget elementor-widget-text-editor\" data-id=\"265680a\" data-element_type=\"widget\" data-widget_type=\"text-editor.default\">\n\t\t\t\t<div class=\"elementor-widget-container\">\n\t\t\t\t\t\t\t\t\t<h5><a href=\"https:\/\/panel.asufin.com\/\" target=\"_blank\" rel=\"noopener\">Descarrega aqu\u00ed les sent\u00e8ncies<\/a>\u00a0<\/h5>\t\t\t\t\t\t\t\t<\/div>\n\t\t\t\t<\/div>\n\t\t\t\t<div class=\"elementor-element elementor-element-97f102d elementor-widget elementor-widget-text-editor\" data-id=\"97f102d\" data-element_type=\"widget\" data-widget_type=\"text-editor.default\">\n\t\t\t\t<div class=\"elementor-widget-container\">\n\t\t\t\t\t\t\t\t\t<p><strong>Producte<\/strong>: Hipoteca multidivisa<\/p><p><strong>Jutjat: <\/strong>Audi\u00e8ncia Provincial 28 de Madrid<\/p><p><strong>Entitat: <\/strong>Bankinter<\/p><p><strong>Data:<\/strong> 19.11.2020<\/p>\t\t\t\t\t\t\t\t<\/div>\n\t\t\t\t<\/div>\n\t\t\t\t\t<\/div>\n\t\t<\/div>\n\t\t\t\t\t<\/div>\n\t\t<\/section>\n\t\t\t\t<\/div>\n\t\t","protected":false},"excerpt":{"rendered":"<p>L&#8217;Audi\u00e8ncia Provincial 28 de Madrid declara la nul\u00b7litat del clausulat\u00a0multidivisa\u00a0del pr\u00e9stec hipotecari per falta de transpar\u00e8ncia. ASUFIN va presentar, en representaci\u00f3 d&#8217;un dels seus associats, una demanda contra l&#8217;entitat Bankinter per un pr\u00e9stec hipotecari subscrit entre les parts el 24 d&#8217;abril de 2008. En aquesta demanda demanava la nul\u00b7litat del contracte en totes aquelles cl\u00e0usules [&hellip;]<\/p>\n","protected":false},"author":279,"featured_media":28629,"comment_status":"open","ping_status":"closed","sticky":false,"template":"","format":"standard","meta":{"_acf_changed":false,"_jetpack_newsletter_access":"","_jetpack_dont_email_post_to_subs":false,"_jetpack_newsletter_tier_id":0,"_jetpack_memberships_contains_paywalled_content":false,"_jetpack_memberships_contains_paid_content":false,"footnotes":""},"categories":[6892],"tags":[],"class_list":["post-57886","post","type-post","status-publish","format-standard","has-post-thumbnail","hentry","category-multidivisa-cat"],"acf":[],"jetpack_featured_media_url":"https:\/\/i0.wp.com\/staging.asufin.com\/staging\/wp-content\/uploads\/2017\/03\/BANKINTER_SUCURSAL_M-2.png?fit=1018%2C712&ssl=1","jetpack_shortlink":"https:\/\/wp.me\/peayLa-f3E","jetpack_likes_enabled":false,"jetpack_sharing_enabled":true,"_links":{"self":[{"href":"https:\/\/staging.asufin.com\/staging\/wp-json\/wp\/v2\/posts\/57886","targetHints":{"allow":["GET"]}}],"collection":[{"href":"https:\/\/staging.asufin.com\/staging\/wp-json\/wp\/v2\/posts"}],"about":[{"href":"https:\/\/staging.asufin.com\/staging\/wp-json\/wp\/v2\/types\/post"}],"author":[{"embeddable":true,"href":"https:\/\/staging.asufin.com\/staging\/wp-json\/wp\/v2\/users\/279"}],"replies":[{"embeddable":true,"href":"https:\/\/staging.asufin.com\/staging\/wp-json\/wp\/v2\/comments?post=57886"}],"version-history":[{"count":5,"href":"https:\/\/staging.asufin.com\/staging\/wp-json\/wp\/v2\/posts\/57886\/revisions"}],"predecessor-version":[{"id":85704,"href":"https:\/\/staging.asufin.com\/staging\/wp-json\/wp\/v2\/posts\/57886\/revisions\/85704"}],"wp:featuredmedia":[{"embeddable":true,"href":"https:\/\/staging.asufin.com\/staging\/wp-json\/wp\/v2\/media\/28629"}],"wp:attachment":[{"href":"https:\/\/staging.asufin.com\/staging\/wp-json\/wp\/v2\/media?parent=57886"}],"wp:term":[{"taxonomy":"category","embeddable":true,"href":"https:\/\/staging.asufin.com\/staging\/wp-json\/wp\/v2\/categories?post=57886"},{"taxonomy":"post_tag","embeddable":true,"href":"https:\/\/staging.asufin.com\/staging\/wp-json\/wp\/v2\/tags?post=57886"}],"curies":[{"name":"wp","href":"https:\/\/api.w.org\/{rel}","templated":true}]}}