{"id":58849,"date":"2021-02-01T18:32:58","date_gmt":"2021-02-01T17:32:58","guid":{"rendered":"https:\/\/www.asufin.com\/?p=58849"},"modified":"2021-05-25T11:28:26","modified_gmt":"2021-05-25T11:28:26","slug":"denuncies-asufin-denuncia-a-europa-al-tribunal-suprem-per-vulnerar-les-directives-i-els-tractats-de-proteccio-dels-consumidors","status":"publish","type":"post","link":"https:\/\/staging.asufin.com\/staging\/ca\/denuncies-asufin-denuncia-a-europa-al-tribunal-suprem-per-vulnerar-les-directives-i-els-tractats-de-proteccio-dels-consumidors\/","title":{"rendered":"DEN\u00daNCIES: ASUFIN den\u00fancia a Europa al Tribunal Suprem per vulnerar les directives i els tractats de protecci\u00f3 dels consumidors"},"content":{"rendered":"\t\t<div data-elementor-type=\"wp-post\" data-elementor-id=\"58849\" class=\"elementor elementor-58849\">\n\t\t\t\t\t\t<section class=\"elementor-section elementor-top-section elementor-element elementor-element-26d0df5 elementor-section-boxed elementor-section-height-default elementor-section-height-default\" data-id=\"26d0df5\" data-element_type=\"section\">\n\t\t\t\t\t\t<div class=\"elementor-container elementor-column-gap-default\">\n\t\t\t\t\t<div class=\"elementor-column elementor-col-100 elementor-top-column elementor-element elementor-element-989857a\" data-id=\"989857a\" data-element_type=\"column\">\n\t\t\t<div class=\"elementor-widget-wrap elementor-element-populated\">\n\t\t\t\t\t\t<div class=\"elementor-element elementor-element-e55862b elementor-widget elementor-widget-text-editor\" data-id=\"e55862b\" data-element_type=\"widget\" data-widget_type=\"text-editor.default\">\n\t\t\t\t<div class=\"elementor-widget-container\">\n\t\t\t\t\t\t\t\t\t<h5>L&#8217;associaci\u00f3 denuncia 10 anys d&#8217;interpretaci\u00f3 restrictiva del principi de transpar\u00e8ncia en la contractaci\u00f3 amb els consumidors i negacionisme de la jurisprud\u00e8ncia del TJUE<\/h5>\t\t\t\t\t\t\t\t<\/div>\n\t\t\t\t<\/div>\n\t\t\t\t\t<\/div>\n\t\t<\/div>\n\t\t\t\t\t<\/div>\n\t\t<\/section>\n\t\t\t\t<section class=\"elementor-section elementor-top-section elementor-element elementor-element-992867c elementor-section-boxed elementor-section-height-default elementor-section-height-default\" data-id=\"992867c\" data-element_type=\"section\">\n\t\t\t\t\t\t<div class=\"elementor-container elementor-column-gap-default\">\n\t\t\t\t\t<div class=\"elementor-column elementor-col-100 elementor-top-column elementor-element elementor-element-26d776b\" data-id=\"26d776b\" data-element_type=\"column\">\n\t\t\t<div class=\"elementor-widget-wrap elementor-element-populated\">\n\t\t\t\t\t\t<div class=\"elementor-element elementor-element-2dd2232 elementor-widget elementor-widget-text-editor\" data-id=\"2dd2232\" data-element_type=\"widget\" data-widget_type=\"text-editor.default\">\n\t\t\t\t<div class=\"elementor-widget-container\">\n\t\t\t\t\t\t\t\t\t<h5>La den\u00fancia podria derivar en un procediment sancionador per al nostre pa\u00eds, aix\u00ed com que el\u00a0TJUE\u00a0obligui el Suprem a revisar tota la seva doctrina<\/h5>\t\t\t\t\t\t\t\t<\/div>\n\t\t\t\t<\/div>\n\t\t\t\t\t<\/div>\n\t\t<\/div>\n\t\t\t\t\t<\/div>\n\t\t<\/section>\n\t\t\t\t<section class=\"elementor-section elementor-top-section elementor-element elementor-element-1123723 elementor-section-boxed elementor-section-height-default elementor-section-height-default\" data-id=\"1123723\" data-element_type=\"section\">\n\t\t\t\t\t\t<div class=\"elementor-container elementor-column-gap-default\">\n\t\t\t\t\t<div class=\"elementor-column elementor-col-100 elementor-top-column elementor-element elementor-element-f7deb59\" data-id=\"f7deb59\" data-element_type=\"column\">\n\t\t\t<div class=\"elementor-widget-wrap elementor-element-populated\">\n\t\t\t\t\t\t<div class=\"elementor-element elementor-element-83db82c elementor-widget elementor-widget-text-editor\" data-id=\"83db82c\" data-element_type=\"widget\" data-widget_type=\"text-editor.default\">\n\t\t\t\t<div class=\"elementor-widget-container\">\n\t\t\t\t\t\t\t\t\t<p>ASUFIN\u00a0ha denunciat davant les institucions europees al Regne d&#8217;Espanya i, en concret, al Tribunal Suprem per <strong>la reiterada i sistem\u00e0tica vulneraci\u00f3<\/strong> de la Directiva europea 93\/13\/CEE que protegeix els consumidors enfront de les cl\u00e0usules abusives en els contractes. L&#8217;escrit <strong>compta amb el suport de 68 juristes i economistes experts<\/strong> en Dret dels consumidors i 16 organitzacions de Cro\u00e0cia, Espanya, Eslov\u00e8nia, Hongria, Isl\u00e0ndia, It\u00e0lia, Pol\u00f2nia, Romania i Ucra\u00efna.<br \/><br \/>L&#8217;associaci\u00f3 sol\u00b7licita a les institucions de la Uni\u00f3 Europea que realitzin \u201cels oportuns esbrinaments i <strong>obrin el procediment d&#8217;infracci\u00f3 corresponen<\/strong>t\u201d a fi de garantir que al nostre pa\u00eds s&#8217;apliqui de manera correcta el Dret de la Uni\u00f3 i en concret, el principi de transpar\u00e8ncia en la contractaci\u00f3 amb els consumidors.<\/p><p>En concret, demana \u201ccondemnar al Regne d&#8217;Espanya a regular el principi de transpar\u00e8ncia, el seu contingut i abast en la contractaci\u00f3, especialment amb consumidors\u201d, seguint aix\u00ed les exig\u00e8ncies de la directiva europea. A <strong>suprimir de manera definitiva<\/strong> <strong><span style=\"vertical-align: inherit;\"><a href=\"https:\/\/asufin.com\/reclama\/irph\/\" target=\"_blank\" rel=\"noopener\">l&#8217;\u00edndex de referencia IRPH<\/a><\/span><\/strong>, tant de caixes com d&#8217;entitats, deixant aquests pr\u00e9stecs sense inter\u00e8s conforme admet el sistema legal espanyol i a eliminar aix\u00ed mateix els <strong>obstacles i limitacions existeixen en mat\u00e8ria d&#8217;accions col\u00b7lectives.<\/strong><\/p>\t\t\t\t\t\t\t\t<\/div>\n\t\t\t\t<\/div>\n\t\t\t\t\t<\/div>\n\t\t<\/div>\n\t\t\t\t\t<\/div>\n\t\t<\/section>\n\t\t\t\t<section class=\"elementor-section elementor-top-section elementor-element elementor-element-7de277e elementor-section-boxed elementor-section-height-default elementor-section-height-default\" data-id=\"7de277e\" data-element_type=\"section\">\n\t\t\t\t\t\t<div class=\"elementor-container elementor-column-gap-default\">\n\t\t\t\t\t<div class=\"elementor-column elementor-col-100 elementor-top-column elementor-element elementor-element-0b4d5fc\" data-id=\"0b4d5fc\" data-element_type=\"column\">\n\t\t\t<div class=\"elementor-widget-wrap elementor-element-populated\">\n\t\t\t\t\t\t<div class=\"elementor-element elementor-element-373e508 elementor-widget elementor-widget-text-editor\" data-id=\"373e508\" data-element_type=\"widget\" data-widget_type=\"text-editor.default\">\n\t\t\t\t<div class=\"elementor-widget-container\">\n\t\t\t\t\t\t\t\t\t<h4 style=\"text-align: center;\"><span style=\"vertical-align: inherit;\"><span style=\"vertical-align: inherit;\"><a href=\"https:\/\/panel.asufin.com\/login\" target=\"_blank\" rel=\"noopener\">Accedeix aqu\u00ed a la den\u00fancia completa presentada per ASUFIN a la CE *<\/a><\/span><\/span><\/h4>\t\t\t\t\t\t\t\t<\/div>\n\t\t\t\t<\/div>\n\t\t\t\t\t<\/div>\n\t\t<\/div>\n\t\t\t\t\t<\/div>\n\t\t<\/section>\n\t\t\t\t<section class=\"elementor-section elementor-top-section elementor-element elementor-element-48a4dbf elementor-section-boxed elementor-section-height-default elementor-section-height-default\" data-id=\"48a4dbf\" data-element_type=\"section\">\n\t\t\t\t\t\t<div class=\"elementor-container elementor-column-gap-default\">\n\t\t\t\t\t<div class=\"elementor-column elementor-col-100 elementor-top-column elementor-element elementor-element-fcf0bda\" data-id=\"fcf0bda\" data-element_type=\"column\">\n\t\t\t<div class=\"elementor-widget-wrap elementor-element-populated\">\n\t\t\t\t\t\t<div class=\"elementor-element elementor-element-3de53b1 elementor-widget elementor-widget-text-editor\" data-id=\"3de53b1\" data-element_type=\"widget\" data-widget_type=\"text-editor.default\">\n\t\t\t\t<div class=\"elementor-widget-container\">\n\t\t\t\t\t\t\t\t\t<p>La den\u00fancia, <strong>presentada el dia d&#8217;ahir davant la Comissi\u00f3 Europea per via telem\u00e0tica<\/strong>, pot comportar igualment que el Tribunal de Just\u00edcia de la Uni\u00f3 Europea (TJUE)<strong>\u00a0obligui a la revisi\u00f3 de tota la doctrina del Suprem.<\/strong><br \/><br \/>ASUFIN\u00a0justifica en la seva den\u00fancia, \u201camb dades objectives\u201d que el Tribunal Suprem espanyol \u201cno ha estat capa\u00e7 de resoldre els assumptes amb un criteri que ofer\u00eds seguretat jur\u00eddica\u201d. Aquesta<strong> inseguretat jur\u00eddica<\/strong> ha provocat que els jutges nacionals s&#8217;hagin vist obligats a plantejar fins a 88 q\u00fcestions prejudicials en mat\u00e8ria de protecci\u00f3 del consumidor entre 2010 i 2019. Q\u00fcestions que han portat a corregir moltes vegades el criteri del Tribunal Suprem el que ha provocat que molts consumidors amb sent\u00e8ncia desestimat\u00f2ria <strong>perdessin l&#8217;oportunitat de recuperar els seus diners<\/strong> per una interpretaci\u00f3 incorrecta de les directives europees.<br \/><br \/>I \u00e9s que sistem\u00e0ticament, <strong>el Tribunal Suprem no ha acollit pac\u00edficament la doctrina del\u00a0TJUE\u00a0<\/strong>mantenint una clara contradicci\u00f3 jur\u00eddica que continua generant greus perjudicis en introduir retallades, limitacions o interpretacions restrictives dels criteris protectors dels consumidors. La demanda aporta dades objectives de <strong>les decisions m\u00e9s lesives<\/strong>: la retroactivitat de la cl\u00e0usula sol, les costes processals, la contractaci\u00f3 entre professionals, el venciment anticipat, el\u00a0IRPH\u00a0i la falta de legitimaci\u00f3 de les associacions de consumidors per a defensar a clients amb inversions d&#8217;elevada quantia, car\u00e0cter especulatiu o m\u00faltiples contractacions, entre altres.<\/p>\t\t\t\t\t\t\t\t<\/div>\n\t\t\t\t<\/div>\n\t\t\t\t<div class=\"elementor-element elementor-element-d947ec8 elementor-widget elementor-widget-text-editor\" data-id=\"d947ec8\" data-element_type=\"widget\" data-widget_type=\"text-editor.default\">\n\t\t\t\t<div class=\"elementor-widget-container\">\n\t\t\t\t\t\t\t\t\t<h4 style=\"text-align: center;\"><a href=\"https:\/\/elpais.com\/economia\/2021-01-13\/la-asociacion-asufin-denuncia-al-supremo-ante-la-ue-por-actuar-en-contra-del-consumidor.html\" target=\"_blank\" rel=\"noopener\"><span style=\"vertical-align: inherit;\"><span style=\"vertical-align: inherit;\">EL PA\u00cdS: L&#8217;associaci\u00f3 Asufin den\u00fancia al Suprem davant la UE per actuar en contra del consumidor\u00a0<\/span><\/span><\/a><\/h4>\t\t\t\t\t\t\t\t<\/div>\n\t\t\t\t<\/div>\n\t\t\t\t<div class=\"elementor-element elementor-element-212dc34 elementor-widget elementor-widget-text-editor\" data-id=\"212dc34\" data-element_type=\"widget\" data-widget_type=\"text-editor.default\">\n\t\t\t\t<div class=\"elementor-widget-container\">\n\t\t\t\t\t\t\t\t\t<p><strong>Patricia Su\u00e1rez, presidenta d&#8217;ASUFIN,<\/strong> declara que \u201caquesta den\u00fancia \u00e9s la culminaci\u00f3 d&#8217;una labor incessant de defensa del consumidor bancari en la qual, els qui ens situem en la trinxera de la&nbsp;litigiosidad&nbsp;que genera la&nbsp;abusividad&nbsp;banc\u00e0ria, assistim at\u00f2nits al&nbsp;retorcimiento&nbsp;que fa el Tribunal Suprem de la jurisprud\u00e8ncia del&nbsp;TJUE. Els consumidors estem cansats de comen\u00e7ar el dia en el dia de la marmota una vegada i una altra, en una situaci\u00f3 d&#8217;inseguretat jur\u00eddica que no \u00e9s bona per a ning\u00fa. Amb aquesta den\u00fancia esperem que la Comissi\u00f3 Europea prengui cartes en l&#8217;assumpte i que el nostre Alt Tribunal recuperi la senda iniciada en 2012 amb la primera sent\u00e8ncia que aplicava el principi de la transpar\u00e8ncia en la contractaci\u00f3 massiva.\u201d<\/p>\n<p><strong>Beno\u00eet&nbsp;Lallemand, secretari general de&nbsp;Finance&nbsp;Watch<\/strong>, declara que \u201cASUFIN&nbsp;assenyala amb ra\u00f3 la necessitat urgent de disposar de normes m\u00e9s estrictes entorn de la transpar\u00e8ncia i la protecci\u00f3 del consumidor financer a Espanya i a la Uni\u00f3 Europea. <strong>Com a m\u00ednim, hem d&#8217;assegurar-nos que els Estats membres respectin les normes, directives i tractats de la UE en aquest \u00e0mbit.<\/strong> L&#8217;asimetria de la informaci\u00f3 en els termes d&#8217;un contracte fa que les llars siguin vulnerables a les pr\u00e0ctiques injustes o abusives del sector financer. Garantir que els consumidors comprenguin les implicacions de la utilitzaci\u00f3 dels serveis financers \u00e9s m\u00e9s important que mai, ja que moltes llars es veuen obligats a endeutar-se a conseq\u00fc\u00e8ncia de la crisi de COVID-19. Hem d&#8217;evitar els errors comesos en l&#8217;anterior crisi financera de 2007-2008&#8243;.<\/p>\n<p><br><\/p>\t\t\t\t\t\t\t\t<\/div>\n\t\t\t\t<\/div>\n\t\t\t\t\t<\/div>\n\t\t<\/div>\n\t\t\t\t\t<\/div>\n\t\t<\/section>\n\t\t\t\t<section class=\"elementor-section elementor-top-section elementor-element elementor-element-f00a506 elementor-section-boxed elementor-section-height-default elementor-section-height-default\" data-id=\"f00a506\" data-element_type=\"section\">\n\t\t\t\t\t\t<div class=\"elementor-container elementor-column-gap-default\">\n\t\t\t\t\t<div class=\"elementor-column elementor-col-100 elementor-top-column elementor-element elementor-element-ceea180\" data-id=\"ceea180\" data-element_type=\"column\">\n\t\t\t<div class=\"elementor-widget-wrap elementor-element-populated\">\n\t\t\t\t\t\t\t<\/div>\n\t\t<\/div>\n\t\t\t\t\t<\/div>\n\t\t<\/section>\n\t\t\t\t<\/div>\n\t\t","protected":false},"excerpt":{"rendered":"<p>L&#8217;associaci\u00f3 denuncia 10 anys d&#8217;interpretaci\u00f3 restrictiva del principi de transpar\u00e8ncia en la contractaci\u00f3 amb els consumidors i negacionisme de la jurisprud\u00e8ncia del TJUE La den\u00fancia podria derivar en un procediment sancionador per al nostre pa\u00eds, aix\u00ed com que el\u00a0TJUE\u00a0obligui el Suprem a revisar tota la seva doctrina ASUFIN\u00a0ha denunciat davant les institucions europees al Regne [&hellip;]<\/p>\n","protected":false},"author":279,"featured_media":44601,"comment_status":"open","ping_status":"closed","sticky":false,"template":"","format":"standard","meta":{"_acf_changed":false,"_jetpack_newsletter_access":"","_jetpack_dont_email_post_to_subs":false,"_jetpack_newsletter_tier_id":0,"_jetpack_memberships_contains_paywalled_content":false,"_jetpack_memberships_contains_paid_content":false,"footnotes":""},"categories":[3278,6872],"tags":[],"class_list":["post-58849","post","type-post","status-publish","format-standard","has-post-thumbnail","hentry","category-asufin-comunicats-cat","category-irph-cat"],"acf":[],"jetpack_featured_media_url":"https:\/\/i0.wp.com\/staging.asufin.com\/staging\/wp-content\/uploads\/2019\/07\/TRIBUNAL_SUPREMO_USUARIOS_FINANCIEROS.jpg?fit=1600%2C900&ssl=1","jetpack_shortlink":"https:\/\/wp.me\/peayLa-fjb","jetpack_likes_enabled":false,"jetpack_sharing_enabled":true,"_links":{"self":[{"href":"https:\/\/staging.asufin.com\/staging\/wp-json\/wp\/v2\/posts\/58849","targetHints":{"allow":["GET"]}}],"collection":[{"href":"https:\/\/staging.asufin.com\/staging\/wp-json\/wp\/v2\/posts"}],"about":[{"href":"https:\/\/staging.asufin.com\/staging\/wp-json\/wp\/v2\/types\/post"}],"author":[{"embeddable":true,"href":"https:\/\/staging.asufin.com\/staging\/wp-json\/wp\/v2\/users\/279"}],"replies":[{"embeddable":true,"href":"https:\/\/staging.asufin.com\/staging\/wp-json\/wp\/v2\/comments?post=58849"}],"version-history":[{"count":13,"href":"https:\/\/staging.asufin.com\/staging\/wp-json\/wp\/v2\/posts\/58849\/revisions"}],"predecessor-version":[{"id":64614,"href":"https:\/\/staging.asufin.com\/staging\/wp-json\/wp\/v2\/posts\/58849\/revisions\/64614"}],"wp:featuredmedia":[{"embeddable":true,"href":"https:\/\/staging.asufin.com\/staging\/wp-json\/wp\/v2\/media\/44601"}],"wp:attachment":[{"href":"https:\/\/staging.asufin.com\/staging\/wp-json\/wp\/v2\/media?parent=58849"}],"wp:term":[{"taxonomy":"category","embeddable":true,"href":"https:\/\/staging.asufin.com\/staging\/wp-json\/wp\/v2\/categories?post=58849"},{"taxonomy":"post_tag","embeddable":true,"href":"https:\/\/staging.asufin.com\/staging\/wp-json\/wp\/v2\/tags?post=58849"}],"curies":[{"name":"wp","href":"https:\/\/api.w.org\/{rel}","templated":true}]}}