{"id":59058,"date":"2021-02-10T12:00:49","date_gmt":"2021-02-10T11:00:49","guid":{"rendered":"https:\/\/www.asufin.com\/?p=59058"},"modified":"2021-02-09T20:47:05","modified_gmt":"2021-02-09T19:47:05","slug":"seguros-condenada-una-aseguradora-a-abonar-6-000e-a-causa-del-covid","status":"publish","type":"post","link":"https:\/\/staging.asufin.com\/staging\/seguros-condenada-una-aseguradora-a-abonar-6-000e-a-causa-del-covid\/","title":{"rendered":"SEGUROS: Condenada una aseguradora a abonar 6.000\u20ac a causa del Covid"},"content":{"rendered":"\t\t<div data-elementor-type=\"wp-post\" data-elementor-id=\"59058\" class=\"elementor elementor-59058\">\n\t\t\t\t\t\t<section class=\"elementor-section elementor-top-section elementor-element elementor-element-1999c68 elementor-section-boxed elementor-section-height-default elementor-section-height-default\" data-id=\"1999c68\" data-element_type=\"section\">\n\t\t\t\t\t\t<div class=\"elementor-container elementor-column-gap-default\">\n\t\t\t\t\t<div class=\"elementor-column elementor-col-100 elementor-top-column elementor-element elementor-element-7b001c7\" data-id=\"7b001c7\" data-element_type=\"column\">\n\t\t\t<div class=\"elementor-widget-wrap elementor-element-populated\">\n\t\t\t\t\t\t<div class=\"elementor-element elementor-element-43868f7 elementor-widget elementor-widget-text-editor\" data-id=\"43868f7\" data-element_type=\"widget\" data-widget_type=\"text-editor.default\">\n\t\t\t\t<div class=\"elementor-widget-container\">\n\t\t\t\t\t\t\t\t\t<h4>La AP 1 de Girona revoca la sentencia del JPI 2 y condena a la aseguradora a indemnizar a la parte por la paralizaci\u00f3n sufrida por el Covid<\/h4>\t\t\t\t\t\t\t\t<\/div>\n\t\t\t\t<\/div>\n\t\t\t\t<div class=\"elementor-element elementor-element-fed2d6f elementor-widget elementor-widget-text-editor\" data-id=\"fed2d6f\" data-element_type=\"widget\" data-widget_type=\"text-editor.default\">\n\t\t\t\t<div class=\"elementor-widget-container\">\n\t\t\t\t\t\t\t\t\t<p>La parte demandante interpuso una demanda contra la aseguradora de su negocio en la que <strong>le reclama la cantidad de 6.000\u20ac.<\/strong><\/p><p>El 13 de febrero de 2020 la demandante concert\u00f3 p\u00f3liza con la entidad demandada, referida a un local de negocio destinado a pizzer\u00eda, en el que se contemplaban diversas contingencias a cubrir. En dicha p\u00f3liza hab\u00eda \u00a0concertado un apartado <strong>especial por &#8220;paralizaci\u00f3n de actividad&#8221;<\/strong> que ascendida a 200\u20ac\/d\u00edas durante un periodo de treinta d\u00edas sin franquicia.<\/p>\t\t\t\t\t\t\t\t<\/div>\n\t\t\t\t<\/div>\n\t\t\t\t<div class=\"elementor-element elementor-element-d45db7d elementor-widget elementor-widget-text-editor\" data-id=\"d45db7d\" data-element_type=\"widget\" data-widget_type=\"text-editor.default\">\n\t\t\t\t<div class=\"elementor-widget-container\">\n\t\t\t\t\t\t\t\t\t<h5><a href=\"mailto:covid19@asufin.com\" target=\"_blank\" rel=\"noopener\">\u00bfNo puedes pagar tu hipoteca a causa del Covid-19? Escr\u00edbenos en covid19@asufin.com y te ayudaremos<\/a>\u00a0<\/h5>\t\t\t\t\t\t\t\t<\/div>\n\t\t\t\t<\/div>\n\t\t\t\t<div class=\"elementor-element elementor-element-7b67c36 elementor-widget elementor-widget-text-editor\" data-id=\"7b67c36\" data-element_type=\"widget\" data-widget_type=\"text-editor.default\">\n\t\t\t\t<div class=\"elementor-widget-container\">\n\t\t\t\t\t\t\t\t\t<p>Dada la prohibici\u00f3n de mantener abiertos los negocios emanada por la pandemia del <a href=\"https:\/\/asufin.com\/reclama\/covid-19-moratoria-hipotecaria\/\" target=\"_blank\" rel=\"noopener\">COVID-19<\/a>, la demandante tuvo el negocio paralizado por m\u00e1s de treinta d\u00edas y por ello, entiende que le corresponde <strong>ser indemnizada por la aseguradora por 30 d\u00edas<\/strong> a raz\u00f3n de 200\u20ac\/d\u00eda. Sin embargo, la aseguradora niega que se cubran los gastos de paralizaci\u00f3n de actividad derivados de una resoluci\u00f3n gubernativa como es la pandemia.<\/p><p>Ante estos hechos el Juzgado de Primera Instancia n\u00famero dos de Girona <strong>desestima la demanda<\/strong> y absuelve a la entidad demandada.<\/p>\t\t\t\t\t\t\t\t<\/div>\n\t\t\t\t<\/div>\n\t\t\t\t<div class=\"elementor-element elementor-element-4ce51c8 elementor-widget elementor-widget-text-editor\" data-id=\"4ce51c8\" data-element_type=\"widget\" data-widget_type=\"text-editor.default\">\n\t\t\t\t<div class=\"elementor-widget-container\">\n\t\t\t\t\t\t\t\t\t<h5><a href=\"http:\/\/ebook.com\/asufin.org\" target=\"_blank\" rel=\"noopener\">\u00a1S\u00edguenos en nuestras redes sociales para ser el primero en enterarte de todas las noticias!<\/a><\/h5>\t\t\t\t\t\t\t\t<\/div>\n\t\t\t\t<\/div>\n\t\t\t\t<div class=\"elementor-element elementor-element-4949139 elementor-widget elementor-widget-text-editor\" data-id=\"4949139\" data-element_type=\"widget\" data-widget_type=\"text-editor.default\">\n\t\t\t\t<div class=\"elementor-widget-container\">\n\t\t\t\t\t\t\t\t\t<p>Contra la anterior sentencia se interpone un recurso de apelaci\u00f3n, tras esto la Audiencia Provincial primera de Girona pasa a estudiar los hechos. Entiende que<strong> la parte actora entendi\u00f3 el contrato<\/strong> tanto las condiciones generales como las particulares. La cuesti\u00f3n esencial de este procedimiento consiste en determinar si la paralizaci\u00f3n como consecuencia de la pandemia por COVID-19 <strong>est\u00e1 o no cubierta por la p\u00f3liza.<\/strong><\/p><p>El hecho de que la p\u00f3liza examinada <strong>no contemple expresamente, <\/strong>la cobertura del riesgo referido a la paralizaci\u00f3n del negocio por la pandemia requisito necesario interpuesto por la doctrina del Tribunal Supremo para evitar ambig\u00fcedades no puede tratarse de cl\u00e1usulas que delimiten el riesgo en forma contradictoria con el objeto del contrato. Por todo ello, esta Audiencia estima la demanda y <strong>condena a la entidad a pagar 6.000\u20ac.<\/strong><\/p>\t\t\t\t\t\t\t\t<\/div>\n\t\t\t\t<\/div>\n\t\t\t\t<div class=\"elementor-element elementor-element-7024ce2 elementor-widget elementor-widget-text-editor\" data-id=\"7024ce2\" data-element_type=\"widget\" data-widget_type=\"text-editor.default\">\n\t\t\t\t<div class=\"elementor-widget-container\">\n\t\t\t\t\t\t\t\t\t<h5><a href=\"https:\/\/panel.asufin.com\/ver-audiencia\/7396\" target=\"_blank\" rel=\"noopener\">Descarga aqu\u00ed la sentencia\u00a0<\/a><\/h5>\t\t\t\t\t\t\t\t<\/div>\n\t\t\t\t<\/div>\n\t\t\t\t<div class=\"elementor-element elementor-element-ab73ec6 elementor-widget elementor-widget-text-editor\" data-id=\"ab73ec6\" data-element_type=\"widget\" data-widget_type=\"text-editor.default\">\n\t\t\t\t<div class=\"elementor-widget-container\">\n\t\t\t\t\t\t\t\t\t<p><strong>Producto:<\/strong> Seguros<\/p><p><strong>Fecha:<\/strong> 03.01.2021\u00a0<\/p><p><strong>Juzgado: <\/strong>Audiencia Provincial 1, Girona\u00a0<\/p>\t\t\t\t\t\t\t\t<\/div>\n\t\t\t\t<\/div>\n\t\t\t\t\t<\/div>\n\t\t<\/div>\n\t\t\t\t\t<\/div>\n\t\t<\/section>\n\t\t\t\t<\/div>\n\t\t","protected":false},"excerpt":{"rendered":"<p>La AP 1 de Girona revoca la sentencia del JPI 2 y condena a la aseguradora a indemnizar a la parte por la paralizaci\u00f3n sufrida por el Covid.<\/p>\n","protected":false},"author":279,"featured_media":49321,"comment_status":"open","ping_status":"closed","sticky":false,"template":"","format":"standard","meta":{"_acf_changed":false,"_jetpack_newsletter_access":"","_jetpack_dont_email_post_to_subs":false,"_jetpack_newsletter_tier_id":0,"_jetpack_memberships_contains_paywalled_content":false,"_jetpack_memberships_contains_paid_content":false,"footnotes":""},"categories":[3396,3282,17],"tags":[1114,220],"class_list":["post-59058","post","type-post","status-publish","format-standard","has-post-thumbnail","hentry","category-covid-19","category-seguros","category-sentencias","tag-noticias","tag-sentencias-2"],"acf":[],"jetpack_featured_media_url":"https:\/\/i0.wp.com\/staging.asufin.com\/staging\/wp-content\/uploads\/2020\/03\/COVID-19.jpg?fit=1600%2C900&ssl=1","jetpack_shortlink":"https:\/\/wp.me\/peayLa-fmy","jetpack_likes_enabled":false,"jetpack_sharing_enabled":true,"_links":{"self":[{"href":"https:\/\/staging.asufin.com\/staging\/wp-json\/wp\/v2\/posts\/59058","targetHints":{"allow":["GET"]}}],"collection":[{"href":"https:\/\/staging.asufin.com\/staging\/wp-json\/wp\/v2\/posts"}],"about":[{"href":"https:\/\/staging.asufin.com\/staging\/wp-json\/wp\/v2\/types\/post"}],"author":[{"embeddable":true,"href":"https:\/\/staging.asufin.com\/staging\/wp-json\/wp\/v2\/users\/279"}],"replies":[{"embeddable":true,"href":"https:\/\/staging.asufin.com\/staging\/wp-json\/wp\/v2\/comments?post=59058"}],"version-history":[{"count":24,"href":"https:\/\/staging.asufin.com\/staging\/wp-json\/wp\/v2\/posts\/59058\/revisions"}],"predecessor-version":[{"id":59372,"href":"https:\/\/staging.asufin.com\/staging\/wp-json\/wp\/v2\/posts\/59058\/revisions\/59372"}],"wp:featuredmedia":[{"embeddable":true,"href":"https:\/\/staging.asufin.com\/staging\/wp-json\/wp\/v2\/media\/49321"}],"wp:attachment":[{"href":"https:\/\/staging.asufin.com\/staging\/wp-json\/wp\/v2\/media?parent=59058"}],"wp:term":[{"taxonomy":"category","embeddable":true,"href":"https:\/\/staging.asufin.com\/staging\/wp-json\/wp\/v2\/categories?post=59058"},{"taxonomy":"post_tag","embeddable":true,"href":"https:\/\/staging.asufin.com\/staging\/wp-json\/wp\/v2\/tags?post=59058"}],"curies":[{"name":"wp","href":"https:\/\/api.w.org\/{rel}","templated":true}]}}