{"id":59747,"date":"2021-03-04T12:00:58","date_gmt":"2021-03-04T11:00:58","guid":{"rendered":"https:\/\/www.asufin.com\/?p=59747"},"modified":"2021-03-04T14:42:12","modified_gmt":"2021-03-04T13:42:12","slug":"covid-19-la-cancelacion-de-viajes-combinados-a-causa-de-la-pandemia","status":"publish","type":"post","link":"https:\/\/staging.asufin.com\/staging\/covid-19-la-cancelacion-de-viajes-combinados-a-causa-de-la-pandemia\/","title":{"rendered":"COVID-19: La cancelaci\u00f3n de viajes combinados a causa de la pandemia"},"content":{"rendered":"\t\t<div data-elementor-type=\"wp-post\" data-elementor-id=\"59747\" class=\"elementor elementor-59747\">\n\t\t\t\t\t\t<section class=\"elementor-section elementor-top-section elementor-element elementor-element-c52fe6b elementor-section-boxed elementor-section-height-default elementor-section-height-default\" data-id=\"c52fe6b\" data-element_type=\"section\">\n\t\t\t\t\t\t<div class=\"elementor-container elementor-column-gap-default\">\n\t\t\t\t\t<div class=\"elementor-column elementor-col-100 elementor-top-column elementor-element elementor-element-f5a1989\" data-id=\"f5a1989\" data-element_type=\"column\">\n\t\t\t<div class=\"elementor-widget-wrap elementor-element-populated\">\n\t\t\t\t\t\t<div class=\"elementor-element elementor-element-82b7736 elementor-widget elementor-widget-text-editor\" data-id=\"82b7736\" data-element_type=\"widget\" data-widget_type=\"text-editor.default\">\n\t\t\t\t<div class=\"elementor-widget-container\">\n\t\t\t\t\t\t\t\t\t<h4><span data-offset-key=\"61r1t-0-0\">Casi un a\u00f1o despu\u00e9s de que se decretase el confinamiento, el n\u00famero de litigios relacionados con la<\/span><span data-offset-key=\"61r1t-0-1\"> cancelaci\u00f3n de viajes se ha multiplicado<\/span><\/h4>\t\t\t\t\t\t\t\t<\/div>\n\t\t\t\t<\/div>\n\t\t\t\t<div class=\"elementor-element elementor-element-4027b50 elementor-widget elementor-widget-text-editor\" data-id=\"4027b50\" data-element_type=\"widget\" data-widget_type=\"text-editor.default\">\n\t\t\t\t<div class=\"elementor-widget-container\">\n\t\t\t\t\t\t\t\t\t<p>Tan solo faltan unos pocos d\u00edas para celebrar el a\u00f1o de la declaraci\u00f3n del estado de alarma por la crisis sanitaria de la Covid-19. Debido a esta situaci\u00f3n est\u00e1n empezando a\u00a0surgir los <strong>litigios relacionados con la cancelaci\u00f3n de viajes combinados<\/strong>. En especial con aquellos que se vieron modificados o incluso cancelados durante las primeras semanas de confinamiento.<\/p><p>El RDL 11\/2020 de 31 de marzo, que adoptaba medidas urgentes tanto en el\u00a0 \u00e1mbito social como econ\u00f3mico para hacer frente al Covid-19 establece en su art. 36 que: \u201c<em>en el supuesto de que se trate de contratos de viaje combinado, que hayan sido cancelados con motivo del COVID19, el organizador podr\u00e1n entregar al consumidor o usuario, (previa aceptaci\u00f3n por parte de este),<strong> un bono para ser utilizado dentro de un a\u00f1o<\/strong> desde la finalizaci\u00f3n de la vigencia del estado de alarma y sus pr\u00f3rrogas, por una cuant\u00eda igual al reembolso que hubiera correspondido. Transcurrido el periodo de validez del bono sin haber sido utilizado, el consumidor podr\u00e1 solicitar el reembolso completo de cualquier pago realizado que deber\u00e1 abonarse, a m\u00e1s tardar, en 14 d\u00edas\u201d<\/em>.<\/p>\t\t\t\t\t\t\t\t<\/div>\n\t\t\t\t<\/div>\n\t\t\t\t<div class=\"elementor-element elementor-element-0c7cf6f elementor-widget elementor-widget-text-editor\" data-id=\"0c7cf6f\" data-element_type=\"widget\" data-widget_type=\"text-editor.default\">\n\t\t\t\t<div class=\"elementor-widget-container\">\n\t\t\t\t\t\t\t\t\t<h5><a href=\"https:\/\/www.youtube.com\/watch?v=tZ05MJB6rYA&amp;t=22s\" target=\"_blank\" rel=\"noopener\">\u00bfTe perdiste nuestro webinar sobre COVID-19 y aerol\u00edneas? Vuelve a verlo aqu\u00ed\u00a0<\/a><\/h5>\t\t\t\t\t\t\t\t<\/div>\n\t\t\t\t<\/div>\n\t\t\t\t<div class=\"elementor-element elementor-element-c25b0e1 elementor-widget elementor-widget-text-editor\" data-id=\"c25b0e1\" data-element_type=\"widget\" data-widget_type=\"text-editor.default\">\n\t\t\t\t<div class=\"elementor-widget-container\">\n\t\t\t\t\t\t\t\t\t<p>Sin embargo, \u00bfalguien se ha preguntado qu\u00e9 sucede con los viajes combinados cancelados\u00a0antes del 14 de marzo de 2.020? Un\u00a0a\u00f1o despu\u00e9s, pocos agentes del sector\u00a0<em>cooperan.<\/em> El dinero del consumidor sigue en manos de los hoteles; de la empresa de autobuses o incluso de las <a href=\"https:\/\/asufin.com\/reclama\/aerolineas\/\" target=\"_blank\" rel=\"noopener\">aerol\u00edneas<\/a>. Pues a\u00fan no se ha resuelto la cuesti\u00f3n sobre si <strong>procede el reembolso \u00edntegro en esta situaci\u00f3n tan excepcional.<\/strong><\/p><p>Aunque bien es cierto, que seg\u00fan el art\u00edculo 161.1 de la LGCDU el reembolso debe recaer sobre el organizador en virtud de la responsabilidad solidaria. En los primeros d\u00edas del mes de marzo, muchos consumidores optaron por cancelar su viaje o aceptaron un bono modificando la fecha, debido a la incertidumbre causada por el desconocimiento. Los vuelos no estaban cancelados, los hoteles contaban con la reserva por lo que el motivo de <strong>la cancelaci\u00f3n se deb\u00eda exclusivamente al miedo<\/strong> provocado por la falta de informaci\u00f3n.\u00a0<\/p>\t\t\t\t\t\t\t\t<\/div>\n\t\t\t\t<\/div>\n\t\t\t\t<div class=\"elementor-element elementor-element-58906bf elementor-widget elementor-widget-text-editor\" data-id=\"58906bf\" data-element_type=\"widget\" data-widget_type=\"text-editor.default\">\n\t\t\t\t<div class=\"elementor-widget-container\">\n\t\t\t\t\t\t\t\t\t<h5><a href=\"https:\/\/www.facebook.com\/asufin.org\" target=\"_blank\" rel=\"noopener\">\u00a1S\u00edguenos en nuestras redes sociales para no perderte nada!<\/a><\/h5>\t\t\t\t\t\t\t\t<\/div>\n\t\t\t\t<\/div>\n\t\t\t\t<div class=\"elementor-element elementor-element-7701ca1 elementor-widget elementor-widget-text-editor\" data-id=\"7701ca1\" data-element_type=\"widget\" data-widget_type=\"text-editor.default\">\n\t\t\t\t<div class=\"elementor-widget-container\">\n\t\t\t\t\t\t\t\t\t<p>Ante esta situaci\u00f3n, cabr\u00edan dos posibles soluciones: La primera, aplicar del art. 160.1 LGCDU. Este art\u00edculo establece que el viajero podr\u00e1 resolver el contrato en cualquier momento anterior al viaje, aunque, se le podr\u00e1 exigir que pagase una penalizaci\u00f3n. Ya que al tratarse de una situaci\u00f3n intermedia, en que la viaje se segu\u00eda pudiendo realizar, <strong>la cancelaci\u00f3n no estrictamente a causa del Covid-19,<\/strong> ni se encontrar\u00eda amparada por el RDL 11\/2020.<\/p><p>Y la segunda, que es la aplicaci\u00f3n del art. 160.2 LGDCU. <em>\u201cC<\/em><em>uando concurran circunstancias inevitables y extraordinarias &#8230; el viajero tendr\u00e1 derecho a resolver el contrato antes del inicio del mismo sin pagar ninguna penalizaci\u00f3n&#8221;<\/em><strong><em>.\u00a0 <\/em><\/strong>A dem\u00e1s, el consumidor tendr\u00e1<strong> derecho al reembolso completo de cualquier pago realizado.<\/strong><\/p>\t\t\t\t\t\t\t\t<\/div>\n\t\t\t\t<\/div>\n\t\t\t\t\t<\/div>\n\t\t<\/div>\n\t\t\t\t\t<\/div>\n\t\t<\/section>\n\t\t\t\t<\/div>\n\t\t","protected":false},"excerpt":{"rendered":"<p>Casi un a\u00f1o despu\u00e9s de que se decretase el confinamiento, el n\u00famero de litigios relacionados con la cancelaci\u00f3n de viajes se ha multiplicado.<\/p>\n","protected":false},"author":279,"featured_media":56059,"comment_status":"open","ping_status":"closed","sticky":false,"template":"","format":"standard","meta":{"_acf_changed":false,"_jetpack_newsletter_access":"","_jetpack_dont_email_post_to_subs":false,"_jetpack_newsletter_tier_id":0,"_jetpack_memberships_contains_paywalled_content":false,"_jetpack_memberships_contains_paid_content":false,"footnotes":""},"categories":[3396],"tags":[1114],"class_list":["post-59747","post","type-post","status-publish","format-standard","has-post-thumbnail","hentry","category-covid-19","tag-noticias"],"acf":[],"jetpack_featured_media_url":"https:\/\/i0.wp.com\/staging.asufin.com\/staging\/wp-content\/uploads\/2020\/09\/brote-influenza-china-llamado-coronavirus-o-2019-ncov-que-ha-extendido-todo-mundo-peligro-pandemia-epidemia-humanidad-celulas-humanas-virus-infecta-celulas-ilustracion-3d_92790-190-1.jpg?fit=1500%2C843&ssl=1","jetpack_shortlink":"https:\/\/wp.me\/peayLa-fxF","jetpack_likes_enabled":false,"jetpack_sharing_enabled":true,"_links":{"self":[{"href":"https:\/\/staging.asufin.com\/staging\/wp-json\/wp\/v2\/posts\/59747","targetHints":{"allow":["GET"]}}],"collection":[{"href":"https:\/\/staging.asufin.com\/staging\/wp-json\/wp\/v2\/posts"}],"about":[{"href":"https:\/\/staging.asufin.com\/staging\/wp-json\/wp\/v2\/types\/post"}],"author":[{"embeddable":true,"href":"https:\/\/staging.asufin.com\/staging\/wp-json\/wp\/v2\/users\/279"}],"replies":[{"embeddable":true,"href":"https:\/\/staging.asufin.com\/staging\/wp-json\/wp\/v2\/comments?post=59747"}],"version-history":[{"count":32,"href":"https:\/\/staging.asufin.com\/staging\/wp-json\/wp\/v2\/posts\/59747\/revisions"}],"predecessor-version":[{"id":59802,"href":"https:\/\/staging.asufin.com\/staging\/wp-json\/wp\/v2\/posts\/59747\/revisions\/59802"}],"wp:featuredmedia":[{"embeddable":true,"href":"https:\/\/staging.asufin.com\/staging\/wp-json\/wp\/v2\/media\/56059"}],"wp:attachment":[{"href":"https:\/\/staging.asufin.com\/staging\/wp-json\/wp\/v2\/media?parent=59747"}],"wp:term":[{"taxonomy":"category","embeddable":true,"href":"https:\/\/staging.asufin.com\/staging\/wp-json\/wp\/v2\/categories?post=59747"},{"taxonomy":"post_tag","embeddable":true,"href":"https:\/\/staging.asufin.com\/staging\/wp-json\/wp\/v2\/tags?post=59747"}],"curies":[{"name":"wp","href":"https:\/\/api.w.org\/{rel}","templated":true}]}}