{"id":63309,"date":"2021-05-10T08:00:57","date_gmt":"2021-05-10T08:00:57","guid":{"rendered":"https:\/\/www.asufin.com\/?p=63309"},"modified":"2022-03-09T20:50:54","modified_gmt":"2022-03-09T20:50:54","slug":"como-podemos-beneficiarnos-de-las-ayudas-europeas-que-pretenden-salvar-la-crisis-economica-del-covid-19","status":"publish","type":"post","link":"https:\/\/staging.asufin.com\/staging\/como-podemos-beneficiarnos-de-las-ayudas-europeas-que-pretenden-salvar-la-crisis-economica-del-covid-19\/","title":{"rendered":"EUROPA: \u00bfC\u00f3mo podemos beneficiarnos de las ayudas europeas que pretenden salvar la crisis econ\u00f3mica del COVID-19?"},"content":{"rendered":"\t\t<div data-elementor-type=\"wp-post\" data-elementor-id=\"63309\" class=\"elementor elementor-63309\">\n\t\t\t\t\t\t<section class=\"elementor-section elementor-top-section elementor-element elementor-element-bf9a037 elementor-section-boxed elementor-section-height-default elementor-section-height-default\" data-id=\"bf9a037\" data-element_type=\"section\">\n\t\t\t\t\t\t<div class=\"elementor-container elementor-column-gap-default\">\n\t\t\t\t\t<div class=\"elementor-column elementor-col-100 elementor-top-column elementor-element elementor-element-36e49cd\" data-id=\"36e49cd\" data-element_type=\"column\">\n\t\t\t<div class=\"elementor-widget-wrap elementor-element-populated\">\n\t\t\t\t\t\t<div class=\"elementor-element elementor-element-fd17fee elementor-widget elementor-widget-text-editor\" data-id=\"fd17fee\" data-element_type=\"widget\" data-widget_type=\"text-editor.default\">\n\t\t\t\t<div class=\"elementor-widget-container\">\n\t\t\t\t\t\t\t\t\t<h4>Buena parte del dinero de las ayudas que llegue de Europa se destinar\u00e1 al impulso de la econom\u00eda verde y a la transformaci\u00f3n digital<\/h4>\t\t\t\t\t\t\t\t<\/div>\n\t\t\t\t<\/div>\n\t\t\t\t<div class=\"elementor-element elementor-element-8e3738f elementor-widget elementor-widget-text-editor\" data-id=\"8e3738f\" data-element_type=\"widget\" data-widget_type=\"text-editor.default\">\n\t\t\t\t<div class=\"elementor-widget-container\">\n\t\t\t\t\t\t\t\t\t<p>Hoy d\u00eda de Europa, se hace imprescindible hablar del <a href=\"https:\/\/ec.europa.eu\/info\/strategy\/recovery-plan-europe_es\" target=\"_blank\" rel=\"noopener\">ambicioso plan de ayudas<\/a> que ha articulado la Uni\u00f3n Europea para que los pa\u00edses salven cuanto antes la coyuntura cr\u00edtica que deja tras de s\u00ed la pandemia de Covid-19. Hablamos del presupuesto a largo plazo de la UE unido al plan NextGenerationEU que supone la mayor movilizaci\u00f3n de ayuda directa desde los fondos estructurales en los a\u00f1o 80. A Espa\u00f1a le corresponden 140.000 millones, que recibir\u00e1 hasta 2026: 72.000 de ellos en inyecci\u00f3n directa y el resto en pr\u00e9stamos.<\/p><h5><strong>\u00bfC\u00f3mo se beneficiar\u00e1 el consumidor financiero?<\/strong><\/h5><p>Buena parte del dinero que llegue de Europa se destinar\u00e1 al impulso de la econom\u00eda verde y a la transformaci\u00f3n digital. Entre los objetivos est\u00e1 alcanzar un volumen de 250.000 veh\u00edculos el\u00e9ctricos para 2023, crear 100.000 puntos de recarga, rehabilitar 500.000 viviendas, la transformaci\u00f3n de la energ\u00eda hacia fuentes 100% renovables para 2050 y fomentar el turismo sostenible y de calidad.<\/p><p>En concreto, se articula el plan Moves III, que prev\u00e9 7.000 euros de ayuda directa para la adquisici\u00f3n de veh\u00edculo el\u00e9ctrico.<\/p><p>Por otra parte, se pretende dar un impulso decisivo a la implantaci\u00f3n del 5G en toda Espa\u00f1a, incluidas \u00e1reas rurales escasamente conectadas.<\/p>\t\t\t\t\t\t\t\t<\/div>\n\t\t\t\t<\/div>\n\t\t\t\t<div class=\"elementor-element elementor-element-81abb93 elementor-widget elementor-widget-text-editor\" data-id=\"81abb93\" data-element_type=\"widget\" data-widget_type=\"text-editor.default\">\n\t\t\t\t<div class=\"elementor-widget-container\">\n\t\t\t\t\t\t\t\t\t<h5><a href=\"https:\/\/asufin.com\/asufin-te-informa-que-es-la-etiqueta-ecolabel-y-como-podemos-ayudar-a-reducir-nuestra-huella-ecologica\/\" target=\"_blank\" rel=\"noopener\">Noticias relacionadas: ASUFIN te informa, \u00bfQu\u00e9 es la etiqueta ECOLABEL?<\/a><\/h5>\t\t\t\t\t\t\t\t<\/div>\n\t\t\t\t<\/div>\n\t\t\t\t<div class=\"elementor-element elementor-element-cac73d8 elementor-widget elementor-widget-text-editor\" data-id=\"cac73d8\" data-element_type=\"widget\" data-widget_type=\"text-editor.default\">\n\t\t\t\t<div class=\"elementor-widget-container\">\n\t\t\t\t\t\t\t\t\t<h5><strong>\u00bfC\u00f3mo pueden acceder las empresas m\u00e1s peque\u00f1as a estas ayudas?<\/strong><\/h5><p><a href=\"https:\/\/www.boe.es\/boe\/dias\/2021\/03\/13\/pdfs\/BOE-A-2021-3946.pdf\" target=\"_blank\" rel=\"noopener\">El Real Decreto Ley de medidas extraordinarias, de 12 de marzo<\/a> canaliza el fondo extraordinario dotado con 7.000 euros de ayudas directas finalistas, que forma parte de este plan.<\/p><p>Habr\u00e1 una serie de convocatorias para que las pymes puedan presentar individualmente sus solicitudes a trav\u00e9s de los organismos que vehiculan este tipo de ayudas y que se ver\u00e1n beneficiados por una mayor dotaci\u00f3n presupuestaria: el <a href=\"https:\/\/cdti.es\" target=\"_blank\" rel=\"noopener\">CDTI<\/a>, el <a href=\"https:\/\/idae.es\" target=\"_blank\" rel=\"noopener\">IDAE<\/a>, <a href=\"https:\/\/red.es\" target=\"_blank\" rel=\"noopener\">Red.es<\/a>, <a href=\"http:\/\/www.cersa-sme.es\/\" target=\"_blank\" rel=\"noopener\">Cersa<\/a>, o a trav\u00e9s de las <a href=\"http:\/\/www.cesgar.es\/\" target=\"_blank\" rel=\"noopener\">sociedades de garant\u00eda rec\u00edproca<\/a>.<\/p><h5><strong>\u00bfQu\u00e9 tiempos se manejan?<\/strong><\/h5><p>A pesar de que en Bruselas existe la preocupaci\u00f3n de que la implementaci\u00f3n de los planes se retrasar\u00e1 porque los diferentes pa\u00edses a\u00fan no han presentado sus borradores, nuestro pa\u00eds sigue comprometido en entregar el plan definitivo en los tiempos establecidos.<\/p><p>La Comisi\u00f3n Europea ya ha presentado un plan para captar unos 800.000 millones de euros en los mercados desde julio de este a\u00f1o hasta finales de 2026 con emisiones de deuda para financiar el fondo de recuperaci\u00f3n. Y se prev\u00e9 que a mediados de a\u00f1o comiencen a llegar los fondos.<\/p>\t\t\t\t\t\t\t\t<\/div>\n\t\t\t\t<\/div>\n\t\t\t\t<div class=\"elementor-element elementor-element-5d1b76a elementor-widget elementor-widget-text-editor\" data-id=\"5d1b76a\" data-element_type=\"widget\" data-widget_type=\"text-editor.default\">\n\t\t\t\t<div class=\"elementor-widget-container\">\n\t\t\t\t\t\t\t\t\t<h5><a href=\"https:\/\/www.youtube.com\/channel\/UCFp3Dd9FwBqmJFzP7ZcFCew\/videos\" target=\"_blank\" rel=\"noopener\">\u00a1S\u00fascribete a nuestro canal de YouTube para estar siempre al d\u00eda de todas las actualizaciones!<\/a><\/h5>\t\t\t\t\t\t\t\t<\/div>\n\t\t\t\t<\/div>\n\t\t\t\t\t<\/div>\n\t\t<\/div>\n\t\t\t\t\t<\/div>\n\t\t<\/section>\n\t\t\t\t<\/div>\n\t\t","protected":false},"excerpt":{"rendered":"<p>Buena parte del dinero de las ayudas que llegue de Europa se destinar\u00e1 al impulso de la econom\u00eda verde y a la transformaci\u00f3n digital.<\/p>\n","protected":false},"author":279,"featured_media":63319,"comment_status":"open","ping_status":"closed","sticky":false,"template":"","format":"standard","meta":{"_acf_changed":false,"_jetpack_newsletter_access":"","_jetpack_dont_email_post_to_subs":false,"_jetpack_newsletter_tier_id":0,"_jetpack_memberships_contains_paywalled_content":false,"_jetpack_memberships_contains_paid_content":false,"footnotes":""},"categories":[3436,3396,1975],"tags":[1114],"class_list":["post-63309","post","type-post","status-publish","format-standard","has-post-thumbnail","hentry","category-asufin-cast","category-covid-19","category-europa","tag-noticias"],"acf":[],"jetpack_featured_media_url":"https:\/\/i0.wp.com\/staging.asufin.com\/staging\/wp-content\/uploads\/2021\/04\/bandera-union-europea-ondeando-contra-cielo-azul_309878-726.jpg?fit=626%2C417&ssl=1","jetpack_shortlink":"https:\/\/wp.me\/peayLa-gt7","jetpack_likes_enabled":false,"jetpack_sharing_enabled":true,"_links":{"self":[{"href":"https:\/\/staging.asufin.com\/staging\/wp-json\/wp\/v2\/posts\/63309","targetHints":{"allow":["GET"]}}],"collection":[{"href":"https:\/\/staging.asufin.com\/staging\/wp-json\/wp\/v2\/posts"}],"about":[{"href":"https:\/\/staging.asufin.com\/staging\/wp-json\/wp\/v2\/types\/post"}],"author":[{"embeddable":true,"href":"https:\/\/staging.asufin.com\/staging\/wp-json\/wp\/v2\/users\/279"}],"replies":[{"embeddable":true,"href":"https:\/\/staging.asufin.com\/staging\/wp-json\/wp\/v2\/comments?post=63309"}],"version-history":[{"count":27,"href":"https:\/\/staging.asufin.com\/staging\/wp-json\/wp\/v2\/posts\/63309\/revisions"}],"predecessor-version":[{"id":89543,"href":"https:\/\/staging.asufin.com\/staging\/wp-json\/wp\/v2\/posts\/63309\/revisions\/89543"}],"wp:featuredmedia":[{"embeddable":true,"href":"https:\/\/staging.asufin.com\/staging\/wp-json\/wp\/v2\/media\/63319"}],"wp:attachment":[{"href":"https:\/\/staging.asufin.com\/staging\/wp-json\/wp\/v2\/media?parent=63309"}],"wp:term":[{"taxonomy":"category","embeddable":true,"href":"https:\/\/staging.asufin.com\/staging\/wp-json\/wp\/v2\/categories?post=63309"},{"taxonomy":"post_tag","embeddable":true,"href":"https:\/\/staging.asufin.com\/staging\/wp-json\/wp\/v2\/tags?post=63309"}],"curies":[{"name":"wp","href":"https:\/\/api.w.org\/{rel}","templated":true}]}}