{"id":63623,"date":"2021-04-30T11:00:17","date_gmt":"2021-04-30T11:00:17","guid":{"rendered":"https:\/\/www.asufin.com\/?p=63623"},"modified":"2022-02-17T19:14:01","modified_gmt":"2022-02-17T19:14:01","slug":"tik-tok-la-presidenta-de-asufin-recordo-en-el-acto-de-la-comision-europea-y-el-ministerio-de-consumo-que-la-demanda-a-tik-tok-no-ha-podido-tramitarse-en-espana","status":"publish","type":"post","link":"https:\/\/staging.asufin.com\/staging\/tik-tok-la-presidenta-de-asufin-recordo-en-el-acto-de-la-comision-europea-y-el-ministerio-de-consumo-que-la-demanda-a-tik-tok-no-ha-podido-tramitarse-en-espana\/","title":{"rendered":"TIK TOK: La presidenta de ASUFIN record\u00f3 en el acto de la Comisi\u00f3n Europea y el Ministerio de Consumo, que la demanda a Tik Tok no ha podido tramitarse en Espa\u00f1a"},"content":{"rendered":"\t\t<div data-elementor-type=\"wp-post\" data-elementor-id=\"63623\" class=\"elementor elementor-63623\">\n\t\t\t\t\t\t<section class=\"elementor-section elementor-top-section elementor-element elementor-element-6772d22 elementor-section-boxed elementor-section-height-default elementor-section-height-default\" data-id=\"6772d22\" data-element_type=\"section\">\n\t\t\t\t\t\t<div class=\"elementor-container elementor-column-gap-default\">\n\t\t\t\t\t<div class=\"elementor-column elementor-col-100 elementor-top-column elementor-element elementor-element-64d5ee3\" data-id=\"64d5ee3\" data-element_type=\"column\">\n\t\t\t<div class=\"elementor-widget-wrap elementor-element-populated\">\n\t\t\t\t\t\t<div class=\"elementor-element elementor-element-bfba997 elementor-widget elementor-widget-text-editor\" data-id=\"bfba997\" data-element_type=\"widget\" data-widget_type=\"text-editor.default\">\n\t\t\t\t<div class=\"elementor-widget-container\">\n\t\t\t\t\t\t\t\t\t<h4>La presidenta de ASUFIN record\u00f3 en su intervenci\u00f3n hoy, en un acto de la Comisi\u00f3n Europea y el Ministerio de Consumo, que la demanda a Tik Tok no ha podido tramitarse en nuestro pa\u00eds<\/h4>\t\t\t\t\t\t\t\t<\/div>\n\t\t\t\t<\/div>\n\t\t\t\t\t<\/div>\n\t\t<\/div>\n\t\t\t\t\t<\/div>\n\t\t<\/section>\n\t\t\t\t<section class=\"elementor-section elementor-top-section elementor-element elementor-element-25daeff elementor-section-boxed elementor-section-height-default elementor-section-height-default\" data-id=\"25daeff\" data-element_type=\"section\">\n\t\t\t\t\t\t<div class=\"elementor-container elementor-column-gap-default\">\n\t\t\t\t\t<div class=\"elementor-column elementor-col-100 elementor-top-column elementor-element elementor-element-f96fd8c\" data-id=\"f96fd8c\" data-element_type=\"column\">\n\t\t\t<div class=\"elementor-widget-wrap elementor-element-populated\">\n\t\t\t\t\t\t<div class=\"elementor-element elementor-element-244de3f elementor-widget elementor-widget-text-editor\" data-id=\"244de3f\" data-element_type=\"widget\" data-widget_type=\"text-editor.default\">\n\t\t\t\t<div class=\"elementor-widget-container\">\n\t\t\t\t\t\t\t\t\t<h4>Defendi\u00f3 la innovaci\u00f3n pero con una mayor protecci\u00f3n para que la automatizaci\u00f3n no ahonde m\u00e1s en discriminaciones sociales y exclusi\u00f3n de los m\u00e1s vulnerables<\/h4>\t\t\t\t\t\t\t\t<\/div>\n\t\t\t\t<\/div>\n\t\t\t\t\t<\/div>\n\t\t<\/div>\n\t\t\t\t\t<\/div>\n\t\t<\/section>\n\t\t\t\t<section class=\"elementor-section elementor-top-section elementor-element elementor-element-f38aa13 elementor-section-boxed elementor-section-height-default elementor-section-height-default\" data-id=\"f38aa13\" data-element_type=\"section\">\n\t\t\t\t\t\t<div class=\"elementor-container elementor-column-gap-default\">\n\t\t\t\t\t<div class=\"elementor-column elementor-col-100 elementor-top-column elementor-element elementor-element-5952b41\" data-id=\"5952b41\" data-element_type=\"column\">\n\t\t\t<div class=\"elementor-widget-wrap elementor-element-populated\">\n\t\t\t\t\t\t<div class=\"elementor-element elementor-element-63ca8b9 elementor-widget elementor-widget-text-editor\" data-id=\"63ca8b9\" data-element_type=\"widget\" data-widget_type=\"text-editor.default\">\n\t\t\t\t<div class=\"elementor-widget-container\">\n\t\t\t\t\t\t\t\t\t<p>\u201cSi tenemos que ir a Irlanda para defender los derechos de los consumidores espa\u00f1oles, \u00e9stos no existen\u201d, afirm\u00f3 hoy Patricia Su\u00e1rez, presidenta de ASUFIN en el transcurso de los Di\u00e1logos Nacionales de Consumo que la <a href=\"https:\/\/ec.europa.eu\/info\/departments\/justice-and-consumers_es\" target=\"_blank\" rel=\"noopener\">Comisi\u00f3n Europea<\/a> ha organizado de la mano del <a href=\"https:\/\/www.mscbs.gob.es\/servCiudadanos\/consumo\/home.htm\" target=\"_blank\" rel=\"noopener\">Ministerio de Consumo<\/a> <strong>para abordar la Nueva Agenda del Consumidor<\/strong>. Record\u00f3 que la demanda que ASUFIN as\u00ed como la OCU trasladaron al propio Ministerio, a la CNMC y a la Agencia Espa\u00f1ola de Protecci\u00f3n de Datos contra los incumplimientos de la red social TikTok <strong>ha tenido que ser enviada a Irlanda porque la compa\u00f1\u00eda no tiene sede en nuestro pa\u00eds<\/strong>.<\/p><p>En este sentido, destac\u00f3 que una de las pol\u00edticas a las que se debe dar un impulso decisivo es el desarrollo de las <strong>acciones colectivas transfronterizas<\/strong>, para garantizar una defensa y protecci\u00f3n de los consumidores europeos real y eficaz.<\/p><p>Su\u00e1rez intervino en el panel de retos y soluciones ante la transformaci\u00f3n digital que viven los consumidores europeos y puso el acento <strong>en la \u201cnecesaria inclusi\u00f3n de la digitalizaci\u00f3n\u201d en las cuatro directivas que est\u00e1n sujetas a revisi\u00f3n inminente<\/strong>: cr\u00e9dito al consumo, cuentas de pago, cr\u00e9dito hipotecario y comercio a distancia as\u00ed como la resoluci\u00f3n de conflictos internacionales mediante acciones colectivas eficientes.<\/p><p>El acto, que cont\u00f3 con la presencia del comisario de Justicia de la Uni\u00f3n Europea, Didier Reynders, y el secretario general de Consumo y Juego, Rafael Escudero, abord\u00f3 la Nueva Agenda del Consumidor, presentada el pasado mes de noviembre por la Comisi\u00f3n Europea, para fijar <strong>las prioridades y acciones de la pol\u00edtica de consumo para los pr\u00f3ximos cinco a\u00f1os<\/strong> en el seno de la Uni\u00f3n.<\/p>\t\t\t\t\t\t\t\t<\/div>\n\t\t\t\t<\/div>\n\t\t\t\t\t<\/div>\n\t\t<\/div>\n\t\t\t\t\t<\/div>\n\t\t<\/section>\n\t\t\t\t<section class=\"elementor-section elementor-top-section elementor-element elementor-element-483ed21 elementor-section-boxed elementor-section-height-default elementor-section-height-default\" data-id=\"483ed21\" data-element_type=\"section\">\n\t\t\t\t\t\t<div class=\"elementor-container elementor-column-gap-default\">\n\t\t\t\t\t<div class=\"elementor-column elementor-col-100 elementor-top-column elementor-element elementor-element-1d9c49e\" data-id=\"1d9c49e\" data-element_type=\"column\">\n\t\t\t<div class=\"elementor-widget-wrap elementor-element-populated\">\n\t\t\t\t\t\t<div class=\"elementor-element elementor-element-3f2c38d elementor-widget elementor-widget-text-editor\" data-id=\"3f2c38d\" data-element_type=\"widget\" data-widget_type=\"text-editor.default\">\n\t\t\t\t<div class=\"elementor-widget-container\">\n\t\t\t\t\t\t\t\t\t<h5 style=\"text-align: center;\"><a href=\"https:\/\/staging.asufin.com\/staging\/tech\/inicio\/\" target=\"_blank\" rel=\"noopener\">Visita nuestra p\u00e1gina de Asufintech para informarte de la digitalizaci\u00f3n del consumo<\/a><\/h5>\t\t\t\t\t\t\t\t<\/div>\n\t\t\t\t<\/div>\n\t\t\t\t\t<\/div>\n\t\t<\/div>\n\t\t\t\t\t<\/div>\n\t\t<\/section>\n\t\t\t\t<section class=\"elementor-section elementor-top-section elementor-element elementor-element-b1b118c elementor-section-boxed elementor-section-height-default elementor-section-height-default\" data-id=\"b1b118c\" data-element_type=\"section\">\n\t\t\t\t\t\t<div class=\"elementor-container elementor-column-gap-default\">\n\t\t\t\t\t<div class=\"elementor-column elementor-col-100 elementor-top-column elementor-element elementor-element-f7baaa0\" data-id=\"f7baaa0\" data-element_type=\"column\">\n\t\t\t<div class=\"elementor-widget-wrap elementor-element-populated\">\n\t\t\t\t\t\t<div class=\"elementor-element elementor-element-bf5f21f elementor-widget elementor-widget-text-editor\" data-id=\"bf5f21f\" data-element_type=\"widget\" data-widget_type=\"text-editor.default\">\n\t\t\t\t<div class=\"elementor-widget-container\">\n\t\t\t\t\t\t\t\t\t<p>La presidenta de ASUFIN declar\u00f3 \u201cechar en falta alguna iniciativa de la Comisi\u00f3n Europea\u201d que vaya en l\u00ednea con la \u201cobligaci\u00f3n de las compa\u00f1\u00edas de auditar los algoritmos con los que procesan los datos de los consumidores\u201d. Abund\u00f3 en que \u201cse est\u00e1n nutriendo de los datos que todos les proveemos y <strong>existe el riesgo de que perpet\u00faen los sesgos que existen en la sociedad<\/strong>: de g\u00e9nero, de capacidad econ\u00f3mica, de procedencia, entre otros muchos. No podemos permitir que se automatice la exclusi\u00f3n\u201d.<\/p><p>Defendi\u00f3 la innovaci\u00f3n, \u201cno queremos frenarla\u201d, pero \u201cs\u00ed es imprescindible una mayor protecci\u00f3n para que la automatizaci\u00f3n no ahonde m\u00e1s en discriminaciones sociales y exclusi\u00f3n de los m\u00e1s vulnerables\u201d. Ante las Big Tech, toda la poblaci\u00f3n se convierte en vulnerable: \u201cEl algoritmo debe ser \u00e9tico y no excluir a ning\u00fan colectivo\u201d. Es muy importante que los j\u00f3venes sepan a qu\u00e9 riesgos se exponen cuando \u201cregalan\u201d todos sus datos a las grandes tecnol\u00f3gicas.<\/p>\t\t\t\t\t\t\t\t<\/div>\n\t\t\t\t<\/div>\n\t\t\t\t<div class=\"elementor-element elementor-element-39cb397 elementor-widget elementor-widget-text-editor\" data-id=\"39cb397\" data-element_type=\"widget\" data-widget_type=\"text-editor.default\">\n\t\t\t\t<div class=\"elementor-widget-container\">\n\t\t\t\t\t\t\t\t\t<h5><a href=\"https:\/\/staging.asufin.com\/staging\/reclama\/\" target=\"_blank\" rel=\"noopener\">En ASUFIN podemos recuperar tu dinero \u00a1Elige tu caso y comienza tu reclamaci\u00f3n!<\/a><\/h5>\t\t\t\t\t\t\t\t<\/div>\n\t\t\t\t<\/div>\n\t\t\t\t\t<\/div>\n\t\t<\/div>\n\t\t\t\t\t<\/div>\n\t\t<\/section>\n\t\t\t\t<\/div>\n\t\t","protected":false},"excerpt":{"rendered":"<p>La presidenta de ASUFIN interviene en los Di\u00e1logos Nacionales de Consumo organizados por la Comisi\u00f3n Euopea.<\/p>\n","protected":false},"author":279,"featured_media":35917,"comment_status":"open","ping_status":"closed","sticky":false,"template":"","format":"standard","meta":{"_acf_changed":false,"_jetpack_newsletter_access":"","_jetpack_dont_email_post_to_subs":false,"_jetpack_newsletter_tier_id":0,"_jetpack_memberships_contains_paywalled_content":false,"_jetpack_memberships_contains_paid_content":false,"footnotes":""},"categories":[103,43,3333,1975],"tags":[],"class_list":["post-63623","post","type-post","status-publish","format-standard","has-post-thumbnail","hentry","category-asufin-comunicados","category-asufin-destacado","category-educacion-financiera","category-europa"],"acf":[],"jetpack_featured_media_url":"https:\/\/i0.wp.com\/staging.asufin.com\/staging\/wp-content\/uploads\/2018\/03\/comision_bruselas-e1537348680230.jpg?fit=1200%2C800&ssl=1","jetpack_shortlink":"https:\/\/wp.me\/peayLa-gyb","jetpack_likes_enabled":false,"jetpack_sharing_enabled":true,"_links":{"self":[{"href":"https:\/\/staging.asufin.com\/staging\/wp-json\/wp\/v2\/posts\/63623","targetHints":{"allow":["GET"]}}],"collection":[{"href":"https:\/\/staging.asufin.com\/staging\/wp-json\/wp\/v2\/posts"}],"about":[{"href":"https:\/\/staging.asufin.com\/staging\/wp-json\/wp\/v2\/types\/post"}],"author":[{"embeddable":true,"href":"https:\/\/staging.asufin.com\/staging\/wp-json\/wp\/v2\/users\/279"}],"replies":[{"embeddable":true,"href":"https:\/\/staging.asufin.com\/staging\/wp-json\/wp\/v2\/comments?post=63623"}],"version-history":[{"count":22,"href":"https:\/\/staging.asufin.com\/staging\/wp-json\/wp\/v2\/posts\/63623\/revisions"}],"predecessor-version":[{"id":85827,"href":"https:\/\/staging.asufin.com\/staging\/wp-json\/wp\/v2\/posts\/63623\/revisions\/85827"}],"wp:featuredmedia":[{"embeddable":true,"href":"https:\/\/staging.asufin.com\/staging\/wp-json\/wp\/v2\/media\/35917"}],"wp:attachment":[{"href":"https:\/\/staging.asufin.com\/staging\/wp-json\/wp\/v2\/media?parent=63623"}],"wp:term":[{"taxonomy":"category","embeddable":true,"href":"https:\/\/staging.asufin.com\/staging\/wp-json\/wp\/v2\/categories?post=63623"},{"taxonomy":"post_tag","embeddable":true,"href":"https:\/\/staging.asufin.com\/staging\/wp-json\/wp\/v2\/tags?post=63623"}],"curies":[{"name":"wp","href":"https:\/\/api.w.org\/{rel}","templated":true}]}}