{"id":63645,"date":"2021-05-02T21:56:43","date_gmt":"2021-05-02T21:56:43","guid":{"rendered":"https:\/\/www.asufin.com\/?p=63645"},"modified":"2021-05-02T21:56:51","modified_gmt":"2021-05-02T21:56:51","slug":"multidivisa-el-suprem-revoca-una-sentencia-de-lap-de-barcelona-i-dictamina-en-contra-de-catalunya-banc","status":"publish","type":"post","link":"https:\/\/staging.asufin.com\/staging\/ca\/multidivisa-el-suprem-revoca-una-sentencia-de-lap-de-barcelona-i-dictamina-en-contra-de-catalunya-banc\/","title":{"rendered":"MULTIDIVISA: El Suprem revoca una sent\u00e8ncia de l&#8217;AP de Barcelona i dictamina en contra de Catalunya Banc"},"content":{"rendered":"\t\t<div data-elementor-type=\"wp-post\" data-elementor-id=\"63645\" class=\"elementor elementor-63645\">\n\t\t\t\t\t\t<section class=\"elementor-section elementor-top-section elementor-element elementor-element-8c89c4a elementor-section-boxed elementor-section-height-default elementor-section-height-default\" data-id=\"8c89c4a\" data-element_type=\"section\">\n\t\t\t\t\t\t<div class=\"elementor-container elementor-column-gap-default\">\n\t\t\t\t\t<div class=\"elementor-column elementor-col-100 elementor-top-column elementor-element elementor-element-d993bbf\" data-id=\"d993bbf\" data-element_type=\"column\">\n\t\t\t<div class=\"elementor-widget-wrap elementor-element-populated\">\n\t\t\t\t\t\t<div class=\"elementor-element elementor-element-3e6c88d elementor-widget elementor-widget-text-editor\" data-id=\"3e6c88d\" data-element_type=\"widget\" data-widget_type=\"text-editor.default\">\n\t\t\t\t<div class=\"elementor-widget-container\">\n\t\t\t\t\t\t\t\t\t<h4>Garrotada per a la secci\u00f3 15 de l&#8217;Audi\u00e8ncia Provincial de Barcelona que ve donant la ra\u00f3 a les entitats financeres en els pr\u00e9stecs en divisa estrangera<\/h4>\t\t\t\t\t\t\t\t<\/div>\n\t\t\t\t<\/div>\n\t\t\t\t\t<\/div>\n\t\t<\/div>\n\t\t\t\t\t<\/div>\n\t\t<\/section>\n\t\t\t\t<section class=\"elementor-section elementor-top-section elementor-element elementor-element-d724aa6 elementor-section-boxed elementor-section-height-default elementor-section-height-default\" data-id=\"d724aa6\" data-element_type=\"section\">\n\t\t\t\t\t\t<div class=\"elementor-container elementor-column-gap-default\">\n\t\t\t\t\t<div class=\"elementor-column elementor-col-100 elementor-top-column elementor-element elementor-element-485d3d4\" data-id=\"485d3d4\" data-element_type=\"column\">\n\t\t\t<div class=\"elementor-widget-wrap elementor-element-populated\">\n\t\t\t\t\t\t<div class=\"elementor-element elementor-element-4fcb9da elementor-widget elementor-widget-text-editor\" data-id=\"4fcb9da\" data-element_type=\"widget\" data-widget_type=\"text-editor.default\">\n\t\t\t\t<div class=\"elementor-widget-container\">\n\t\t\t\t\t\t\t\t\t<h4>La part dispositiva de la sent\u00e8ncia segueix el raonament de la col\u00b7lectiva contra Barclays guanyada per\u00a0ASUFIN\u00a0i que anul\u00b7la tots els pr\u00e9stecs que va atorgar l&#8217;entitat en divisa forana<\/h4>\t\t\t\t\t\t\t\t<\/div>\n\t\t\t\t<\/div>\n\t\t\t\t\t<\/div>\n\t\t<\/div>\n\t\t\t\t\t<\/div>\n\t\t<\/section>\n\t\t\t\t<section class=\"elementor-section elementor-top-section elementor-element elementor-element-199ab03 elementor-section-boxed elementor-section-height-default elementor-section-height-default\" data-id=\"199ab03\" data-element_type=\"section\">\n\t\t\t\t\t\t<div class=\"elementor-container elementor-column-gap-default\">\n\t\t\t\t\t<div class=\"elementor-column elementor-col-100 elementor-top-column elementor-element elementor-element-6a8cea7\" data-id=\"6a8cea7\" data-element_type=\"column\">\n\t\t\t<div class=\"elementor-widget-wrap elementor-element-populated\">\n\t\t\t\t\t\t<div class=\"elementor-element elementor-element-5e5b745 elementor-widget elementor-widget-text-editor\" data-id=\"5e5b745\" data-element_type=\"widget\" data-widget_type=\"text-editor.default\">\n\t\t\t\t<div class=\"elementor-widget-container\">\n\t\t\t\t\t\t\t\t\t<p>El Tribunal Suprem no fa seus els arguments de la Secci\u00f3 15 de l&#8217;Audi\u00e8ncia Provincial de Barcelona i d\u00f3na la ra\u00f3 al consumidor en un plet de cl\u00e0usula multidivisa incorporada a un pr\u00e9stec hipotecari de Catalunya Banc, defensat per la lletrada Montse Serrano, de Col\u00b7lectiu Ronda, despatx col\u00b7laborador d&#8217;ASUFIN. Falla falta de transpar\u00e8ncia en la contractaci\u00f3 i anul\u00b7la, per abusiva, la <strong>cl\u00e0usula que convertia a francs su\u00efssos<\/strong> la quota del pr\u00e9stec aix\u00ed com el deute pendent d&#8217;amortitzar. \u00a0<br \/><br \/>Enfront del criteri del tribunal barcelon\u00ed que considerava que la parella afectada \u201chavia acceptat contractar un producte exposat a l&#8217;aleatorietat que \u00e9s pr\u00f2pia del mercat de divises\u201d, el Tribunal Suprem invoca la seva pr\u00f2pia doctrina i la jurisprud\u00e8ncia del\u00a0TJUE\u00a0per a determinar que \u201c<strong>els prestataris no han rebut una informaci\u00f3 adequada<\/strong> sobre la naturalesa dels riscos associats a les cl\u00e0usules relatives a la denominaci\u00f3 en divises del pr\u00e9stec [\u2026] ni sobre les greus conseq\u00fc\u00e8ncies associades a la materialitzaci\u00f3 de tals riscos\u201d.<br \/><br \/>Es d\u00f3na la circumst\u00e0ncia que la fallada de la <strong>demanda col\u00b7lectiva contra tots els pr\u00e9stecs concedits per Barclays i que acaba de guanyar\u00a0ASUFIN<\/strong>\u00a0en el Jutjat Mercantil 3 de Barcelona coincideix en aquests termes: la magistrada anul\u00b7la per abusiva la cl\u00e0usula que introdu\u00efa la conversi\u00f3 en divisa forana per falta de transpar\u00e8ncia en la seva contractaci\u00f3.<\/p>\t\t\t\t\t\t\t\t<\/div>\n\t\t\t\t<\/div>\n\t\t\t\t\t<\/div>\n\t\t<\/div>\n\t\t\t\t\t<\/div>\n\t\t<\/section>\n\t\t\t\t<section class=\"elementor-section elementor-top-section elementor-element elementor-element-1220c64 elementor-section-boxed elementor-section-height-default elementor-section-height-default\" data-id=\"1220c64\" data-element_type=\"section\">\n\t\t\t\t\t\t<div class=\"elementor-container elementor-column-gap-default\">\n\t\t\t\t\t<div class=\"elementor-column elementor-col-100 elementor-top-column elementor-element elementor-element-3777d2f\" data-id=\"3777d2f\" data-element_type=\"column\">\n\t\t\t<div class=\"elementor-widget-wrap elementor-element-populated\">\n\t\t\t\t\t\t<div class=\"elementor-element elementor-element-d4a67fe elementor-widget elementor-widget-text-editor\" data-id=\"d4a67fe\" data-element_type=\"widget\" data-widget_type=\"text-editor.default\">\n\t\t\t\t<div class=\"elementor-widget-container\">\n\t\t\t\t\t\t\t\t\t<h5 style=\"text-align: center;\"><a href=\"https:\/\/asufin.com\/reclama\/hipoteca-multidivisa\/\" target=\"_blank\" rel=\"noopener\">Si tens una multidivisa, sabem com guanyar en tribunals, reclama amb nosaltres<\/a><\/h5>\t\t\t\t\t\t\t\t<\/div>\n\t\t\t\t<\/div>\n\t\t\t\t\t<\/div>\n\t\t<\/div>\n\t\t\t\t\t<\/div>\n\t\t<\/section>\n\t\t\t\t<section class=\"elementor-section elementor-top-section elementor-element elementor-element-ed739e1 elementor-section-boxed elementor-section-height-default elementor-section-height-default\" data-id=\"ed739e1\" data-element_type=\"section\">\n\t\t\t\t\t\t<div class=\"elementor-container elementor-column-gap-default\">\n\t\t\t\t\t<div class=\"elementor-column elementor-col-100 elementor-top-column elementor-element elementor-element-3a9afe0\" data-id=\"3a9afe0\" data-element_type=\"column\">\n\t\t\t<div class=\"elementor-widget-wrap elementor-element-populated\">\n\t\t\t\t\t\t<div class=\"elementor-element elementor-element-06342da elementor-widget elementor-widget-text-editor\" data-id=\"06342da\" data-element_type=\"widget\" data-widget_type=\"text-editor.default\">\n\t\t\t\t<div class=\"elementor-widget-container\">\n\t\t\t\t\t\t\t\t\t<p><strong>Patricia Su\u00e1rez, presidenta d&#8217;ASUFIN<\/strong>, destaca que<br \/><br \/>\u00a0\u201cASUFIN\u00a0\u00e9s pionera en la defensa dels afectats d&#8217;hipoteca multidivisa, sent les seves sent\u00e8ncies les primeres a guanyar-se en el Tribunal\u00a0 Suprem a favor dels seus associats\u201d.<br \/><br \/>\u201cLa hipoteca multidivisa \u00e9s molt representativa <strong>del que va suposar la crisi financera de la d\u00e8cada anterior<\/strong>, quan les entitats banc\u00e0ries van col\u00b7locar multitud de productes t\u00f2xics que en tribunals s&#8217;han demostrat <strong>altament lesius per als consumidors financers<\/strong>; nom\u00e9s cal recordar que els plets per cl\u00e0usules abusives banc\u00e0ries es dictaminen a favor del client en un 97% dels casos\u201d.<br \/><br \/>\u201cLa cl\u00e0usula multidivisa, especialment, \u201ces va comercialitzar amb falta total de transpar\u00e8ncia, impedint al consumidor con\u00e8ixer amb detall les conseq\u00fc\u00e8ncies de contractar un pr\u00e9stec en iens o francs su\u00efssos, i comparar el cost que anava a tenir en relaci\u00f3 amb un altre en Euribor\u201d.<br \/><br \/><strong>Sobrecost de deute<\/strong><br \/><br \/>El pr\u00e9stec en litigi sobre el qual falla el Suprem ara va ser concertat en francs su\u00efssos en 2006 per un import l&#8217;equival\u00e8ncia en euros del qual en aquell moment era de 165.000 euros. En el moment d&#8217;interposar la demanda, aquesta equival\u00e8ncia era de 180.583,91 euros, malgrat que els prestataris havien pagat totes les quotes d&#8217;amortitzaci\u00f3 del pr\u00e9stec durant m\u00e9s de vuit anys. \u00c9s a dir, malgrat mantenir-se al corrent de pagament, el <strong>seu deute s&#8217;havia incrementat en 15.000 euros respecte al capital sol\u00b7licitat inicialment.<\/strong><br \/><br \/>En la seva publicitat, Catalunya\u00a0Banc\u00a0recomanava la contractaci\u00f3 d&#8217;hipoteques en moneda estrangera amb el reclam d&#8217;accedir a un menor tipus d&#8217;inter\u00e8s i veure substancialment rebaixades les quotes mensuals. Tots els pr\u00e9stecs de Catalunya\u00a0Banc\u00a0han passat a formar part de BBVA, que va comprar l&#8217;entitat.<br \/><br \/>No obstant aix\u00f2, el contingut de la publicitat i la informaci\u00f3 traslladada pels empleats de l&#8217;entitat aviat <strong>es van revelar profundament imprecisos respecte al risc d&#8217;encariment que suposava la contractaci\u00f3 d&#8217;una hipoteca en moneda estrangera.<\/strong><\/p>\t\t\t\t\t\t\t\t<\/div>\n\t\t\t\t<\/div>\n\t\t\t\t\t<\/div>\n\t\t<\/div>\n\t\t\t\t\t<\/div>\n\t\t<\/section>\n\t\t\t\t<section class=\"elementor-section elementor-top-section elementor-element elementor-element-f9854ae elementor-section-boxed elementor-section-height-default elementor-section-height-default\" data-id=\"f9854ae\" data-element_type=\"section\">\n\t\t\t\t\t\t<div class=\"elementor-container elementor-column-gap-default\">\n\t\t\t\t\t<div class=\"elementor-column elementor-col-100 elementor-top-column elementor-element elementor-element-003a6a6\" data-id=\"003a6a6\" data-element_type=\"column\">\n\t\t\t<div class=\"elementor-widget-wrap elementor-element-populated\">\n\t\t\t\t\t\t<div class=\"elementor-element elementor-element-5da6a28 elementor-widget elementor-widget-text-editor\" data-id=\"5da6a28\" data-element_type=\"widget\" data-widget_type=\"text-editor.default\">\n\t\t\t\t<div class=\"elementor-widget-container\">\n\t\t\t\t\t\t\t\t\t<h5 style=\"text-align: center;\"><a href=\"https:\/\/panel.asufin.com\/ver-supremo\/347\" target=\"_blank\" rel=\"noopener\">Descarrega aqu\u00ed la sent\u00e8ncia<\/a><\/h5>\t\t\t\t\t\t\t\t<\/div>\n\t\t\t\t<\/div>\n\t\t\t\t\t<\/div>\n\t\t<\/div>\n\t\t\t\t\t<\/div>\n\t\t<\/section>\n\t\t\t\t<section class=\"elementor-section elementor-top-section elementor-element elementor-element-d36951d elementor-section-boxed elementor-section-height-default elementor-section-height-default\" data-id=\"d36951d\" data-element_type=\"section\">\n\t\t\t\t\t\t<div class=\"elementor-container elementor-column-gap-default\">\n\t\t\t\t\t<div class=\"elementor-column elementor-col-100 elementor-top-column elementor-element elementor-element-401c3f2\" data-id=\"401c3f2\" data-element_type=\"column\">\n\t\t\t<div class=\"elementor-widget-wrap elementor-element-populated\">\n\t\t\t\t\t\t<div class=\"elementor-element elementor-element-cd7bc2b elementor-widget elementor-widget-text-editor\" data-id=\"cd7bc2b\" data-element_type=\"widget\" data-widget_type=\"text-editor.default\">\n\t\t\t\t<div class=\"elementor-widget-container\">\n\t\t\t\t\t\t\t\t\t<p><strong>Direcci\u00f3 lletrada:<\/strong> Oscar Serrano Castells<br \/><strong>Magistrat:<\/strong>\u00a0Rafael\u00a0Saraz\u00e1\u00a0Jimena<br \/><strong>Data:<\/strong> 20.04.2021<br \/><b>Decisi\u00f3 judicial:<\/b><br \/>-Declara la nul\u00b7litat de la cl\u00e0usula relativa a les divises<br \/>-Condemna a BBVA a recalcular les quotes d&#8217;amortitzaci\u00f3<br \/>-Condemna a BBVA al pagament de les costes de primera instancia<\/p>\t\t\t\t\t\t\t\t<\/div>\n\t\t\t\t<\/div>\n\t\t\t\t\t<\/div>\n\t\t<\/div>\n\t\t\t\t\t<\/div>\n\t\t<\/section>\n\t\t\t\t<\/div>\n\t\t","protected":false},"excerpt":{"rendered":"<p>Garrotada per a la secci\u00f3 15 de l&#8217;Audi\u00e8ncia Provincial de Barcelona que ve donant la ra\u00f3 a les entitats financeres en els pr\u00e9stecs en divisa estrangera La part dispositiva de la sent\u00e8ncia segueix el raonament de la col\u00b7lectiva contra Barclays guanyada per\u00a0ASUFIN\u00a0i que anul\u00b7la tots els pr\u00e9stecs que va atorgar l&#8217;entitat en divisa forana El [&hellip;]<\/p>\n","protected":false},"author":279,"featured_media":36386,"comment_status":"open","ping_status":"closed","sticky":false,"template":"","format":"standard","meta":{"_acf_changed":false,"_jetpack_newsletter_access":"","_jetpack_dont_email_post_to_subs":false,"_jetpack_newsletter_tier_id":0,"_jetpack_memberships_contains_paywalled_content":false,"_jetpack_memberships_contains_paid_content":false,"footnotes":""},"categories":[3278,3279,6892],"tags":[],"class_list":["post-63645","post","type-post","status-publish","format-standard","has-post-thumbnail","hentry","category-asufin-comunicats-cat","category-asufin-destacat-cat","category-multidivisa-cat"],"acf":[],"jetpack_featured_media_url":"https:\/\/i0.wp.com\/staging.asufin.com\/staging\/wp-content\/uploads\/2018\/06\/portada-productos_hmd.jpg?fit=1200%2C768&ssl=1","jetpack_shortlink":"https:\/\/wp.me\/peayLa-gyx","jetpack_likes_enabled":false,"jetpack_sharing_enabled":true,"_links":{"self":[{"href":"https:\/\/staging.asufin.com\/staging\/wp-json\/wp\/v2\/posts\/63645","targetHints":{"allow":["GET"]}}],"collection":[{"href":"https:\/\/staging.asufin.com\/staging\/wp-json\/wp\/v2\/posts"}],"about":[{"href":"https:\/\/staging.asufin.com\/staging\/wp-json\/wp\/v2\/types\/post"}],"author":[{"embeddable":true,"href":"https:\/\/staging.asufin.com\/staging\/wp-json\/wp\/v2\/users\/279"}],"replies":[{"embeddable":true,"href":"https:\/\/staging.asufin.com\/staging\/wp-json\/wp\/v2\/comments?post=63645"}],"version-history":[{"count":7,"href":"https:\/\/staging.asufin.com\/staging\/wp-json\/wp\/v2\/posts\/63645\/revisions"}],"predecessor-version":[{"id":63652,"href":"https:\/\/staging.asufin.com\/staging\/wp-json\/wp\/v2\/posts\/63645\/revisions\/63652"}],"wp:featuredmedia":[{"embeddable":true,"href":"https:\/\/staging.asufin.com\/staging\/wp-json\/wp\/v2\/media\/36386"}],"wp:attachment":[{"href":"https:\/\/staging.asufin.com\/staging\/wp-json\/wp\/v2\/media?parent=63645"}],"wp:term":[{"taxonomy":"category","embeddable":true,"href":"https:\/\/staging.asufin.com\/staging\/wp-json\/wp\/v2\/categories?post=63645"},{"taxonomy":"post_tag","embeddable":true,"href":"https:\/\/staging.asufin.com\/staging\/wp-json\/wp\/v2\/tags?post=63645"}],"curies":[{"name":"wp","href":"https:\/\/api.w.org\/{rel}","templated":true}]}}