{"id":64226,"date":"2021-05-18T06:35:38","date_gmt":"2021-05-18T06:35:38","guid":{"rendered":"https:\/\/www.asufin.com\/?p=64226"},"modified":"2022-02-17T20:33:48","modified_gmt":"2022-02-17T20:33:48","slug":"acciones-del-popular-el-plazo-para-reclamar-por-la-ampliacion-de-capital-finaliza-el-7-de-junio","status":"publish","type":"post","link":"https:\/\/staging.asufin.com\/staging\/acciones-del-popular-el-plazo-para-reclamar-por-la-ampliacion-de-capital-finaliza-el-7-de-junio\/","title":{"rendered":"ACCIONES DEL POPULAR: El plazo para reclamar por la ampliaci\u00f3n de capital finaliza el 7 de junio"},"content":{"rendered":"\t\t<div data-elementor-type=\"wp-post\" data-elementor-id=\"64226\" class=\"elementor elementor-64226\">\n\t\t\t\t\t\t<section class=\"elementor-section elementor-top-section elementor-element elementor-element-30314cd elementor-section-boxed elementor-section-height-default elementor-section-height-default\" data-id=\"30314cd\" data-element_type=\"section\">\n\t\t\t\t\t\t<div class=\"elementor-container elementor-column-gap-default\">\n\t\t\t\t\t<div class=\"elementor-column elementor-col-100 elementor-top-column elementor-element elementor-element-ca8555b\" data-id=\"ca8555b\" data-element_type=\"column\">\n\t\t\t<div class=\"elementor-widget-wrap elementor-element-populated\">\n\t\t\t\t\t\t<div class=\"elementor-element elementor-element-ae6d28a elementor-widget elementor-widget-text-editor\" data-id=\"ae6d28a\" data-element_type=\"widget\" data-widget_type=\"text-editor.default\">\n\t\t\t\t<div class=\"elementor-widget-container\">\n\t\t\t\t\t\t\t\t\t<h4>Se cumplen los cuatro a\u00f1os que marca la ley para reclamar desde que tuvo lugar la resoluci\u00f3n de la entidad<\/h4>\t\t\t\t\t\t\t\t<\/div>\n\t\t\t\t<\/div>\n\t\t\t\t\t<\/div>\n\t\t<\/div>\n\t\t\t\t\t<\/div>\n\t\t<\/section>\n\t\t\t\t<section class=\"elementor-section elementor-top-section elementor-element elementor-element-825b23c elementor-section-boxed elementor-section-height-default elementor-section-height-default\" data-id=\"825b23c\" data-element_type=\"section\">\n\t\t\t\t\t\t<div class=\"elementor-container elementor-column-gap-default\">\n\t\t\t\t\t<div class=\"elementor-column elementor-col-100 elementor-top-column elementor-element elementor-element-41ab4ed\" data-id=\"41ab4ed\" data-element_type=\"column\">\n\t\t\t<div class=\"elementor-widget-wrap elementor-element-populated\">\n\t\t\t\t\t\t<div class=\"elementor-element elementor-element-109e65a elementor-widget elementor-widget-text-editor\" data-id=\"109e65a\" data-element_type=\"widget\" data-widget_type=\"text-editor.default\">\n\t\t\t\t<div class=\"elementor-widget-container\">\n\t\t\t\t\t\t\t\t\t<p>S\u00f3lo quedan unas pocas semanas <strong>para que expire el plazo de reclamaci\u00f3n<\/strong> por la malograda ampliaci\u00f3n de capital del Banco Popular de 2016. En concreto, a\u00fan est\u00e1n a tiempo de reclamar todos aquellos afectados que compraron <strong>obligaciones subordinadas y acciones<\/strong> de esa operaci\u00f3n de cuyos riesgos el Tribunal Supremo dio por probado que la entidad obr\u00f3 de mala fe y no inform\u00f3 a sus clientes.<\/p><p>La autoridades (JUR) ordenaron la resoluci\u00f3n del Banco Popular el 7 de junio de 2017 despu\u00e9s de que el Banco Central Europeo declarase que la entidad era inviable y que <strong>hab\u00eda que salvaguardar el inter\u00e9s p\u00fablico<\/strong> y la estabilidad financiera.<\/p><p>Esta fecha es clave porque se cumplen cuatro a\u00f1os, plazo para emprender acciones legales. Sin embargo, si se formula con car\u00e1cter previo una reclamaci\u00f3n al banco, la prescripci\u00f3n se interrumpe, <strong>empezando de nuevo a correr un plazo de 3 a\u00f1os<\/strong>.<\/p>\t\t\t\t\t\t\t\t<\/div>\n\t\t\t\t<\/div>\n\t\t\t\t<div class=\"elementor-element elementor-element-abaedc2 elementor-widget elementor-widget-text-editor\" data-id=\"abaedc2\" data-element_type=\"widget\" data-widget_type=\"text-editor.default\">\n\t\t\t\t<div class=\"elementor-widget-container\">\n\t\t\t\t\t\t\t\t\t<h5><a href=\"https:\/\/panel.asufin.com\/archivos\/pdf\/210208_RECLAMACION_POPULAR_ACCIONES_BONOS2_FEBRERO_2019.pdf\" target=\"_blank\" rel=\"noopener\">En nuestro panel de socio puedes descargar la hoja de reclamaci\u00f3n de acciones Popular<\/a><\/h5>\t\t\t\t\t\t\t\t<\/div>\n\t\t\t\t<\/div>\n\t\t\t\t<div class=\"elementor-element elementor-element-a012bd5 elementor-widget elementor-widget-text-editor\" data-id=\"a012bd5\" data-element_type=\"widget\" data-widget_type=\"text-editor.default\">\n\t\t\t\t<div class=\"elementor-widget-container\">\n\t\t\t\t\t\t\t\t\t<p>Hay jurisprudencia consolidada de demandas ganadas tanto para los que suscribieron las acciones mediante contrato directamente con la entidad como los que lo hicieron adquiri\u00e9ndolas <strong>en el mercado secundario<\/strong>.<\/p><p>Los abogados colaboradores de la asociaci\u00f3n sostienen que es posible <strong>defender las acciones muy antiguas<\/strong>, como las adquiridas en 2012, porque no podr\u00edan haberse vendido de conocer los accionistas la realidad de la entidad. Los informes periciales de ASUFIN defienden que las cuentas de <strong>los ejercicios de 2008 a 2014 ya no reflejaban la imagen fiel de Banco Popular<\/strong>.<\/p>\t\t\t\t\t\t\t\t<\/div>\n\t\t\t\t<\/div>\n\t\t\t\t\t<\/div>\n\t\t<\/div>\n\t\t\t\t\t<\/div>\n\t\t<\/section>\n\t\t\t\t<section class=\"elementor-section elementor-top-section elementor-element elementor-element-fcb60d5 elementor-section-boxed elementor-section-height-default elementor-section-height-default\" data-id=\"fcb60d5\" data-element_type=\"section\">\n\t\t\t\t\t\t<div class=\"elementor-container elementor-column-gap-default\">\n\t\t\t\t\t<div class=\"elementor-column elementor-col-100 elementor-top-column elementor-element elementor-element-7db58d2\" data-id=\"7db58d2\" data-element_type=\"column\">\n\t\t\t<div class=\"elementor-widget-wrap elementor-element-populated\">\n\t\t\t\t\t\t<div class=\"elementor-element elementor-element-50af95a elementor-widget elementor-widget-text-editor\" data-id=\"50af95a\" data-element_type=\"widget\" data-widget_type=\"text-editor.default\">\n\t\t\t\t<div class=\"elementor-widget-container\">\n\t\t\t\t\t\t\t\t\t<h5 style=\"text-align: center;\"><a href=\"https:\/\/staging.asufin.com\/staging\/reclama\/acciones-banco-popular\/\" target=\"_blank\" rel=\"noopener\">Si invertiste en la salida a Bolsa del Popular, aqu\u00ed puedes iniciar tu reclamaci\u00f3n<\/a><\/h5>\t\t\t\t\t\t\t\t<\/div>\n\t\t\t\t<\/div>\n\t\t\t\t\t<\/div>\n\t\t<\/div>\n\t\t\t\t\t<\/div>\n\t\t<\/section>\n\t\t\t\t<\/div>\n\t\t","protected":false},"excerpt":{"rendered":"<p>Se cumplen los cuatro a\u00f1os perceptivos para reclamar desde que tuvo lugar la resoluci\u00f3n de la entidad y su posterior compra por parte del Santander.<\/p>\n","protected":false},"author":279,"featured_media":43009,"comment_status":"open","ping_status":"closed","sticky":false,"template":"","format":"standard","meta":{"_acf_changed":false,"_jetpack_newsletter_access":"","_jetpack_dont_email_post_to_subs":false,"_jetpack_newsletter_tier_id":0,"_jetpack_memberships_contains_paywalled_content":false,"_jetpack_memberships_contains_paid_content":false,"footnotes":""},"categories":[103,43,146,2077,3388],"tags":[],"class_list":["post-64226","post","type-post","status-publish","format-standard","has-post-thumbnail","hentry","category-asufin-comunicados","category-asufin-destacado","category-bpopular","category-bonos-convertibles-popular","category-quiebra-banco-popular"],"acf":[],"jetpack_featured_media_url":"https:\/\/i0.wp.com\/staging.asufin.com\/staging\/wp-content\/uploads\/2019\/05\/BANCO-POPULAR-SEDE-MADRID_15_970x597.jpg?fit=800%2C492&ssl=1","jetpack_shortlink":"https:\/\/wp.me\/peayLa-gHU","jetpack_likes_enabled":false,"jetpack_sharing_enabled":true,"_links":{"self":[{"href":"https:\/\/staging.asufin.com\/staging\/wp-json\/wp\/v2\/posts\/64226","targetHints":{"allow":["GET"]}}],"collection":[{"href":"https:\/\/staging.asufin.com\/staging\/wp-json\/wp\/v2\/posts"}],"about":[{"href":"https:\/\/staging.asufin.com\/staging\/wp-json\/wp\/v2\/types\/post"}],"author":[{"embeddable":true,"href":"https:\/\/staging.asufin.com\/staging\/wp-json\/wp\/v2\/users\/279"}],"replies":[{"embeddable":true,"href":"https:\/\/staging.asufin.com\/staging\/wp-json\/wp\/v2\/comments?post=64226"}],"version-history":[{"count":28,"href":"https:\/\/staging.asufin.com\/staging\/wp-json\/wp\/v2\/posts\/64226\/revisions"}],"predecessor-version":[{"id":85876,"href":"https:\/\/staging.asufin.com\/staging\/wp-json\/wp\/v2\/posts\/64226\/revisions\/85876"}],"wp:featuredmedia":[{"embeddable":true,"href":"https:\/\/staging.asufin.com\/staging\/wp-json\/wp\/v2\/media\/43009"}],"wp:attachment":[{"href":"https:\/\/staging.asufin.com\/staging\/wp-json\/wp\/v2\/media?parent=64226"}],"wp:term":[{"taxonomy":"category","embeddable":true,"href":"https:\/\/staging.asufin.com\/staging\/wp-json\/wp\/v2\/categories?post=64226"},{"taxonomy":"post_tag","embeddable":true,"href":"https:\/\/staging.asufin.com\/staging\/wp-json\/wp\/v2\/tags?post=64226"}],"curies":[{"name":"wp","href":"https:\/\/api.w.org\/{rel}","templated":true}]}}