{"id":65679,"date":"2021-06-18T08:26:30","date_gmt":"2021-06-18T08:26:30","guid":{"rendered":"https:\/\/www.asufin.com\/?p=65679"},"modified":"2022-05-17T16:21:31","modified_gmt":"2022-05-17T16:21:31","slug":"irph-suspendida-nuestra-demanda-colectiva-contra-uci-a-la-espera-del-tjue","status":"publish","type":"post","link":"https:\/\/staging.asufin.com\/staging\/irph-suspendida-nuestra-demanda-colectiva-contra-uci-a-la-espera-del-tjue\/","title":{"rendered":"IRPH: Suspendida nuestra demanda colectiva contra UCI a la espera del TJUE"},"content":{"rendered":"\t\t<div data-elementor-type=\"wp-post\" data-elementor-id=\"65679\" class=\"elementor elementor-65679\">\n\t\t\t\t\t\t<section class=\"elementor-section elementor-top-section elementor-element elementor-element-f581f1c elementor-section-boxed elementor-section-height-default elementor-section-height-default\" data-id=\"f581f1c\" data-element_type=\"section\">\n\t\t\t\t\t\t<div class=\"elementor-container elementor-column-gap-default\">\n\t\t\t\t\t<div class=\"elementor-column elementor-col-100 elementor-top-column elementor-element elementor-element-f0ef455\" data-id=\"f0ef455\" data-element_type=\"column\">\n\t\t\t<div class=\"elementor-widget-wrap elementor-element-populated\">\n\t\t\t\t\t\t<div class=\"elementor-element elementor-element-858d3b0 elementor-widget elementor-widget-text-editor\" data-id=\"858d3b0\" data-element_type=\"widget\" data-widget_type=\"text-editor.default\">\n\t\t\t\t<div class=\"elementor-widget-container\">\n\t\t\t\t\t\t\t\t\t<h4>\u201cHay que proteger en estos momentos al consumidor de sentencias en contra cuando a\u00fan Europa no ha dado su \u00faltima palabra&#8221;, declara Patricia Su\u00e1rez, presidenta de la asociaci\u00f3n<\/h4>\t\t\t\t\t\t\t\t<\/div>\n\t\t\t\t<\/div>\n\t\t\t\t\t<\/div>\n\t\t<\/div>\n\t\t\t\t\t<\/div>\n\t\t<\/section>\n\t\t\t\t<section class=\"elementor-section elementor-top-section elementor-element elementor-element-189f9ad elementor-section-boxed elementor-section-height-default elementor-section-height-default\" data-id=\"189f9ad\" data-element_type=\"section\">\n\t\t\t\t\t\t<div class=\"elementor-container elementor-column-gap-default\">\n\t\t\t\t\t<div class=\"elementor-column elementor-col-100 elementor-top-column elementor-element elementor-element-b38fda5\" data-id=\"b38fda5\" data-element_type=\"column\">\n\t\t\t<div class=\"elementor-widget-wrap elementor-element-populated\">\n\t\t\t\t\t\t<div class=\"elementor-element elementor-element-57bbcdf elementor-widget elementor-widget-text-editor\" data-id=\"57bbcdf\" data-element_type=\"widget\" data-widget_type=\"text-editor.default\">\n\t\t\t\t<div class=\"elementor-widget-container\">\n\t\t\t\t\t\t\t\t\t<p>El Juzgado de lo Mercantil 7 de Madrid ha suspendido nuestra demanda colectiva de <a href=\"https:\/\/staging.asufin.com\/staging\/reclama\/hipoteca-uci\/\">contra UCI por IRPH<\/a> <strong>a la espera de resoluci\u00f3n de las dos cuestiones prejudiciales presentadas en el TJUE<\/strong> que exigen m\u00e1s aclaraciones desde Europa.<\/p><p>Presentamos esta demanda colectiva en enero de 2018 contra las hipotecas de esta entidad financiera, Uni\u00f3n de Cr\u00e9dito Inmobiliario, y forma parte del <strong>conjunto de colectivas con las que pretendemos expulsar este \u00edndice del mercado<\/strong> contra el resto de entidades con IRPH en cartera.<\/p>\t\t\t\t\t\t\t\t<\/div>\n\t\t\t\t<\/div>\n\t\t\t\t<div class=\"elementor-element elementor-element-d162b71 elementor-widget elementor-widget-text-editor\" data-id=\"d162b71\" data-element_type=\"widget\" data-widget_type=\"text-editor.default\">\n\t\t\t\t<div class=\"elementor-widget-container\">\n\t\t\t\t\t\t\t\t\t<h5><a href=\"https:\/\/asufin.com\/agenda-asufin-seminarios\/\" target=\"_blank\" rel=\"noopener\">\u00a1Ap\u00fantate a nuestros seminarios online gratuitos!<\/a><\/h5>\t\t\t\t\t\t\t\t<\/div>\n\t\t\t\t<\/div>\n\t\t\t\t<div class=\"elementor-element elementor-element-7abc906 elementor-widget elementor-widget-text-editor\" data-id=\"7abc906\" data-element_type=\"widget\" data-widget_type=\"text-editor.default\">\n\t\t\t\t<div class=\"elementor-widget-container\">\n\t\t\t\t\t\t\t\t\t<p>El auto que notifica el nuevo estado en el que queda la demanda se produce a tres meses de que el propio Tribunal Supremo manifestase en una providencia fechada el 5 de marzo <strong>que paralizaba todos los procedimientos<\/strong>. En concreto, informaba de su intenci\u00f3n de dirigirse al TJUE para recabar informaci\u00f3n sobre la cuesti\u00f3n prejudicial elevada por el juzgado 38 de Barcelona, con dudas en torno al IRPH.<\/p><p><strong>Patricia Su\u00e1rez, presidenta de ASUFIN<\/strong>, se muestra satisfecha por este paso dado por el Mercantil de Madrid que denota la \u201ccautela que tienen que mantener ahora las distintas instancias judiciales a la espera de que el TJUE nos proporcione m\u00e1s aclaraciones\u201d. Es imprescindible, a\u00f1ade, \u201cque en estos momentos se proteja al consumidor y se le salvaguarde de sentencias en contra cuya firmeza le impida seguir defendi\u00e9ndose en tribunales cuando todav\u00eda desde Europa no se ha dicho la \u00faltima palabra\u201d.<\/p>\t\t\t\t\t\t\t\t<\/div>\n\t\t\t\t<\/div>\n\t\t\t\t\t<\/div>\n\t\t<\/div>\n\t\t\t\t\t<\/div>\n\t\t<\/section>\n\t\t\t\t<section class=\"elementor-section elementor-top-section elementor-element elementor-element-71d29b2 elementor-section-boxed elementor-section-height-default elementor-section-height-default\" data-id=\"71d29b2\" data-element_type=\"section\">\n\t\t\t\t\t\t<div class=\"elementor-container elementor-column-gap-default\">\n\t\t\t\t\t<div class=\"elementor-column elementor-col-100 elementor-top-column elementor-element elementor-element-0df0ce5\" data-id=\"0df0ce5\" data-element_type=\"column\">\n\t\t\t<div class=\"elementor-widget-wrap elementor-element-populated\">\n\t\t\t\t\t\t<div class=\"elementor-element elementor-element-6e669c2 elementor-widget elementor-widget-text-editor\" data-id=\"6e669c2\" data-element_type=\"widget\" data-widget_type=\"text-editor.default\">\n\t\t\t\t<div class=\"elementor-widget-container\">\n\t\t\t\t\t\t\t\t\t<h5 style=\"text-align: center;\"><a href=\"https:\/\/panel.asufin.com\/ver-sentencia\/13360\" target=\"_blank\" rel=\"noopener\">Descarga aqu\u00ed el auto de suspensi\u00f3n de la colectiva de ASUFIN<\/a><\/h5>\t\t\t\t\t\t\t\t<\/div>\n\t\t\t\t<\/div>\n\t\t\t\t\t<\/div>\n\t\t<\/div>\n\t\t\t\t\t<\/div>\n\t\t<\/section>\n\t\t\t\t<\/div>\n\t\t","protected":false},"excerpt":{"rendered":"<p>Son buenas noticias: Europa no ha dado su \u00faltima palabra y tiene que aclarar las dudas que han puesto encima de la mesa el 38 de Barcelona y el 2 de Ibiza <\/p>\n","protected":false},"author":279,"featured_media":53364,"comment_status":"open","ping_status":"closed","sticky":false,"template":"","format":"standard","meta":{"_acf_changed":false,"_jetpack_newsletter_access":"","_jetpack_dont_email_post_to_subs":false,"_jetpack_newsletter_tier_id":0,"_jetpack_memberships_contains_paywalled_content":false,"_jetpack_memberships_contains_paid_content":false,"footnotes":""},"categories":[103,43,42,3357,1991],"tags":[],"class_list":["post-65679","post","type-post","status-publish","format-standard","has-post-thumbnail","hentry","category-asufin-comunicados","category-asufin-destacado","category-irph","category-tjue","category-uci"],"acf":[],"jetpack_featured_media_url":"https:\/\/i0.wp.com\/staging.asufin.com\/staging\/wp-content\/uploads\/2020\/07\/tjue.jpg?fit=1200%2C900&ssl=1","jetpack_shortlink":"https:\/\/wp.me\/peayLa-h5l","jetpack_likes_enabled":false,"jetpack_sharing_enabled":true,"_links":{"self":[{"href":"https:\/\/staging.asufin.com\/staging\/wp-json\/wp\/v2\/posts\/65679","targetHints":{"allow":["GET"]}}],"collection":[{"href":"https:\/\/staging.asufin.com\/staging\/wp-json\/wp\/v2\/posts"}],"about":[{"href":"https:\/\/staging.asufin.com\/staging\/wp-json\/wp\/v2\/types\/post"}],"author":[{"embeddable":true,"href":"https:\/\/staging.asufin.com\/staging\/wp-json\/wp\/v2\/users\/279"}],"replies":[{"embeddable":true,"href":"https:\/\/staging.asufin.com\/staging\/wp-json\/wp\/v2\/comments?post=65679"}],"version-history":[{"count":19,"href":"https:\/\/staging.asufin.com\/staging\/wp-json\/wp\/v2\/posts\/65679\/revisions"}],"predecessor-version":[{"id":99713,"href":"https:\/\/staging.asufin.com\/staging\/wp-json\/wp\/v2\/posts\/65679\/revisions\/99713"}],"wp:featuredmedia":[{"embeddable":true,"href":"https:\/\/staging.asufin.com\/staging\/wp-json\/wp\/v2\/media\/53364"}],"wp:attachment":[{"href":"https:\/\/staging.asufin.com\/staging\/wp-json\/wp\/v2\/media?parent=65679"}],"wp:term":[{"taxonomy":"category","embeddable":true,"href":"https:\/\/staging.asufin.com\/staging\/wp-json\/wp\/v2\/categories?post=65679"},{"taxonomy":"post_tag","embeddable":true,"href":"https:\/\/staging.asufin.com\/staging\/wp-json\/wp\/v2\/tags?post=65679"}],"curies":[{"name":"wp","href":"https:\/\/api.w.org\/{rel}","templated":true}]}}