{"id":65882,"date":"2021-06-23T09:51:34","date_gmt":"2021-06-23T09:51:34","guid":{"rendered":"https:\/\/www.asufin.com\/?p=65882"},"modified":"2021-06-23T09:51:39","modified_gmt":"2021-06-23T09:51:39","slug":"irph-suspesa-la-nostra-demanda-col%c2%b7lectiva-contra-uci-a-lespera-del-tjue","status":"publish","type":"post","link":"https:\/\/staging.asufin.com\/staging\/ca\/irph-suspesa-la-nostra-demanda-col%c2%b7lectiva-contra-uci-a-lespera-del-tjue\/","title":{"rendered":"IRPH: Suspesa la nostra demanda col\u00b7lectiva contra UCI a l&#8217;espera del TJUE"},"content":{"rendered":"\t\t<div data-elementor-type=\"wp-post\" data-elementor-id=\"65882\" class=\"elementor elementor-65882\">\n\t\t\t\t\t\t<section class=\"elementor-section elementor-top-section elementor-element elementor-element-f581f1c elementor-section-boxed elementor-section-height-default elementor-section-height-default\" data-id=\"f581f1c\" data-element_type=\"section\">\n\t\t\t\t\t\t<div class=\"elementor-container elementor-column-gap-default\">\n\t\t\t\t\t<div class=\"elementor-column elementor-col-100 elementor-top-column elementor-element elementor-element-f0ef455\" data-id=\"f0ef455\" data-element_type=\"column\">\n\t\t\t<div class=\"elementor-widget-wrap elementor-element-populated\">\n\t\t\t\t\t\t<div class=\"elementor-element elementor-element-858d3b0 elementor-widget elementor-widget-text-editor\" data-id=\"858d3b0\" data-element_type=\"widget\" data-widget_type=\"text-editor.default\">\n\t\t\t\t<div class=\"elementor-widget-container\">\n\t\t\t\t\t\t\t\t\t<h4>\u201cCal protegir en aquests moments al consumidor de sent\u00e8ncies en contra quan encara Europa no ha donat la seva \u00faltima paraula&#8221;, declara Patricia Su\u00e1rez, presidenta de l&#8217;associaci\u00f3<\/h4>\t\t\t\t\t\t\t\t<\/div>\n\t\t\t\t<\/div>\n\t\t\t\t\t<\/div>\n\t\t<\/div>\n\t\t\t\t\t<\/div>\n\t\t<\/section>\n\t\t\t\t<section class=\"elementor-section elementor-top-section elementor-element elementor-element-189f9ad elementor-section-boxed elementor-section-height-default elementor-section-height-default\" data-id=\"189f9ad\" data-element_type=\"section\">\n\t\t\t\t\t\t<div class=\"elementor-container elementor-column-gap-default\">\n\t\t\t\t\t<div class=\"elementor-column elementor-col-100 elementor-top-column elementor-element elementor-element-b38fda5\" data-id=\"b38fda5\" data-element_type=\"column\">\n\t\t\t<div class=\"elementor-widget-wrap elementor-element-populated\">\n\t\t\t\t\t\t<div class=\"elementor-element elementor-element-57bbcdf elementor-widget elementor-widget-text-editor\" data-id=\"57bbcdf\" data-element_type=\"widget\" data-widget_type=\"text-editor.default\">\n\t\t\t\t<div class=\"elementor-widget-container\">\n\t\t\t\t\t\t\t\t\t<p>El Jutjat del Mercantil 7 de Madrid ha susp\u00e8s la nostra demanda col\u00b7lectiva de contra UCI per\u00a0IRPH\u00a0<strong>a l&#8217;espera de resoluci\u00f3 de les dues q\u00fcestions prejudicials presentades en el\u00a0TJUE<\/strong>\u00a0que exigeixen m\u00e9s aclariments des d&#8217;Europa.<br \/><br \/>Presentem aquesta demanda col\u00b7lectiva al gener de 2018 contra les hipoteques d&#8217;aquesta entitat financera, Uni\u00f3 de Cr\u00e8dit Immobiliari, i forma part del <strong>conjunt de col\u00b7lectives amb les quals pretenem expulsar aquest \u00edndex del mercat<\/strong> contra la resta d&#8217;entitats amb\u00a0IRPH\u00a0en cartera.<\/p>\t\t\t\t\t\t\t\t<\/div>\n\t\t\t\t<\/div>\n\t\t\t\t<div class=\"elementor-element elementor-element-d162b71 elementor-widget elementor-widget-text-editor\" data-id=\"d162b71\" data-element_type=\"widget\" data-widget_type=\"text-editor.default\">\n\t\t\t\t<div class=\"elementor-widget-container\">\n\t\t\t\t\t\t\t\t\t<h5><a href=\"https:\/\/asufin.com\/agenda-asufin-seminarios\/\" target=\"_blank\" rel=\"noopener\">Apunta&#8217;t als nostres seminaris online gratu\u00efts!<\/a><\/h5>\t\t\t\t\t\t\t\t<\/div>\n\t\t\t\t<\/div>\n\t\t\t\t<div class=\"elementor-element elementor-element-7abc906 elementor-widget elementor-widget-text-editor\" data-id=\"7abc906\" data-element_type=\"widget\" data-widget_type=\"text-editor.default\">\n\t\t\t\t<div class=\"elementor-widget-container\">\n\t\t\t\t\t\t\t\t\t<p>L&#8217;acte que notifica el nou estat en el qual queda la demanda es produeix a tres mesos que el propi Tribunal Suprem manifest\u00e9s en una provisi\u00f3 datada el 5 de mar\u00e7 <strong>que paralitzava tots els procediments<\/strong>. En concret, informava de la seva intenci\u00f3 de dirigir-se al\u00a0TJUE\u00a0per a recaptar informaci\u00f3 sobre la q\u00fcesti\u00f3 prejudicial elevada pel jutjat 38 de Barcelona, amb dubtes entorn del\u00a0IRPH.<\/p><div class=\"traductor-textarea form-group\"><div class=\"textarea-desti col-xs-12 col-sm-6\"><div class=\"form-control second-textarea\"><br \/><strong>Patricia Su\u00e1rez, presidenta de\u00a0ASUFIN<\/strong>, es mostra satisfeta per aquest pas donat pel Mercantil de Madrid que denota la \u201ccautela que han de mantenir ara les diferents inst\u00e0ncies judicials a l&#8217;espera que el\u00a0TJUE\u00a0ens proporcioni m\u00e9s aclariments\u201d. \u00c9s imprescindible, afegeix, \u201cque en aquests moments es protegeixi el consumidor i se li salvaguardi de sent\u00e8ncies en contra la fermesa de la qual li impedeixi continuar defensant-se en tribunals quan encara des d&#8217;Europa no s&#8217;ha dit l&#8217;\u00faltima paraula\u201d.<\/div><\/div><\/div><div class=\"traductor-checkbox form-group\"><div class=\"row\"><div class=\"col-sm-offset-2 col-sm-5\">\u00a0<\/div><\/div><\/div>\t\t\t\t\t\t\t\t<\/div>\n\t\t\t\t<\/div>\n\t\t\t\t\t<\/div>\n\t\t<\/div>\n\t\t\t\t\t<\/div>\n\t\t<\/section>\n\t\t\t\t<section class=\"elementor-section elementor-top-section elementor-element elementor-element-71d29b2 elementor-section-boxed elementor-section-height-default elementor-section-height-default\" data-id=\"71d29b2\" data-element_type=\"section\">\n\t\t\t\t\t\t<div class=\"elementor-container elementor-column-gap-default\">\n\t\t\t\t\t<div class=\"elementor-column elementor-col-100 elementor-top-column elementor-element elementor-element-0df0ce5\" data-id=\"0df0ce5\" data-element_type=\"column\">\n\t\t\t<div class=\"elementor-widget-wrap elementor-element-populated\">\n\t\t\t\t\t\t<div class=\"elementor-element elementor-element-6e669c2 elementor-widget elementor-widget-text-editor\" data-id=\"6e669c2\" data-element_type=\"widget\" data-widget_type=\"text-editor.default\">\n\t\t\t\t<div class=\"elementor-widget-container\">\n\t\t\t\t\t\t\t\t\t<h5 style=\"text-align: center;\"><a href=\"https:\/\/panel.asufin.com\/ver-sentencia\/13360\" target=\"_blank\" rel=\"noopener\">Descarrega aqu\u00ed la interlocut\u00f2ria de suspensi\u00f3 de la col\u00b7lectiva d&#8217;ASUFIN<\/a><\/h5>\t\t\t\t\t\t\t\t<\/div>\n\t\t\t\t<\/div>\n\t\t\t\t\t<\/div>\n\t\t<\/div>\n\t\t\t\t\t<\/div>\n\t\t<\/section>\n\t\t\t\t<\/div>\n\t\t","protected":false},"excerpt":{"rendered":"<p>\u201cCal protegir en aquests moments al consumidor de sent\u00e8ncies en contra quan encara Europa no ha donat la seva \u00faltima paraula&#8221;, declara Patricia Su\u00e1rez, presidenta de l&#8217;associaci\u00f3 El Jutjat del Mercantil 7 de Madrid ha susp\u00e8s la nostra demanda col\u00b7lectiva de contra UCI per\u00a0IRPH\u00a0a l&#8217;espera de resoluci\u00f3 de les dues q\u00fcestions prejudicials presentades en el\u00a0TJUE\u00a0que [&hellip;]<\/p>\n","protected":false},"author":279,"featured_media":53364,"comment_status":"open","ping_status":"closed","sticky":false,"template":"","format":"standard","meta":{"_acf_changed":false,"_jetpack_newsletter_access":"","_jetpack_dont_email_post_to_subs":false,"_jetpack_newsletter_tier_id":0,"_jetpack_memberships_contains_paywalled_content":false,"_jetpack_memberships_contains_paid_content":false,"footnotes":""},"categories":[3278,3279,6872,7313,7126],"tags":[],"class_list":["post-65882","post","type-post","status-publish","format-standard","has-post-thumbnail","hentry","category-asufin-comunicats-cat","category-asufin-destacat-cat","category-irph-cat","category-tjue-cat","category-uci-cat"],"acf":[],"jetpack_featured_media_url":"https:\/\/i0.wp.com\/staging.asufin.com\/staging\/wp-content\/uploads\/2020\/07\/tjue.jpg?fit=1200%2C900&ssl=1","jetpack_shortlink":"https:\/\/wp.me\/peayLa-h8C","jetpack_likes_enabled":false,"jetpack_sharing_enabled":true,"_links":{"self":[{"href":"https:\/\/staging.asufin.com\/staging\/wp-json\/wp\/v2\/posts\/65882","targetHints":{"allow":["GET"]}}],"collection":[{"href":"https:\/\/staging.asufin.com\/staging\/wp-json\/wp\/v2\/posts"}],"about":[{"href":"https:\/\/staging.asufin.com\/staging\/wp-json\/wp\/v2\/types\/post"}],"author":[{"embeddable":true,"href":"https:\/\/staging.asufin.com\/staging\/wp-json\/wp\/v2\/users\/279"}],"replies":[{"embeddable":true,"href":"https:\/\/staging.asufin.com\/staging\/wp-json\/wp\/v2\/comments?post=65882"}],"version-history":[{"count":10,"href":"https:\/\/staging.asufin.com\/staging\/wp-json\/wp\/v2\/posts\/65882\/revisions"}],"predecessor-version":[{"id":65892,"href":"https:\/\/staging.asufin.com\/staging\/wp-json\/wp\/v2\/posts\/65882\/revisions\/65892"}],"wp:featuredmedia":[{"embeddable":true,"href":"https:\/\/staging.asufin.com\/staging\/wp-json\/wp\/v2\/media\/53364"}],"wp:attachment":[{"href":"https:\/\/staging.asufin.com\/staging\/wp-json\/wp\/v2\/media?parent=65882"}],"wp:term":[{"taxonomy":"category","embeddable":true,"href":"https:\/\/staging.asufin.com\/staging\/wp-json\/wp\/v2\/categories?post=65882"},{"taxonomy":"post_tag","embeddable":true,"href":"https:\/\/staging.asufin.com\/staging\/wp-json\/wp\/v2\/tags?post=65882"}],"curies":[{"name":"wp","href":"https:\/\/api.w.org\/{rel}","templated":true}]}}