{"id":65894,"date":"2021-06-23T13:58:21","date_gmt":"2021-06-23T13:58:21","guid":{"rendered":"https:\/\/www.asufin.com\/?p=65894"},"modified":"2021-06-23T13:58:21","modified_gmt":"2021-06-23T13:58:21","slug":"gastos-el-supremo-decide-que-sea-el-tjue-el-que-aclare-la-cuestion","status":"publish","type":"post","link":"https:\/\/staging.asufin.com\/staging\/gastos-el-supremo-decide-que-sea-el-tjue-el-que-aclare-la-cuestion\/","title":{"rendered":"GASTOS: El Supremo decide que sea el TJUE el que aclare la cuesti\u00f3n"},"content":{"rendered":"\t\t<div data-elementor-type=\"wp-post\" data-elementor-id=\"65894\" class=\"elementor elementor-65894\">\n\t\t\t\t\t\t<section class=\"elementor-section elementor-top-section elementor-element elementor-element-1044732 elementor-section-boxed elementor-section-height-default elementor-section-height-default\" data-id=\"1044732\" data-element_type=\"section\">\n\t\t\t\t\t\t<div class=\"elementor-container elementor-column-gap-default\">\n\t\t\t\t\t<div class=\"elementor-column elementor-col-100 elementor-top-column elementor-element elementor-element-814349d\" data-id=\"814349d\" data-element_type=\"column\">\n\t\t\t<div class=\"elementor-widget-wrap elementor-element-populated\">\n\t\t\t\t\t\t<div class=\"elementor-element elementor-element-9fbdb41 elementor-widget elementor-widget-text-editor\" data-id=\"9fbdb41\" data-element_type=\"widget\" data-widget_type=\"text-editor.default\">\n\t\t\t\t<div class=\"elementor-widget-container\">\n\t\t\t\t\t\t\t\t\t<h4>Patricia Su\u00e1rez: \u201cEs mejor que se pronuncie el TJUE para evitar mayor inseguridad jur\u00eddica y perjuicio al consumidor\u201d<\/h4>\t\t\t\t\t\t\t\t<\/div>\n\t\t\t\t<\/div>\n\t\t\t\t\t<\/div>\n\t\t<\/div>\n\t\t\t\t\t<\/div>\n\t\t<\/section>\n\t\t\t\t<section class=\"elementor-section elementor-top-section elementor-element elementor-element-a372568 elementor-section-boxed elementor-section-height-default elementor-section-height-default\" data-id=\"a372568\" data-element_type=\"section\">\n\t\t\t\t\t\t<div class=\"elementor-container elementor-column-gap-default\">\n\t\t\t\t\t<div class=\"elementor-column elementor-col-100 elementor-top-column elementor-element elementor-element-0ac2d38\" data-id=\"0ac2d38\" data-element_type=\"column\">\n\t\t\t<div class=\"elementor-widget-wrap elementor-element-populated\">\n\t\t\t\t\t\t<div class=\"elementor-element elementor-element-15e0437 elementor-widget elementor-widget-text-editor\" data-id=\"15e0437\" data-element_type=\"widget\" data-widget_type=\"text-editor.default\">\n\t\t\t\t<div class=\"elementor-widget-container\">\n\t\t\t\t\t\t\t\t\t<p>Tras deliberaci\u00f3n, hoy el Tribunal Supremo ha decidido plantear una cuesti\u00f3n prejudicial ante el Tribunal de Justicia de la Uni\u00f3n Europea (TJUE) que aclare la prescripci\u00f3n de plazos en la reclamaci\u00f3n de gastos hipotecarios. <strong>A lo que ASUFIN responde, en palabras de Patricia Su\u00e1rez, su presidenta<\/strong>: \u201cNos parece una soluci\u00f3n prudente de cara a no crear m\u00e1s inseguridad jur\u00eddica en torno al tema. Antes que una sentencia confusa en contra de los consumidores preferimos que el Supremo consulte al TJUE, aunque esto suponga que tengamos que esperar un poco m\u00e1s\u201d.<\/p><p>A\u00f1ade que \u201chasta que el Tribunal Supremo no haga suyos de manera m\u00e1s contundente los principios que inspiran la defensa del consumidor, y que son materia de la directiva europea 93\/13, es mejor que sea el TJUE el que dote de mayor seguridad a los consumidores\u201d.<\/p>\t\t\t\t\t\t\t\t<\/div>\n\t\t\t\t<\/div>\n\t\t\t\t\t<\/div>\n\t\t<\/div>\n\t\t\t\t\t<\/div>\n\t\t<\/section>\n\t\t\t\t<section class=\"elementor-section elementor-top-section elementor-element elementor-element-01a038f elementor-section-boxed elementor-section-height-default elementor-section-height-default\" data-id=\"01a038f\" data-element_type=\"section\">\n\t\t\t\t\t\t<div class=\"elementor-container elementor-column-gap-default\">\n\t\t\t\t\t<div class=\"elementor-column elementor-col-100 elementor-top-column elementor-element elementor-element-8e95b77\" data-id=\"8e95b77\" data-element_type=\"column\">\n\t\t\t<div class=\"elementor-widget-wrap elementor-element-populated\">\n\t\t\t\t\t\t<div class=\"elementor-element elementor-element-e3be42d elementor-widget elementor-widget-text-editor\" data-id=\"e3be42d\" data-element_type=\"widget\" data-widget_type=\"text-editor.default\">\n\t\t\t\t<div class=\"elementor-widget-container\">\n\t\t\t\t\t\t\t\t\t<h5 style=\"text-align: center;\"><a href=\"https:\/\/asufin.com\/agenda-asufin-seminarios\/\" target=\"_blank\" rel=\"noopener\">Agenda ASUFIN: no te pierdas nuestros seminarios gratuitos<\/a><\/h5>\t\t\t\t\t\t\t\t<\/div>\n\t\t\t\t<\/div>\n\t\t\t\t\t<\/div>\n\t\t<\/div>\n\t\t\t\t\t<\/div>\n\t\t<\/section>\n\t\t\t\t<section class=\"elementor-section elementor-top-section elementor-element elementor-element-7007e8a elementor-section-boxed elementor-section-height-default elementor-section-height-default\" data-id=\"7007e8a\" data-element_type=\"section\">\n\t\t\t\t\t\t<div class=\"elementor-container elementor-column-gap-default\">\n\t\t\t\t\t<div class=\"elementor-column elementor-col-100 elementor-top-column elementor-element elementor-element-4c73e2b\" data-id=\"4c73e2b\" data-element_type=\"column\">\n\t\t\t<div class=\"elementor-widget-wrap elementor-element-populated\">\n\t\t\t\t\t\t<div class=\"elementor-element elementor-element-34b6ba1 elementor-widget elementor-widget-text-editor\" data-id=\"34b6ba1\" data-element_type=\"widget\" data-widget_type=\"text-editor.default\">\n\t\t\t\t<div class=\"elementor-widget-container\">\n\t\t\t\t\t\t\t\t\t<p>La posici\u00f3n de ASUFIN es que si la acci\u00f3n principal (nulidad absoluta de la cl\u00e1usula) es imprescriptible, la acci\u00f3n consecuente de la anterior (devoluci\u00f3n de las cantidades) tambi\u00e9n lo ser\u00eda, por lo que <strong>no habr\u00eda plazo para su reclamaci\u00f3n<\/strong>. O, en todo caso, los 5 a\u00f1os de plazo que establece el C\u00f3digo Civil, desde que se declara la nulidad de la cl\u00e1usula, es decir, que el plazo no empieza a contar <strong>hasta que no se falla una sentencia individual que as\u00ed lo declara<\/strong>.<\/p><p>M\u00e1s de 8 millones de consumidores que pagaron gastos por su hipoteca est\u00e1n a la espera de conocer qu\u00e9 ocurre con los plazos para reclamar de media, unos 1.500 euros.<\/p>\t\t\t\t\t\t\t\t<\/div>\n\t\t\t\t<\/div>\n\t\t\t\t\t<\/div>\n\t\t<\/div>\n\t\t\t\t\t<\/div>\n\t\t<\/section>\n\t\t\t\t<section class=\"elementor-section elementor-top-section elementor-element elementor-element-0b3aca2 elementor-section-boxed elementor-section-height-default elementor-section-height-default\" data-id=\"0b3aca2\" data-element_type=\"section\">\n\t\t\t\t\t\t<div class=\"elementor-container elementor-column-gap-default\">\n\t\t\t\t\t<div class=\"elementor-column elementor-col-100 elementor-top-column elementor-element elementor-element-b090975\" data-id=\"b090975\" data-element_type=\"column\">\n\t\t\t<div class=\"elementor-widget-wrap elementor-element-populated\">\n\t\t\t\t\t\t<div class=\"elementor-element elementor-element-2edfb52 elementor-widget elementor-widget-text-editor\" data-id=\"2edfb52\" data-element_type=\"widget\" data-widget_type=\"text-editor.default\">\n\t\t\t\t<div class=\"elementor-widget-container\">\n\t\t\t\t\t\t\t\t\t<h5 style=\"text-align: center;\"><a href=\"https:\/\/panel.asufin.com\" target=\"_blank\" rel=\"noopener\">Reclama con nosotros cualquier cl\u00e1usula abusiva de tu hipoteca<\/a><\/h5>\t\t\t\t\t\t\t\t<\/div>\n\t\t\t\t<\/div>\n\t\t\t\t\t<\/div>\n\t\t<\/div>\n\t\t\t\t\t<\/div>\n\t\t<\/section>\n\t\t\t\t<\/div>\n\t\t","protected":false},"excerpt":{"rendered":"<p>Patricia Su\u00e1rez: \u201cEs mejor que se pronuncie el TJUE para evitar mayor inseguridad jur\u00eddica y perjuicio al consumidor\u201d<\/p>\n","protected":false},"author":279,"featured_media":56744,"comment_status":"open","ping_status":"closed","sticky":false,"template":"","format":"standard","meta":{"_acf_changed":false,"_jetpack_newsletter_access":"","_jetpack_dont_email_post_to_subs":false,"_jetpack_newsletter_tier_id":0,"_jetpack_memberships_contains_paywalled_content":false,"_jetpack_memberships_contains_paid_content":false,"footnotes":""},"categories":[103,43,2750,3357],"tags":[],"class_list":["post-65894","post","type-post","status-publish","format-standard","has-post-thumbnail","hentry","category-asufin-comunicados","category-asufin-destacado","category-gastos-hipoteca","category-tjue"],"acf":[],"jetpack_featured_media_url":"https:\/\/i0.wp.com\/staging.asufin.com\/staging\/wp-content\/uploads\/2020\/10\/mano-mujer-operar-calculadora-frente-modelo-casa-villa_1387-956-1.jpg?fit=1000%2C800&ssl=1","jetpack_shortlink":"https:\/\/wp.me\/peayLa-h8O","jetpack_likes_enabled":false,"jetpack_sharing_enabled":true,"_links":{"self":[{"href":"https:\/\/staging.asufin.com\/staging\/wp-json\/wp\/v2\/posts\/65894","targetHints":{"allow":["GET"]}}],"collection":[{"href":"https:\/\/staging.asufin.com\/staging\/wp-json\/wp\/v2\/posts"}],"about":[{"href":"https:\/\/staging.asufin.com\/staging\/wp-json\/wp\/v2\/types\/post"}],"author":[{"embeddable":true,"href":"https:\/\/staging.asufin.com\/staging\/wp-json\/wp\/v2\/users\/279"}],"replies":[{"embeddable":true,"href":"https:\/\/staging.asufin.com\/staging\/wp-json\/wp\/v2\/comments?post=65894"}],"version-history":[{"count":8,"href":"https:\/\/staging.asufin.com\/staging\/wp-json\/wp\/v2\/posts\/65894\/revisions"}],"predecessor-version":[{"id":65904,"href":"https:\/\/staging.asufin.com\/staging\/wp-json\/wp\/v2\/posts\/65894\/revisions\/65904"}],"wp:featuredmedia":[{"embeddable":true,"href":"https:\/\/staging.asufin.com\/staging\/wp-json\/wp\/v2\/media\/56744"}],"wp:attachment":[{"href":"https:\/\/staging.asufin.com\/staging\/wp-json\/wp\/v2\/media?parent=65894"}],"wp:term":[{"taxonomy":"category","embeddable":true,"href":"https:\/\/staging.asufin.com\/staging\/wp-json\/wp\/v2\/categories?post=65894"},{"taxonomy":"post_tag","embeddable":true,"href":"https:\/\/staging.asufin.com\/staging\/wp-json\/wp\/v2\/tags?post=65894"}],"curies":[{"name":"wp","href":"https:\/\/api.w.org\/{rel}","templated":true}]}}