{"id":65993,"date":"2021-06-28T06:55:01","date_gmt":"2021-06-28T06:55:01","guid":{"rendered":"https:\/\/www.asufin.com\/?p=65993"},"modified":"2021-06-28T06:55:06","modified_gmt":"2021-06-28T06:55:06","slug":"despeses-el-suprem-decideix-que-sigui-el-tjue-el-que-aclareixi-la-questio","status":"publish","type":"post","link":"https:\/\/staging.asufin.com\/staging\/ca\/despeses-el-suprem-decideix-que-sigui-el-tjue-el-que-aclareixi-la-questio\/","title":{"rendered":"DESPESES: El Suprem decideix que sigui el TJUE el que aclareixi la q\u00fcesti\u00f3"},"content":{"rendered":"\t\t<div data-elementor-type=\"wp-post\" data-elementor-id=\"65993\" class=\"elementor elementor-65993\">\n\t\t\t\t\t\t<section class=\"elementor-section elementor-top-section elementor-element elementor-element-1044732 elementor-section-boxed elementor-section-height-default elementor-section-height-default\" data-id=\"1044732\" data-element_type=\"section\">\n\t\t\t\t\t\t<div class=\"elementor-container elementor-column-gap-default\">\n\t\t\t\t\t<div class=\"elementor-column elementor-col-100 elementor-top-column elementor-element elementor-element-814349d\" data-id=\"814349d\" data-element_type=\"column\">\n\t\t\t<div class=\"elementor-widget-wrap elementor-element-populated\">\n\t\t\t\t\t\t<div class=\"elementor-element elementor-element-9fbdb41 elementor-widget elementor-widget-text-editor\" data-id=\"9fbdb41\" data-element_type=\"widget\" data-widget_type=\"text-editor.default\">\n\t\t\t\t<div class=\"elementor-widget-container\">\n\t\t\t\t\t\t\t\t\t<h4>Patricia Su\u00e1rez: \u201c\u00c9s millor que es pronunci\u00ef el\u00a0TJUE\u00a0per a evitar major inseguretat jur\u00eddica i perjudici al consumidor\u201d<\/h4>\t\t\t\t\t\t\t\t<\/div>\n\t\t\t\t<\/div>\n\t\t\t\t\t<\/div>\n\t\t<\/div>\n\t\t\t\t\t<\/div>\n\t\t<\/section>\n\t\t\t\t<section class=\"elementor-section elementor-top-section elementor-element elementor-element-a372568 elementor-section-boxed elementor-section-height-default elementor-section-height-default\" data-id=\"a372568\" data-element_type=\"section\">\n\t\t\t\t\t\t<div class=\"elementor-container elementor-column-gap-default\">\n\t\t\t\t\t<div class=\"elementor-column elementor-col-100 elementor-top-column elementor-element elementor-element-0ac2d38\" data-id=\"0ac2d38\" data-element_type=\"column\">\n\t\t\t<div class=\"elementor-widget-wrap elementor-element-populated\">\n\t\t\t\t\t\t<div class=\"elementor-element elementor-element-15e0437 elementor-widget elementor-widget-text-editor\" data-id=\"15e0437\" data-element_type=\"widget\" data-widget_type=\"text-editor.default\">\n\t\t\t\t<div class=\"elementor-widget-container\">\n\t\t\t\t\t\t\t\t\t<p>Despr\u00e9s de deliberaci\u00f3, avui el Tribunal Suprem ha decidit plantejar una q\u00fcesti\u00f3 prejudicial davant el Tribunal de Just\u00edcia de la Uni\u00f3 Europea (TJUE)\u00a0que aclareixi la prescripci\u00f3 de terminis en la reclamaci\u00f3 de despeses hipotec\u00e0ries. <strong>Al que\u00a0ASUFIN\u00a0respon, en paraules de Patricia Su\u00e1rez, la seva presidenta<\/strong>: \u201cEns sembla una soluci\u00f3 prudent de cara a no crear m\u00e9s inseguretat jur\u00eddica entorn del tema. Abans que una sent\u00e8ncia confusa en contra dels consumidors preferim que el Suprem consulti al\u00a0TJUE, encara que aix\u00f2 suposi que h\u00e0gim d&#8217;esperar una mica m\u00e9s\u201d.<br \/><br \/>Afegeix que \u201cfins que el Tribunal Suprem no faci seus de manera m\u00e9s contundent els principis que inspiren la defensa del consumidor, i que s\u00f3n mat\u00e8ria de la directiva europea 93\/13, \u00e9s millor que sigui el\u00a0TJUE\u00a0el que doti de major seguretat als consumidors\u201d.<\/p>\t\t\t\t\t\t\t\t<\/div>\n\t\t\t\t<\/div>\n\t\t\t\t\t<\/div>\n\t\t<\/div>\n\t\t\t\t\t<\/div>\n\t\t<\/section>\n\t\t\t\t<section class=\"elementor-section elementor-top-section elementor-element elementor-element-01a038f elementor-section-boxed elementor-section-height-default elementor-section-height-default\" data-id=\"01a038f\" data-element_type=\"section\">\n\t\t\t\t\t\t<div class=\"elementor-container elementor-column-gap-default\">\n\t\t\t\t\t<div class=\"elementor-column elementor-col-100 elementor-top-column elementor-element elementor-element-8e95b77\" data-id=\"8e95b77\" data-element_type=\"column\">\n\t\t\t<div class=\"elementor-widget-wrap elementor-element-populated\">\n\t\t\t\t\t\t<div class=\"elementor-element elementor-element-e3be42d elementor-widget elementor-widget-text-editor\" data-id=\"e3be42d\" data-element_type=\"widget\" data-widget_type=\"text-editor.default\">\n\t\t\t\t<div class=\"elementor-widget-container\">\n\t\t\t\t\t\t\t\t\t<h5 style=\"text-align: center;\"><a href=\"https:\/\/asufin.com\/agenda-asufin-seminarios\/\" target=\"_blank\" rel=\"noopener\">Agenda ASUFIN: no te pierdas nuestros seminarios gratuitos<\/a><\/h5>\t\t\t\t\t\t\t\t<\/div>\n\t\t\t\t<\/div>\n\t\t\t\t\t<\/div>\n\t\t<\/div>\n\t\t\t\t\t<\/div>\n\t\t<\/section>\n\t\t\t\t<section class=\"elementor-section elementor-top-section elementor-element elementor-element-7007e8a elementor-section-boxed elementor-section-height-default elementor-section-height-default\" data-id=\"7007e8a\" data-element_type=\"section\">\n\t\t\t\t\t\t<div class=\"elementor-container elementor-column-gap-default\">\n\t\t\t\t\t<div class=\"elementor-column elementor-col-100 elementor-top-column elementor-element elementor-element-4c73e2b\" data-id=\"4c73e2b\" data-element_type=\"column\">\n\t\t\t<div class=\"elementor-widget-wrap elementor-element-populated\">\n\t\t\t\t\t\t<div class=\"elementor-element elementor-element-34b6ba1 elementor-widget elementor-widget-text-editor\" data-id=\"34b6ba1\" data-element_type=\"widget\" data-widget_type=\"text-editor.default\">\n\t\t\t\t<div class=\"elementor-widget-container\">\n\t\t\t\t\t\t\t\t\t<p>La posici\u00f3n de ASUFIN es que si la acci\u00f3n principal (nulidad absoluta de la cl\u00e1usula) es imprescriptible, la acci\u00f3n consecuente de la anterior (devoluci\u00f3n de las cantidades) tambi\u00e9n lo ser\u00eda, por lo que <strong>no habr\u00eda plazo para su reclamaci\u00f3n<\/strong>. O, en todo caso, los 5 a\u00f1os de plazo que establece el C\u00f3digo Civil, desde que se declara la nulidad de la cl\u00e1usula, es decir, que el plazo no empieza a contar <strong>hasta que no se falla una sentencia individual que as\u00ed lo declara<\/strong>.<\/p><p>M\u00e1s de 8 millones de consumidores que pagaron gastos por su hipoteca est\u00e1n a la espera de conocer qu\u00e9 ocurre con los plazos para reclamar de media, unos 1.500 euros.<\/p>\t\t\t\t\t\t\t\t<\/div>\n\t\t\t\t<\/div>\n\t\t\t\t\t<\/div>\n\t\t<\/div>\n\t\t\t\t\t<\/div>\n\t\t<\/section>\n\t\t\t\t<section class=\"elementor-section elementor-top-section elementor-element elementor-element-0b3aca2 elementor-section-boxed elementor-section-height-default elementor-section-height-default\" data-id=\"0b3aca2\" data-element_type=\"section\">\n\t\t\t\t\t\t<div class=\"elementor-container elementor-column-gap-default\">\n\t\t\t\t\t<div class=\"elementor-column elementor-col-100 elementor-top-column elementor-element elementor-element-b090975\" data-id=\"b090975\" data-element_type=\"column\">\n\t\t\t<div class=\"elementor-widget-wrap elementor-element-populated\">\n\t\t\t\t\t\t<div class=\"elementor-element elementor-element-2edfb52 elementor-widget elementor-widget-text-editor\" data-id=\"2edfb52\" data-element_type=\"widget\" data-widget_type=\"text-editor.default\">\n\t\t\t\t<div class=\"elementor-widget-container\">\n\t\t\t\t\t\t\t\t\t<h5 style=\"text-align: center;\"><a href=\"https:\/\/panel.asufin.com\" target=\"_blank\" rel=\"noopener\">Reclama amb nosaltres qualsevol cl\u00e0usula abusiva de la teva hipoteca<\/a><\/h5>\t\t\t\t\t\t\t\t<\/div>\n\t\t\t\t<\/div>\n\t\t\t\t\t<\/div>\n\t\t<\/div>\n\t\t\t\t\t<\/div>\n\t\t<\/section>\n\t\t\t\t<\/div>\n\t\t","protected":false},"excerpt":{"rendered":"<p>Patricia Su\u00e1rez: \u201c\u00c9s millor que es pronunci\u00ef el\u00a0TJUE\u00a0per a evitar major inseguretat jur\u00eddica i perjudici al consumidor\u201d Despr\u00e9s de deliberaci\u00f3, avui el Tribunal Suprem ha decidit plantejar una q\u00fcesti\u00f3 prejudicial davant el Tribunal de Just\u00edcia de la Uni\u00f3 Europea (TJUE)\u00a0que aclareixi la prescripci\u00f3 de terminis en la reclamaci\u00f3 de despeses hipotec\u00e0ries. Al que\u00a0ASUFIN\u00a0respon, en paraules [&hellip;]<\/p>\n","protected":false},"author":279,"featured_media":56744,"comment_status":"open","ping_status":"closed","sticky":false,"template":"","format":"standard","meta":{"_acf_changed":false,"_jetpack_newsletter_access":"","_jetpack_dont_email_post_to_subs":false,"_jetpack_newsletter_tier_id":0,"_jetpack_memberships_contains_paywalled_content":false,"_jetpack_memberships_contains_paid_content":false,"footnotes":""},"categories":[3278,3279,6886,7313],"tags":[],"class_list":["post-65993","post","type-post","status-publish","format-standard","has-post-thumbnail","hentry","category-asufin-comunicats-cat","category-asufin-destacat-cat","category-gastos-hipoteca-cat","category-tjue-cat"],"acf":[],"jetpack_featured_media_url":"https:\/\/i0.wp.com\/staging.asufin.com\/staging\/wp-content\/uploads\/2020\/10\/mano-mujer-operar-calculadora-frente-modelo-casa-villa_1387-956-1.jpg?fit=1000%2C800&ssl=1","jetpack_shortlink":"https:\/\/wp.me\/peayLa-hap","jetpack_likes_enabled":false,"jetpack_sharing_enabled":true,"_links":{"self":[{"href":"https:\/\/staging.asufin.com\/staging\/wp-json\/wp\/v2\/posts\/65993","targetHints":{"allow":["GET"]}}],"collection":[{"href":"https:\/\/staging.asufin.com\/staging\/wp-json\/wp\/v2\/posts"}],"about":[{"href":"https:\/\/staging.asufin.com\/staging\/wp-json\/wp\/v2\/types\/post"}],"author":[{"embeddable":true,"href":"https:\/\/staging.asufin.com\/staging\/wp-json\/wp\/v2\/users\/279"}],"replies":[{"embeddable":true,"href":"https:\/\/staging.asufin.com\/staging\/wp-json\/wp\/v2\/comments?post=65993"}],"version-history":[{"count":7,"href":"https:\/\/staging.asufin.com\/staging\/wp-json\/wp\/v2\/posts\/65993\/revisions"}],"predecessor-version":[{"id":66000,"href":"https:\/\/staging.asufin.com\/staging\/wp-json\/wp\/v2\/posts\/65993\/revisions\/66000"}],"wp:featuredmedia":[{"embeddable":true,"href":"https:\/\/staging.asufin.com\/staging\/wp-json\/wp\/v2\/media\/56744"}],"wp:attachment":[{"href":"https:\/\/staging.asufin.com\/staging\/wp-json\/wp\/v2\/media?parent=65993"}],"wp:term":[{"taxonomy":"category","embeddable":true,"href":"https:\/\/staging.asufin.com\/staging\/wp-json\/wp\/v2\/categories?post=65993"},{"taxonomy":"post_tag","embeddable":true,"href":"https:\/\/staging.asufin.com\/staging\/wp-json\/wp\/v2\/tags?post=65993"}],"curies":[{"name":"wp","href":"https:\/\/api.w.org\/{rel}","templated":true}]}}