{"id":69796,"date":"2021-09-23T11:18:26","date_gmt":"2021-09-23T11:18:26","guid":{"rendered":"https:\/\/www.asufin.com\/?p=69796"},"modified":"2022-02-17T19:07:04","modified_gmt":"2022-02-17T19:07:04","slug":"volcan-la-palma-asufin-propone-al-gobierno-declarar-parque-nacional-la-zona-devastada","status":"publish","type":"post","link":"https:\/\/staging.asufin.com\/staging\/volcan-la-palma-asufin-propone-al-gobierno-declarar-parque-nacional-la-zona-devastada\/","title":{"rendered":"VOLC\u00c1N LA PALMA: Desde ASUFIN proponemos al Gobierno declarar Parque Nacional la zona devastada"},"content":{"rendered":"\t\t<div data-elementor-type=\"wp-post\" data-elementor-id=\"69796\" class=\"elementor elementor-69796\">\n\t\t\t\t\t\t<section class=\"elementor-section elementor-top-section elementor-element elementor-element-c21f09f elementor-section-boxed elementor-section-height-default elementor-section-height-default\" data-id=\"c21f09f\" data-element_type=\"section\">\n\t\t\t\t\t\t<div class=\"elementor-container elementor-column-gap-default\">\n\t\t\t\t\t<div class=\"elementor-column elementor-col-100 elementor-top-column elementor-element elementor-element-43a3be4\" data-id=\"43a3be4\" data-element_type=\"column\">\n\t\t\t<div class=\"elementor-widget-wrap elementor-element-populated\">\n\t\t\t\t\t\t<div class=\"elementor-element elementor-element-d2a1c6a elementor-widget elementor-widget-text-editor\" data-id=\"d2a1c6a\" data-element_type=\"widget\" data-widget_type=\"text-editor.default\">\n\t\t\t\t<div class=\"elementor-widget-container\">\n\t\t\t\t\t\t\t\t\t<h4>Pedimos que se expropie y pague un justiprecio a due\u00f1os de viviendas, negocios y explotaciones agrarias<\/h4>\t\t\t\t\t\t\t\t<\/div>\n\t\t\t\t<\/div>\n\t\t\t\t<div class=\"elementor-element elementor-element-b3ee0c1 elementor-widget elementor-widget-text-editor\" data-id=\"b3ee0c1\" data-element_type=\"widget\" data-widget_type=\"text-editor.default\">\n\t\t\t\t<div class=\"elementor-widget-container\">\n\t\t\t\t\t\t\t\t\t<p>Las consecuencias econ\u00f3micas que deja tras de s\u00ed la erupci\u00f3n del volc\u00e1n de Cumbre Vieja en La Palma tienen que ser abordadas con una perspectiva amplia, m\u00e1s all\u00e1 de la cobertura que proporcionan los seguros. ASUFIN<strong> propone al Gobierno la declaraci\u00f3n de Parque Nacional<\/strong> de toda la zona devastada por las coladas del volc\u00e1n, lo que t\u00e9cnicamente se conoce como el malpa\u00eds.<\/p><p><strong>Esto permitir\u00e1 dos cuestiones fundamentales para los afectados:<\/strong> la expropiaci\u00f3n a todos los propietarios de los terrenos, tambi\u00e9n los agrarios, y el pago de justiprecio a todos ellos que les permita empezar de cero.\u00a0<\/p>\t\t\t\t\t\t\t\t<\/div>\n\t\t\t\t<\/div>\n\t\t\t\t<div class=\"elementor-element elementor-element-5961c5e elementor-widget elementor-widget-text-editor\" data-id=\"5961c5e\" data-element_type=\"widget\" data-widget_type=\"text-editor.default\">\n\t\t\t\t<div class=\"elementor-widget-container\">\n\t\t\t\t\t\t\t\t\t<h5><a href=\"https:\/\/staging.asufin.com\/staging\/reclama\/\" target=\"_blank\" rel=\"noopener\">En ASUFIN podemos recuperar tu dinero \u00a1Elige tu caso y comienza tu reclamaci\u00f3n cuanto antes!<\/a><\/h5>\t\t\t\t\t\t\t\t<\/div>\n\t\t\t\t<\/div>\n\t\t\t\t<div class=\"elementor-element elementor-element-1d5fdb6 elementor-widget elementor-widget-text-editor\" data-id=\"1d5fdb6\" data-element_type=\"widget\" data-widget_type=\"text-editor.default\">\n\t\t\t\t<div class=\"elementor-widget-container\">\n\t\t\t\t\t\t\t\t\t<p>Por otra parte,<strong> ASUFIN considera importante que el Gobierno tome nota del ejemplo de Islandia,<\/strong> a prop\u00f3sito del estallido del volc\u00e1n Eldfell en el a\u00f1o 1973. Las autoridades del pa\u00eds articularon una legislaci\u00f3n, dos a\u00f1os m\u00e1s tarde, que obligaba a la poblaci\u00f3n a estar asegurada frente al fen\u00f3meno volc\u00e1nico, que pasaba a estar gestionado por un consorcio estatal ad hoc. Una iniciativa as\u00ed, implantada en zonas de especial riesgo como las Islas Canarias, hubiera evitado el descalabro econ\u00f3mico que, de momento, sufren todos afectados a la espera de que intervengan aseguradoras y otro tipo de ayudas.<\/p>\t\t\t\t\t\t\t\t<\/div>\n\t\t\t\t<\/div>\n\t\t\t\t<div class=\"elementor-element elementor-element-78d4ac7 elementor-widget elementor-widget-text-editor\" data-id=\"78d4ac7\" data-element_type=\"widget\" data-widget_type=\"text-editor.default\">\n\t\t\t\t<div class=\"elementor-widget-container\">\n\t\t\t\t\t\t\t\t\t<h5><a href=\"https:\/\/staging.asufin.com\/staging\/volcan-de-la-palma-asufin-insta-a-la-responsabilidad-de-aseguradoras-y-bancos\/\" target=\"_blank\" rel=\"noopener\">Noticas relacionadas: En ASUFIN instamos a la responsabilidad de aseguradoras y bancos tras la erupci\u00f3n del volc\u00e1n de la Palma\u00a0<\/a><\/h5>\t\t\t\t\t\t\t\t<\/div>\n\t\t\t\t<\/div>\n\t\t\t\t\t<\/div>\n\t\t<\/div>\n\t\t\t\t\t<\/div>\n\t\t<\/section>\n\t\t\t\t<\/div>\n\t\t","protected":false},"excerpt":{"rendered":"<p>Pedimos que se expropie y pague un justiprecio a due\u00f1os de viviendas, negocios y explotaciones agrarias.<\/p>\n","protected":false},"author":279,"featured_media":66403,"comment_status":"open","ping_status":"closed","sticky":false,"template":"","format":"standard","meta":{"_acf_changed":false,"_jetpack_newsletter_access":"","_jetpack_dont_email_post_to_subs":false,"_jetpack_newsletter_tier_id":0,"_jetpack_memberships_contains_paywalled_content":false,"_jetpack_memberships_contains_paid_content":false,"footnotes":""},"categories":[43,3436],"tags":[7368],"class_list":["post-69796","post","type-post","status-publish","format-standard","has-post-thumbnail","hentry","category-asufin-destacado","category-asufin-cast","tag-destacadas"],"acf":[],"jetpack_featured_media_url":"https:\/\/i0.wp.com\/staging.asufin.com\/staging\/wp-content\/uploads\/2021\/07\/EMPRESA-DE-RECOBRO.jpg?fit=1500%2C1000&ssl=1","jetpack_shortlink":"https:\/\/wp.me\/peayLa-i9K","jetpack_likes_enabled":false,"jetpack_sharing_enabled":true,"_links":{"self":[{"href":"https:\/\/staging.asufin.com\/staging\/wp-json\/wp\/v2\/posts\/69796","targetHints":{"allow":["GET"]}}],"collection":[{"href":"https:\/\/staging.asufin.com\/staging\/wp-json\/wp\/v2\/posts"}],"about":[{"href":"https:\/\/staging.asufin.com\/staging\/wp-json\/wp\/v2\/types\/post"}],"author":[{"embeddable":true,"href":"https:\/\/staging.asufin.com\/staging\/wp-json\/wp\/v2\/users\/279"}],"replies":[{"embeddable":true,"href":"https:\/\/staging.asufin.com\/staging\/wp-json\/wp\/v2\/comments?post=69796"}],"version-history":[{"count":32,"href":"https:\/\/staging.asufin.com\/staging\/wp-json\/wp\/v2\/posts\/69796\/revisions"}],"predecessor-version":[{"id":85820,"href":"https:\/\/staging.asufin.com\/staging\/wp-json\/wp\/v2\/posts\/69796\/revisions\/85820"}],"wp:featuredmedia":[{"embeddable":true,"href":"https:\/\/staging.asufin.com\/staging\/wp-json\/wp\/v2\/media\/66403"}],"wp:attachment":[{"href":"https:\/\/staging.asufin.com\/staging\/wp-json\/wp\/v2\/media?parent=69796"}],"wp:term":[{"taxonomy":"category","embeddable":true,"href":"https:\/\/staging.asufin.com\/staging\/wp-json\/wp\/v2\/categories?post=69796"},{"taxonomy":"post_tag","embeddable":true,"href":"https:\/\/staging.asufin.com\/staging\/wp-json\/wp\/v2\/tags?post=69796"}],"curies":[{"name":"wp","href":"https:\/\/api.w.org\/{rel}","templated":true}]}}