{"id":70030,"date":"2021-09-27T13:11:37","date_gmt":"2021-09-27T13:11:37","guid":{"rendered":"https:\/\/www.asufin.com\/?p=70030"},"modified":"2021-09-27T13:11:41","modified_gmt":"2021-09-27T13:11:41","slug":"volca-la-palma-des-dasufin-proposem-al-govern-declarar-parc-nacional-la-zona-devastada","status":"publish","type":"post","link":"https:\/\/staging.asufin.com\/staging\/ca\/volca-la-palma-des-dasufin-proposem-al-govern-declarar-parc-nacional-la-zona-devastada\/","title":{"rendered":"Volc\u00e0 la Palma: Des d&#8217;ASUFIN proposem al Govern declarar Parc Nacional la zona devastada"},"content":{"rendered":"\t\t<div data-elementor-type=\"wp-post\" data-elementor-id=\"70030\" class=\"elementor elementor-70030\">\n\t\t\t\t\t\t<section class=\"elementor-section elementor-top-section elementor-element elementor-element-c21f09f elementor-section-boxed elementor-section-height-default elementor-section-height-default\" data-id=\"c21f09f\" data-element_type=\"section\">\n\t\t\t\t\t\t<div class=\"elementor-container elementor-column-gap-default\">\n\t\t\t\t\t<div class=\"elementor-column elementor-col-100 elementor-top-column elementor-element elementor-element-43a3be4\" data-id=\"43a3be4\" data-element_type=\"column\">\n\t\t\t<div class=\"elementor-widget-wrap elementor-element-populated\">\n\t\t\t\t\t\t<div class=\"elementor-element elementor-element-d2a1c6a elementor-widget elementor-widget-text-editor\" data-id=\"d2a1c6a\" data-element_type=\"widget\" data-widget_type=\"text-editor.default\">\n\t\t\t\t<div class=\"elementor-widget-container\">\n\t\t\t\t\t\t\t\t\t<h4>Demanem que s&#8217;expropi\u00ef i pagui un preu just a amos d&#8217;habitatges, negocis i explotacions agr\u00e0ries<\/h4>\t\t\t\t\t\t\t\t<\/div>\n\t\t\t\t<\/div>\n\t\t\t\t<div class=\"elementor-element elementor-element-b3ee0c1 elementor-widget elementor-widget-text-editor\" data-id=\"b3ee0c1\" data-element_type=\"widget\" data-widget_type=\"text-editor.default\">\n\t\t\t\t<div class=\"elementor-widget-container\">\n\t\t\t\t\t\t\t\t\t<p>Les conseq\u00fc\u00e8ncies econ\u00f2miques que deixa despr\u00e9s de si l&#8217;erupci\u00f3 del volc\u00e0 de Cimera Vella a la Palma han de ser abordades amb una perspectiva \u00e0mplia, m\u00e9s enll\u00e0 de la cobertura que proporcionen les assegurances. ASUFIN <strong>proposa al Govern la declaraci\u00f3 de Parc Nacional<\/strong> de tota la zona devastada per les bugades del volc\u00e0, la qual cosa t\u00e8cnicament es coneix com el malpa\u00eds.<\/p><p><strong>Aix\u00f2 permetr\u00e0 dues q\u00fcestions fonamentals per als afectats<\/strong>: l&#8217;expropiaci\u00f3 a tots els propietaris dels terrenys, tamb\u00e9 els agraris, i el pagament de preu just a tots ells que els permeti comen\u00e7ar de zero.<\/p>\t\t\t\t\t\t\t\t<\/div>\n\t\t\t\t<\/div>\n\t\t\t\t<div class=\"elementor-element elementor-element-5961c5e elementor-widget elementor-widget-text-editor\" data-id=\"5961c5e\" data-element_type=\"widget\" data-widget_type=\"text-editor.default\">\n\t\t\t\t<div class=\"elementor-widget-container\">\n\t\t\t\t\t\t\t\t\t<h5><a href=\"https:\/\/asufin.com\/reclama\/\" target=\"_blank\" rel=\"noopener\">A ASUFIN podem recuperar els teus diners. Tria el teu cas i comen\u00e7a la teva reclamaci\u00f3 com m\u00e9s aviat millor!<\/a><\/h5>\t\t\t\t\t\t\t\t<\/div>\n\t\t\t\t<\/div>\n\t\t\t\t<div class=\"elementor-element elementor-element-1d5fdb6 elementor-widget elementor-widget-text-editor\" data-id=\"1d5fdb6\" data-element_type=\"widget\" data-widget_type=\"text-editor.default\">\n\t\t\t\t<div class=\"elementor-widget-container\">\n\t\t\t\t\t\t\t\t\t<p>D&#8217;altra banda,\u00a0<strong>ASUFIN\u00a0considera important que el Govern prengui nota de l&#8217;exemple d&#8217;Isl\u00e0ndia<\/strong>, a prop\u00f2sit de l&#8217;esclat del volc\u00e0\u00a0Eldfell\u00a0l&#8217;any 1973. Les autoritats del pa\u00eds van articular una legislaci\u00f3, dos anys m\u00e9s tard, que obligava la poblaci\u00f3 a estar assegurada enfront del fenomen volc\u00e0nic, que passava a ser gestionat per un consorci estatal ad hoc. Una iniciativa aix\u00ed, implantada en zones d&#8217;especial risc com les Illes Can\u00e0ries, hagu\u00e9s evitat el daltabaix econ\u00f2mic que, de moment, sofreixen tots afectats a l&#8217;espera que intervinguin asseguradores i un altre tipus d&#8217;ajudes.<\/p>\t\t\t\t\t\t\t\t<\/div>\n\t\t\t\t<\/div>\n\t\t\t\t<div class=\"elementor-element elementor-element-78d4ac7 elementor-widget elementor-widget-text-editor\" data-id=\"78d4ac7\" data-element_type=\"widget\" data-widget_type=\"text-editor.default\">\n\t\t\t\t<div class=\"elementor-widget-container\">\n\t\t\t\t\t\t\t\t\t<h5><a href=\"https:\/\/asufin.com\/volcan-de-la-palma-asufin-insta-a-la-responsabilidad-de-aseguradoras-y-bancos\/\" target=\"_blank\" rel=\"noopener\">Not\u00edcies relacionades: A ASUFIN instem la responsabilitat d&#8217;asseguradores i bancs despr\u00e9s de l&#8217;erupci\u00f3 del volc\u00e0 de la Palma<\/a><\/h5>\t\t\t\t\t\t\t\t<\/div>\n\t\t\t\t<\/div>\n\t\t\t\t\t<\/div>\n\t\t<\/div>\n\t\t\t\t\t<\/div>\n\t\t<\/section>\n\t\t\t\t<\/div>\n\t\t","protected":false},"excerpt":{"rendered":"<p>Demanem que s&#8217;expropi\u00ef i pagui un preu just a amos d&#8217;habitatges, negocis i explotacions agr\u00e0ries Les conseq\u00fc\u00e8ncies econ\u00f2miques que deixa despr\u00e9s de si l&#8217;erupci\u00f3 del volc\u00e0 de Cimera Vella a la Palma han de ser abordades amb una perspectiva \u00e0mplia, m\u00e9s enll\u00e0 de la cobertura que proporcionen les assegurances. ASUFIN proposa al Govern la declaraci\u00f3 [&hellip;]<\/p>\n","protected":false},"author":279,"featured_media":66403,"comment_status":"open","ping_status":"closed","sticky":false,"template":"","format":"standard","meta":{"_acf_changed":false,"_jetpack_newsletter_access":"","_jetpack_dont_email_post_to_subs":false,"_jetpack_newsletter_tier_id":0,"_jetpack_memberships_contains_paywalled_content":false,"_jetpack_memberships_contains_paid_content":false,"footnotes":""},"categories":[82,3279],"tags":[],"class_list":["post-70030","post","type-post","status-publish","format-standard","has-post-thumbnail","hentry","category-asufin-cat","category-asufin-destacat-cat"],"acf":[],"jetpack_featured_media_url":"https:\/\/i0.wp.com\/staging.asufin.com\/staging\/wp-content\/uploads\/2021\/07\/EMPRESA-DE-RECOBRO.jpg?fit=1500%2C1000&ssl=1","jetpack_shortlink":"https:\/\/wp.me\/peayLa-idw","jetpack_likes_enabled":false,"jetpack_sharing_enabled":true,"_links":{"self":[{"href":"https:\/\/staging.asufin.com\/staging\/wp-json\/wp\/v2\/posts\/70030","targetHints":{"allow":["GET"]}}],"collection":[{"href":"https:\/\/staging.asufin.com\/staging\/wp-json\/wp\/v2\/posts"}],"about":[{"href":"https:\/\/staging.asufin.com\/staging\/wp-json\/wp\/v2\/types\/post"}],"author":[{"embeddable":true,"href":"https:\/\/staging.asufin.com\/staging\/wp-json\/wp\/v2\/users\/279"}],"replies":[{"embeddable":true,"href":"https:\/\/staging.asufin.com\/staging\/wp-json\/wp\/v2\/comments?post=70030"}],"version-history":[{"count":7,"href":"https:\/\/staging.asufin.com\/staging\/wp-json\/wp\/v2\/posts\/70030\/revisions"}],"predecessor-version":[{"id":70038,"href":"https:\/\/staging.asufin.com\/staging\/wp-json\/wp\/v2\/posts\/70030\/revisions\/70038"}],"wp:featuredmedia":[{"embeddable":true,"href":"https:\/\/staging.asufin.com\/staging\/wp-json\/wp\/v2\/media\/66403"}],"wp:attachment":[{"href":"https:\/\/staging.asufin.com\/staging\/wp-json\/wp\/v2\/media?parent=70030"}],"wp:term":[{"taxonomy":"category","embeddable":true,"href":"https:\/\/staging.asufin.com\/staging\/wp-json\/wp\/v2\/categories?post=70030"},{"taxonomy":"post_tag","embeddable":true,"href":"https:\/\/staging.asufin.com\/staging\/wp-json\/wp\/v2\/tags?post=70030"}],"curies":[{"name":"wp","href":"https:\/\/api.w.org\/{rel}","templated":true}]}}