{"id":70073,"date":"2021-09-28T07:12:48","date_gmt":"2021-09-28T07:12:48","guid":{"rendered":"https:\/\/www.asufin.com\/?p=70073"},"modified":"2022-02-17T19:20:43","modified_gmt":"2022-02-17T19:20:43","slug":"volcan-de-la-palma-instamos-al-congreso-a-aprobar-la-ley-de-parque-nacional","status":"publish","type":"post","link":"https:\/\/staging.asufin.com\/staging\/volcan-de-la-palma-instamos-al-congreso-a-aprobar-la-ley-de-parque-nacional\/","title":{"rendered":"VOLC\u00c1N LA PALMA: Instamos al Congreso a aprobar la Ley de Parque Nacional"},"content":{"rendered":"\t\t<div data-elementor-type=\"wp-post\" data-elementor-id=\"70073\" class=\"elementor elementor-70073\">\n\t\t\t\t\t\t<section class=\"elementor-section elementor-top-section elementor-element elementor-element-87a8a99 elementor-section-boxed elementor-section-height-default elementor-section-height-default\" data-id=\"87a8a99\" data-element_type=\"section\">\n\t\t\t\t\t\t<div class=\"elementor-container elementor-column-gap-default\">\n\t\t\t\t\t<div class=\"elementor-column elementor-col-100 elementor-top-column elementor-element elementor-element-cf3e6a2\" data-id=\"cf3e6a2\" data-element_type=\"column\">\n\t\t\t<div class=\"elementor-widget-wrap elementor-element-populated\">\n\t\t\t\t\t\t<div class=\"elementor-element elementor-element-f12f7b7 elementor-widget elementor-widget-text-editor\" data-id=\"f12f7b7\" data-element_type=\"widget\" data-widget_type=\"text-editor.default\">\n\t\t\t\t<div class=\"elementor-widget-container\">\n\t\t\t\t\t\t\t\t\t<h4>\u201cLa participaci\u00f3n de todos es fundamental; es el tiempo de la solidaridad de todos los compatriotas con los palmeros y palmeras\u201d, afirma Patricia Su\u00e1rez<\/h4>\t\t\t\t\t\t\t\t<\/div>\n\t\t\t\t<\/div>\n\t\t\t\t\t<\/div>\n\t\t<\/div>\n\t\t\t\t\t<\/div>\n\t\t<\/section>\n\t\t\t\t<section class=\"elementor-section elementor-top-section elementor-element elementor-element-fae6e84 elementor-section-boxed elementor-section-height-default elementor-section-height-default\" data-id=\"fae6e84\" data-element_type=\"section\">\n\t\t\t\t\t\t<div class=\"elementor-container elementor-column-gap-default\">\n\t\t\t\t\t<div class=\"elementor-column elementor-col-100 elementor-top-column elementor-element elementor-element-8abfda3\" data-id=\"8abfda3\" data-element_type=\"column\">\n\t\t\t<div class=\"elementor-widget-wrap elementor-element-populated\">\n\t\t\t\t\t\t<div class=\"elementor-element elementor-element-54b1ba4 elementor-widget elementor-widget-text-editor\" data-id=\"54b1ba4\" data-element_type=\"widget\" data-widget_type=\"text-editor.default\">\n\t\t\t\t<div class=\"elementor-widget-container\">\n\t\t\t\t\t\t\t\t\t<p>Desde ASUFIN hemos enviado una carta a todos y cada uno de los 10 Grupos parlamentarios, desde el Socialista hasta el Mixto, que les insta a plantear en el Congreso y apoyar una Ley que convierta todos los terrenos arrasados por el volc\u00e1n de Cumbre Vieja, en La Palma, en un Parque Nacional, <strong>como una soluci\u00f3n real para que los habitantes de esas zonas puedan empezar de cero<\/strong>.<\/p>\n<p>\u201cLa creaci\u00f3n de un Parque Nacional permitir\u00e1 un plan global para poner en marcha <strong>una reordenaci\u00f3n del territorio acompa\u00f1ada de un mapa de riesgos<\/strong>. De esta manera, las familias canarias podr\u00e1n empezar de cero en un espacio seguro, adem\u00e1s de evitar el desarraigo\u201d, justifica nuestra misiva <strong>firmada por Patricia Su\u00e1rez, presidenta de ASUFIN<\/strong>.<\/p>\n<p>\u201cLa creaci\u00f3n de Parque Nacional debe ser aprobada por Ley en el Congreso. Es por ello que la participaci\u00f3n de su grupo es fundamental. <strong>Los palmeros y palmeras merecen la solidaridad de todos sus compatriotas<\/strong>\u201d, remacha.<\/p>\t\t\t\t\t\t\t\t<\/div>\n\t\t\t\t<\/div>\n\t\t\t\t\t<\/div>\n\t\t<\/div>\n\t\t\t\t\t<\/div>\n\t\t<\/section>\n\t\t\t\t<section class=\"elementor-section elementor-top-section elementor-element elementor-element-dcbbea0 elementor-section-boxed elementor-section-height-default elementor-section-height-default\" data-id=\"dcbbea0\" data-element_type=\"section\">\n\t\t\t\t\t\t<div class=\"elementor-container elementor-column-gap-default\">\n\t\t\t\t\t<div class=\"elementor-column elementor-col-100 elementor-top-column elementor-element elementor-element-6f7723c\" data-id=\"6f7723c\" data-element_type=\"column\">\n\t\t\t<div class=\"elementor-widget-wrap elementor-element-populated\">\n\t\t\t\t\t\t<div class=\"elementor-element elementor-element-3d002b1 elementor-widget elementor-widget-text-editor\" data-id=\"3d002b1\" data-element_type=\"widget\" data-widget_type=\"text-editor.default\">\n\t\t\t\t<div class=\"elementor-widget-container\">\n\t\t\t\t\t\t\t\t\t<h5><a href=\"https:\/\/staging.asufin.com\/staging\/volcan-la-palma-asufin-propone-al-gobierno-declarar-parque-nacional-la-zona-devastada\/\" target=\"_blank\" rel=\"noopener\">Noticias relacionadas: Desde ASUFIN proponemos al Gobierno declarar Parque Nacional la zona devastada<\/a><\/h5>\t\t\t\t\t\t\t\t<\/div>\n\t\t\t\t<\/div>\n\t\t\t\t\t<\/div>\n\t\t<\/div>\n\t\t\t\t\t<\/div>\n\t\t<\/section>\n\t\t\t\t<section class=\"elementor-section elementor-top-section elementor-element elementor-element-f21b7d7 elementor-section-boxed elementor-section-height-default elementor-section-height-default\" data-id=\"f21b7d7\" data-element_type=\"section\">\n\t\t\t\t\t\t<div class=\"elementor-container elementor-column-gap-default\">\n\t\t\t\t\t<div class=\"elementor-column elementor-col-100 elementor-top-column elementor-element elementor-element-9b2b623\" data-id=\"9b2b623\" data-element_type=\"column\">\n\t\t\t<div class=\"elementor-widget-wrap elementor-element-populated\">\n\t\t\t\t\t\t<div class=\"elementor-element elementor-element-839bd1d elementor-widget elementor-widget-text-editor\" data-id=\"839bd1d\" data-element_type=\"widget\" data-widget_type=\"text-editor.default\">\n\t\t\t\t<div class=\"elementor-widget-container\">\n\t\t\t\t\t\t\t\t\t<p>Explicamos que el recorrido que ha hecho la lava del Cumbre Vieja por lo que antes eran cultivos, viviendas, barrios y negocios ha dejado tras de s\u00ed la m\u00e1s absoluta desolaci\u00f3n: terrenos absolutamente impracticables para rehacer vida y actividad econ\u00f3mica.<\/p>\n<p>Otra de las razones que exponemos es que <strong>la mayor parte de los propietarios en las Islas Canarias no disponen de un seguro contratado<\/strong>, el 55% seg\u00fan los \u00faltimos datos recopilados por la patronal UNESPA (datos de 2020), que los deja en situaci\u00f3n de desprotecci\u00f3n y absolutamente al margen de la cobertura que gestionar\u00e1 el Consorcio de Compensaci\u00f3n de Seguros.<\/p>\n<p>Adem\u00e1s, la figura del Parque Nacional, de competencia estatal, <strong>no incompatible con la propiedad privada de aqu\u00e9llos que hayan visto salvadas sus tierras<\/strong>. Pero al mismo tiempo la ley permite <strong>expropiar a los afectados y reconocer un precio indemnizatorio, lo que conocemos como justiprecio<\/strong>. De lo contrario, y con la legislaci\u00f3n de expropiaci\u00f3n forzosa ordinaria, el terreno no tiene ning\u00fan valor puesto que se ha convertido en lo que se denomina el malpa\u00eds.<\/p>\t\t\t\t\t\t\t\t<\/div>\n\t\t\t\t<\/div>\n\t\t\t\t\t<\/div>\n\t\t<\/div>\n\t\t\t\t\t<\/div>\n\t\t<\/section>\n\t\t\t\t<\/div>\n\t\t","protected":false},"excerpt":{"rendered":"<p>&#8220;La participaci\u00f3n de todos es fundamental en estos momentos; es el tiempo de la solidaridad de todos los compatriotas con los palmeros y palmeras&#8221; afirma Patricia Su\u00e1rez<\/p>\n","protected":false},"author":279,"featured_media":34169,"comment_status":"open","ping_status":"closed","sticky":false,"template":"","format":"standard","meta":{"_acf_changed":false,"_jetpack_newsletter_access":"","_jetpack_dont_email_post_to_subs":false,"_jetpack_newsletter_tier_id":0,"_jetpack_memberships_contains_paywalled_content":false,"_jetpack_memberships_contains_paid_content":false,"footnotes":""},"categories":[43,103,3282],"tags":[],"class_list":["post-70073","post","type-post","status-publish","format-standard","has-post-thumbnail","hentry","category-asufin-destacado","category-asufin-comunicados","category-seguros"],"acf":[],"jetpack_featured_media_url":"https:\/\/i0.wp.com\/staging.asufin.com\/staging\/wp-content\/uploads\/2017\/11\/CONGRESO-DIPUTADOS-e1518441245593.jpg?fit=1280%2C854&ssl=1","jetpack_shortlink":"https:\/\/wp.me\/peayLa-ied","jetpack_likes_enabled":false,"jetpack_sharing_enabled":true,"_links":{"self":[{"href":"https:\/\/staging.asufin.com\/staging\/wp-json\/wp\/v2\/posts\/70073","targetHints":{"allow":["GET"]}}],"collection":[{"href":"https:\/\/staging.asufin.com\/staging\/wp-json\/wp\/v2\/posts"}],"about":[{"href":"https:\/\/staging.asufin.com\/staging\/wp-json\/wp\/v2\/types\/post"}],"author":[{"embeddable":true,"href":"https:\/\/staging.asufin.com\/staging\/wp-json\/wp\/v2\/users\/279"}],"replies":[{"embeddable":true,"href":"https:\/\/staging.asufin.com\/staging\/wp-json\/wp\/v2\/comments?post=70073"}],"version-history":[{"count":15,"href":"https:\/\/staging.asufin.com\/staging\/wp-json\/wp\/v2\/posts\/70073\/revisions"}],"predecessor-version":[{"id":85830,"href":"https:\/\/staging.asufin.com\/staging\/wp-json\/wp\/v2\/posts\/70073\/revisions\/85830"}],"wp:featuredmedia":[{"embeddable":true,"href":"https:\/\/staging.asufin.com\/staging\/wp-json\/wp\/v2\/media\/34169"}],"wp:attachment":[{"href":"https:\/\/staging.asufin.com\/staging\/wp-json\/wp\/v2\/media?parent=70073"}],"wp:term":[{"taxonomy":"category","embeddable":true,"href":"https:\/\/staging.asufin.com\/staging\/wp-json\/wp\/v2\/categories?post=70073"},{"taxonomy":"post_tag","embeddable":true,"href":"https:\/\/staging.asufin.com\/staging\/wp-json\/wp\/v2\/tags?post=70073"}],"curies":[{"name":"wp","href":"https:\/\/api.w.org\/{rel}","templated":true}]}}