{"id":71321,"date":"2021-10-05T09:10:16","date_gmt":"2021-10-05T09:10:16","guid":{"rendered":"https:\/\/www.asufin.com\/?p=71321"},"modified":"2021-10-06T15:36:28","modified_gmt":"2021-10-06T15:36:28","slug":"geroa-presentamos-la-primera-demanda-contra-la-epsv-vasca-para-defender-a-mas-de-800-afectados-por-el-euskorralito","status":"publish","type":"post","link":"https:\/\/staging.asufin.com\/staging\/geroa-presentamos-la-primera-demanda-contra-la-epsv-vasca-para-defender-a-mas-de-800-afectados-por-el-euskorralito\/","title":{"rendered":"GEROA: Presentamos la primera demanda contra la EPSV vasca para defender a m\u00e1s de 800 afectados por el \u2018euskorralito\u2019"},"content":{"rendered":"\t\t<div data-elementor-type=\"wp-post\" data-elementor-id=\"71321\" class=\"elementor elementor-71321\">\n\t\t\t\t\t\t<section class=\"elementor-section elementor-top-section elementor-element elementor-element-30e8d70 elementor-section-boxed elementor-section-height-default elementor-section-height-default\" data-id=\"30e8d70\" data-element_type=\"section\">\n\t\t\t\t\t\t<div class=\"elementor-container elementor-column-gap-default\">\n\t\t\t\t\t<div class=\"elementor-column elementor-col-100 elementor-top-column elementor-element elementor-element-1d84929\" data-id=\"1d84929\" data-element_type=\"column\">\n\t\t\t<div class=\"elementor-widget-wrap elementor-element-populated\">\n\t\t\t\t\t\t<div class=\"elementor-element elementor-element-2ffa260 elementor-widget elementor-widget-text-editor\" data-id=\"2ffa260\" data-element_type=\"widget\" data-widget_type=\"text-editor.default\">\n\t\t\t\t<div class=\"elementor-widget-container\">\n\t\t\t\t\t\t\t\t\t<h4>La entidad de previsi\u00f3n cambi\u00f3 sus estatutos para limitar el rescate de las aportaciones realizadas a lo largo de d\u00e9cadas por los trabajadores \u00a0\u00a0<\/h4>\t\t\t\t\t\t\t\t<\/div>\n\t\t\t\t<\/div>\n\t\t\t\t\t<\/div>\n\t\t<\/div>\n\t\t\t\t\t<\/div>\n\t\t<\/section>\n\t\t\t\t<section class=\"elementor-section elementor-top-section elementor-element elementor-element-9264774 elementor-section-boxed elementor-section-height-default elementor-section-height-default\" data-id=\"9264774\" data-element_type=\"section\">\n\t\t\t\t\t\t<div class=\"elementor-container elementor-column-gap-default\">\n\t\t\t\t\t<div class=\"elementor-column elementor-col-100 elementor-top-column elementor-element elementor-element-2cab052\" data-id=\"2cab052\" data-element_type=\"column\">\n\t\t\t<div class=\"elementor-widget-wrap elementor-element-populated\">\n\t\t\t\t\t\t<div class=\"elementor-element elementor-element-86f6de7 elementor-widget elementor-widget-text-editor\" data-id=\"86f6de7\" data-element_type=\"widget\" data-widget_type=\"text-editor.default\">\n\t\t\t\t<div class=\"elementor-widget-container\">\n\t\t\t\t\t\t\t\t\t<p>Desde ASUFIN hemos asumido la defensa de 818 afectados contra la Entidad de Previsi\u00f3n Social Voluntaria (EPSV) Geroa Pentsioak <strong>al impedirles el rescate de la totalidad de sus aportaciones realizadas a lo largo de d\u00e9cadas<\/strong>. Los abogados de la asociaci\u00f3n presentaron ayer, ante los Juzgados de lo Social de Donostia, la primera demanda <strong>del caso que ha sido bautizado como <em>euskorralito<\/em><\/strong>, por la que reclaman el rescate para uno de los agraviados de la cantidad de 58.862 euros, a lo que se suma 6.250 euros en concepto de da\u00f1os morales.<\/p>\n<p>Una EPSV, modelo que opera en el Pa\u00eds Vasco y que <strong>el ministro de Inclusi\u00f3n, Seguridad Social y Migraciones, Jos\u00e9 Luis Escriv\u00e1, pretende generalizar y potenciar en el resto de Espa\u00f1a<\/strong>, es una entidad de previsi\u00f3n social voluntaria que se fund\u00f3 a mediados de los a\u00f1os noventa en el sector del metal guipuzcoano. Cada aportaci\u00f3n del trabajador era complementada por la empresa. La sorpresa lleg\u00f3 cuando la primera generaci\u00f3n numerosa de jubilados quiso rescatar su capital: <strong>les fue denegada esa opci\u00f3n, s\u00f3lo pod\u00edan hacerlo a trav\u00e9s de una renta mensual<\/strong>, los pr\u00f3ximos 25 a\u00f1os.<\/p>\n<p>La demanda presentada contra Geroa solicita que al afectado se le devuelva el capital de su mejora voluntaria \u201cen las condiciones y caracter\u00edsticas contratadas en el momento de la primera aportaci\u00f3n\u201d, ya sea \u201c<strong>para recuperarlo de manera \u00edntegra o movilizarlo a otra entidad<\/strong>, no mediante una renta mensual\u201d.<\/p>\t\t\t\t\t\t\t\t<\/div>\n\t\t\t\t<\/div>\n\t\t\t\t\t<\/div>\n\t\t<\/div>\n\t\t\t\t\t<\/div>\n\t\t<\/section>\n\t\t\t\t<section class=\"elementor-section elementor-top-section elementor-element elementor-element-36b8bb3 elementor-section-boxed elementor-section-height-default elementor-section-height-default\" data-id=\"36b8bb3\" data-element_type=\"section\">\n\t\t\t\t\t\t<div class=\"elementor-container elementor-column-gap-default\">\n\t\t\t\t\t<div class=\"elementor-column elementor-col-100 elementor-top-column elementor-element elementor-element-de68f4d\" data-id=\"de68f4d\" data-element_type=\"column\">\n\t\t\t<div class=\"elementor-widget-wrap elementor-element-populated\">\n\t\t\t\t\t\t<div class=\"elementor-element elementor-element-55e1377 elementor-widget elementor-widget-text-editor\" data-id=\"55e1377\" data-element_type=\"widget\" data-widget_type=\"text-editor.default\">\n\t\t\t\t<div class=\"elementor-widget-container\">\n\t\t\t\t\t\t\t\t\t<h5><a href=\"https:\/\/www.youtube.com\/watch?v=Bau6dcIxEDY\" target=\"_blank\" rel=\"noopener\">\u00bfQuieres invertir tus ahorros en CFDs? Vuelve a ver nuestro webinar para conocer los riesgos de este producto<\/a><\/h5>\t\t\t\t\t\t\t\t<\/div>\n\t\t\t\t<\/div>\n\t\t\t\t\t<\/div>\n\t\t<\/div>\n\t\t\t\t\t<\/div>\n\t\t<\/section>\n\t\t\t\t<section class=\"elementor-section elementor-top-section elementor-element elementor-element-8ae9380 elementor-section-boxed elementor-section-height-default elementor-section-height-default\" data-id=\"8ae9380\" data-element_type=\"section\">\n\t\t\t\t\t\t<div class=\"elementor-container elementor-column-gap-default\">\n\t\t\t\t\t<div class=\"elementor-column elementor-col-100 elementor-top-column elementor-element elementor-element-af8382e\" data-id=\"af8382e\" data-element_type=\"column\">\n\t\t\t<div class=\"elementor-widget-wrap elementor-element-populated\">\n\t\t\t\t\t\t<div class=\"elementor-element elementor-element-bcb39b3 elementor-widget elementor-widget-text-editor\" data-id=\"bcb39b3\" data-element_type=\"widget\" data-widget_type=\"text-editor.default\">\n\t\t\t\t<div class=\"elementor-widget-container\">\n\t\t\t\t\t\t\t\t\t<p>El caso se sustenta en un <strong>cambio de estatutos de la EPSV hecho con posterioridad <\/strong>a la firma del convenio del Metal de Guip\u00fazcoa,<strong> que obligaba a todos trabajadores a adscribirse a Geroa <\/strong>prometi\u00e9ndoles que en el momento de su jubilaci\u00f3n podr\u00edan rescatar los capitales aportados.<strong> Los 113.000 trabajadores<\/strong> <strong>que integran la entidad se sienten ahora enga\u00f1ados<\/strong> por unas condiciones que han cambiado \u201ca mitad del partido, sin que nadie les comunicase nada al respecto\u201d, aseguran. En virtud del mismo, no permite el rescate a la jubilaci\u00f3n en forma de capital si el ahorrador supera la cifra de 45.120 euros. <strong>Una circunstancia que no fue comunicada en su momento y una condici\u00f3n que no fue firmada por ninguno de los beneficiarios<\/strong>.<\/p>\n<p>Nuestros abogados han recibido desde Geroa una \u00fanica respuesta: <strong>insisten en que la imposibilidad de rescate de los ahorros est\u00e1 en los estatutos y no se puede alterar<\/strong>. Los afectados, por su parte, piden que cada socio de la EPSV tenga la posibilidad de elegir c\u00f3mo quiere rescatar sus ahorros.<\/p>\n<p><strong>Patricia Su\u00e1rez, presidenta de ASUFIN:<\/strong> \u201cNo podemos admitir que se cambien las condiciones a los trabajadores de Geroa sin una comunicaci\u00f3n oficial. Es un desprop\u00f3sito que recuerda a las peores pr\u00e1cticas en el \u00e1mbito bancario en el que a menudo no se ha actuado con transparencia y justicia. Reclamamos que se de una respuesta a estos agraviados\u201d<\/p>\n<p><strong>Jaime de Carvajal, abogado colaborador de ASUFIN:<\/strong> \u201cA d\u00eda de hoy resulta tristemente sorprendente que desde la actual direcci\u00f3n de Geroa se hayan negado ni siquiera a reunirse con quienes representan a m\u00e1s de 800 trabajadores para abordar el problema oblig\u00e1ndonos a acudir la v\u00eda judicial\u201d<\/p>\t\t\t\t\t\t\t\t<\/div>\n\t\t\t\t<\/div>\n\t\t\t\t\t<\/div>\n\t\t<\/div>\n\t\t\t\t\t<\/div>\n\t\t<\/section>\n\t\t\t\t<\/div>\n\t\t","protected":false},"excerpt":{"rendered":"<p>La entidad de previsi\u00f3n cambi\u00f3 sus estatutos para limitar el rescate de las aportaciones realizadas a lo largo de d\u00e9cadas por los trabajadores<\/p>\n","protected":false},"author":279,"featured_media":71361,"comment_status":"open","ping_status":"closed","sticky":false,"template":"","format":"standard","meta":{"_acf_changed":false,"_jetpack_newsletter_access":"","_jetpack_dont_email_post_to_subs":false,"_jetpack_newsletter_tier_id":0,"_jetpack_memberships_contains_paywalled_content":false,"_jetpack_memberships_contains_paid_content":false,"footnotes":""},"categories":[103,43,7383],"tags":[],"class_list":["post-71321","post","type-post","status-publish","format-standard","has-post-thumbnail","hentry","category-asufin-comunicados","category-asufin-destacado","category-geroa"],"acf":[],"jetpack_featured_media_url":"https:\/\/i0.wp.com\/staging.asufin.com\/staging\/wp-content\/uploads\/2021\/10\/Palacio-de-Justicia-Donosti_Geroa.jpeg?fit=1248%2C770&ssl=1","jetpack_shortlink":"https:\/\/wp.me\/peayLa-iyl","jetpack_likes_enabled":false,"jetpack_sharing_enabled":true,"_links":{"self":[{"href":"https:\/\/staging.asufin.com\/staging\/wp-json\/wp\/v2\/posts\/71321","targetHints":{"allow":["GET"]}}],"collection":[{"href":"https:\/\/staging.asufin.com\/staging\/wp-json\/wp\/v2\/posts"}],"about":[{"href":"https:\/\/staging.asufin.com\/staging\/wp-json\/wp\/v2\/types\/post"}],"author":[{"embeddable":true,"href":"https:\/\/staging.asufin.com\/staging\/wp-json\/wp\/v2\/users\/279"}],"replies":[{"embeddable":true,"href":"https:\/\/staging.asufin.com\/staging\/wp-json\/wp\/v2\/comments?post=71321"}],"version-history":[{"count":19,"href":"https:\/\/staging.asufin.com\/staging\/wp-json\/wp\/v2\/posts\/71321\/revisions"}],"predecessor-version":[{"id":72082,"href":"https:\/\/staging.asufin.com\/staging\/wp-json\/wp\/v2\/posts\/71321\/revisions\/72082"}],"wp:featuredmedia":[{"embeddable":true,"href":"https:\/\/staging.asufin.com\/staging\/wp-json\/wp\/v2\/media\/71361"}],"wp:attachment":[{"href":"https:\/\/staging.asufin.com\/staging\/wp-json\/wp\/v2\/media?parent=71321"}],"wp:term":[{"taxonomy":"category","embeddable":true,"href":"https:\/\/staging.asufin.com\/staging\/wp-json\/wp\/v2\/categories?post=71321"},{"taxonomy":"post_tag","embeddable":true,"href":"https:\/\/staging.asufin.com\/staging\/wp-json\/wp\/v2\/tags?post=71321"}],"curies":[{"name":"wp","href":"https:\/\/api.w.org\/{rel}","templated":true}]}}