{"id":75994,"date":"2021-10-29T07:56:50","date_gmt":"2021-10-29T07:56:50","guid":{"rendered":"https:\/\/www.asufin.com\/?p=75994"},"modified":"2022-05-24T09:18:47","modified_gmt":"2022-05-24T09:18:47","slug":"plusvalias-la-sentencia-del-tc-pretende-salvar-a-los-ayuntamientos-a-costa-del-derecho-de-los-afectados-a-reclamar","status":"publish","type":"post","link":"https:\/\/staging.asufin.com\/staging\/plusvalias-la-sentencia-del-tc-pretende-salvar-a-los-ayuntamientos-a-costa-del-derecho-de-los-afectados-a-reclamar\/","title":{"rendered":"PLUSVAL\u00cdA: La sentencia del TC pretende salvar a los ayuntamientos a costa del derecho de los afectados a reclamar"},"content":{"rendered":"\t\t<div data-elementor-type=\"wp-post\" data-elementor-id=\"75994\" class=\"elementor elementor-75994\">\n\t\t\t\t\t\t<section class=\"elementor-section elementor-top-section elementor-element elementor-element-e7b4ba1 elementor-section-boxed elementor-section-height-default elementor-section-height-default\" data-id=\"e7b4ba1\" data-element_type=\"section\">\n\t\t\t\t\t\t<div class=\"elementor-container elementor-column-gap-default\">\n\t\t\t\t\t<div class=\"elementor-column elementor-col-100 elementor-top-column elementor-element elementor-element-287ebc4\" data-id=\"287ebc4\" data-element_type=\"column\">\n\t\t\t<div class=\"elementor-widget-wrap elementor-element-populated\">\n\t\t\t\t\t\t<div class=\"elementor-element elementor-element-6abdd94 elementor-widget elementor-widget-text-editor\" data-id=\"6abdd94\" data-element_type=\"widget\" data-widget_type=\"text-editor.default\">\n\t\t\t\t<div class=\"elementor-widget-container\">\n\t\t\t\t\t\t\t\t\t<h4>La no retroactividad que incorpora supone una vulneraci\u00f3n de la tutela judicial efectiva consagrada por Europa, completamente fragante, y que sin duda requiere una aclaraci\u00f3n por parte del TC<\/h4>\t\t\t\t\t\t\t\t<\/div>\n\t\t\t\t<\/div>\n\t\t\t\t\t<\/div>\n\t\t<\/div>\n\t\t\t\t\t<\/div>\n\t\t<\/section>\n\t\t\t\t<section class=\"elementor-section elementor-top-section elementor-element elementor-element-8ee78b9 elementor-section-boxed elementor-section-height-default elementor-section-height-default\" data-id=\"8ee78b9\" data-element_type=\"section\">\n\t\t\t\t\t\t<div class=\"elementor-container elementor-column-gap-default\">\n\t\t\t\t\t<div class=\"elementor-column elementor-col-100 elementor-top-column elementor-element elementor-element-3b3c51b\" data-id=\"3b3c51b\" data-element_type=\"column\">\n\t\t\t<div class=\"elementor-widget-wrap elementor-element-populated\">\n\t\t\t\t\t\t<div class=\"elementor-element elementor-element-1c01d2e elementor-widget elementor-widget-text-editor\" data-id=\"1c01d2e\" data-element_type=\"widget\" data-widget_type=\"text-editor.default\">\n\t\t\t\t<div class=\"elementor-widget-container\">\n\t\t\t\t\t\t\t\t\t<h4>Patricia Su\u00e1rez, presidenta de ASUFIN, dice que esta sentencia provoca \u201csorpresa, indignaci\u00f3n y frustraci\u00f3n\u201d entre los ciudadanos que ven que \u201cnuestros tribunales cometen el mismo error&#8221;<\/h4>\t\t\t\t\t\t\t\t<\/div>\n\t\t\t\t<\/div>\n\t\t\t\t\t<\/div>\n\t\t<\/div>\n\t\t\t\t\t<\/div>\n\t\t<\/section>\n\t\t\t\t<section class=\"elementor-section elementor-top-section elementor-element elementor-element-9032246 elementor-section-boxed elementor-section-height-default elementor-section-height-default\" data-id=\"9032246\" data-element_type=\"section\">\n\t\t\t\t\t\t<div class=\"elementor-container elementor-column-gap-default\">\n\t\t\t\t\t<div class=\"elementor-column elementor-col-100 elementor-top-column elementor-element elementor-element-bc14386\" data-id=\"bc14386\" data-element_type=\"column\">\n\t\t\t<div class=\"elementor-widget-wrap elementor-element-populated\">\n\t\t\t\t\t\t<div class=\"elementor-element elementor-element-23d05e1 elementor-widget elementor-widget-text-editor\" data-id=\"23d05e1\" data-element_type=\"widget\" data-widget_type=\"text-editor.default\">\n\t\t\t\t<div class=\"elementor-widget-container\">\n\t\t\t\t\t\t\t\t\t<p>Sorpresa, indignaci\u00f3n y frustraci\u00f3n\u201d, as\u00ed nos sentimos en ASUFIN, en palabras de Patricia Su\u00e1rez, su presidenta, al comprobar \u201cque <strong>nuestros tribunales comenten una y otra vez el mismo error<\/strong>: ya tuvimos una sentencia de cl\u00e1usulas suelo fallada por el Tribunal Supremo que, en aras de preservar la estabilidad econ\u00f3mica, introdujo una inadmisible no retroactividad\u201d. \u201cTuvieron que venir desde Europa a decirnos todo lo contrario\u201d, a\u00f1ade Su\u00e1rez, a prop\u00f3sito de la sentencia del Tribunal Constitucional (TC) sobre <a href=\"https:\/\/staging.asufin.com\/staging\/reclama\/plusvalia\/\">plusval\u00eda<\/a>, conocida hoy.<\/p>\t\t\t\t\t\t\t\t<\/div>\n\t\t\t\t<\/div>\n\t\t\t\t\t<\/div>\n\t\t<\/div>\n\t\t\t\t\t<\/div>\n\t\t<\/section>\n\t\t\t\t<section class=\"elementor-section elementor-top-section elementor-element elementor-element-3840e76 elementor-section-boxed elementor-section-height-default elementor-section-height-default\" data-id=\"3840e76\" data-element_type=\"section\">\n\t\t\t\t\t\t<div class=\"elementor-container elementor-column-gap-default\">\n\t\t\t\t\t<div class=\"elementor-column elementor-col-100 elementor-top-column elementor-element elementor-element-b5b7c78\" data-id=\"b5b7c78\" data-element_type=\"column\">\n\t\t\t<div class=\"elementor-widget-wrap elementor-element-populated\">\n\t\t\t\t\t\t<div class=\"elementor-element elementor-element-d280f2b elementor-widget elementor-widget-text-editor\" data-id=\"d280f2b\" data-element_type=\"widget\" data-widget_type=\"text-editor.default\">\n\t\t\t\t<div class=\"elementor-widget-container\">\n\t\t\t\t\t\t\t\t\t<h5><a href=\"https:\/\/panel.asufin.com\" target=\"_blank\" rel=\"noopener\">Descarga aqu\u00ed la sentencia del Tribunal Constitucional de las plusval\u00edas<\/a><\/h5>\t\t\t\t\t\t\t\t<\/div>\n\t\t\t\t<\/div>\n\t\t\t\t\t<\/div>\n\t\t<\/div>\n\t\t\t\t\t<\/div>\n\t\t<\/section>\n\t\t\t\t<section class=\"elementor-section elementor-top-section elementor-element elementor-element-1f6478f elementor-section-boxed elementor-section-height-default elementor-section-height-default\" data-id=\"1f6478f\" data-element_type=\"section\">\n\t\t\t\t\t\t<div class=\"elementor-container elementor-column-gap-default\">\n\t\t\t\t\t<div class=\"elementor-column elementor-col-100 elementor-top-column elementor-element elementor-element-126de7b\" data-id=\"126de7b\" data-element_type=\"column\">\n\t\t\t<div class=\"elementor-widget-wrap elementor-element-populated\">\n\t\t\t\t\t\t<div class=\"elementor-element elementor-element-da15e3a elementor-widget elementor-widget-text-editor\" data-id=\"da15e3a\" data-element_type=\"widget\" data-widget_type=\"text-editor.default\">\n\t\t\t\t<div class=\"elementor-widget-container\">\n\t\t\t\t\t\t\t\t\t<p>Una vez m\u00e1s, y <strong>en este caso, protegiendo las arcas municipales, eso s\u00ed, a costa del leg\u00edtimo derecho del contribuyente a su justa reparaci\u00f3n<\/strong>, el Constitucional dicta una sentencia inadmisible. Por una parte, deja claro que no se pueden reclamar las resoluciones en los tribunales que hayan sido firmes, cuesti\u00f3n que no rebatimos, porque es cosa juzgada. <strong>Pero lo extiende de manera injustificada a resoluciones administrativas consider\u00e1ndolas consolidadas, liquidaciones, provisionales o definitivas,<\/strong> que no hayan sido impugnadas a la fecha de la sentencia <strong>y a autoliquidaciones,<\/strong> cuya rectificaci\u00f3n no haya sido solicitada a la fecha.<\/p><p>El objetivo es claro: <strong>evitar la avalancha de reclamaciones justas de personas que han pagado una plusval\u00eda siguiendo una metodolog\u00eda de c\u00e1lculo err\u00f3nea<\/strong> que no sab\u00edan que era reclamable y que ahora el Tribunal Constitucional pretende cerrarles todas las puertas. \u201cEs inadmisible y lucharemos y pelearemos donde haya que hacerlo. Un administrado que no conoce sus posibilidades de reclamaci\u00f3n no se le puede vetarle ese derecho a posteriori en aras a salvar un sistema econ\u00f3mico\u201d, sentencia Su\u00e1rez.<\/p>\t\t\t\t\t\t\t\t<\/div>\n\t\t\t\t<\/div>\n\t\t\t\t\t<\/div>\n\t\t<\/div>\n\t\t\t\t\t<\/div>\n\t\t<\/section>\n\t\t\t\t<section class=\"elementor-section elementor-top-section elementor-element elementor-element-3e316be elementor-section-boxed elementor-section-height-default elementor-section-height-default\" data-id=\"3e316be\" data-element_type=\"section\">\n\t\t\t\t\t\t<div class=\"elementor-container elementor-column-gap-default\">\n\t\t\t\t\t<div class=\"elementor-column elementor-col-100 elementor-top-column elementor-element elementor-element-5559f16\" data-id=\"5559f16\" data-element_type=\"column\">\n\t\t\t<div class=\"elementor-widget-wrap elementor-element-populated\">\n\t\t\t\t\t\t<div class=\"elementor-element elementor-element-62989a1 elementor-widget elementor-widget-text-editor\" data-id=\"62989a1\" data-element_type=\"widget\" data-widget_type=\"text-editor.default\">\n\t\t\t\t<div class=\"elementor-widget-container\">\n\t\t\t\t\t\t\t\t\t<h5><a href=\"https:\/\/www.facebook.com\/asufin.org\" target=\"_blank\" rel=\"noopener\">\u00a1S\u00edguenos en nuestra cuenta de Facebook para ser el primero en enterarte de todas nuestras noticias!\u00a0<\/a><\/h5>\t\t\t\t\t\t\t\t<\/div>\n\t\t\t\t<\/div>\n\t\t\t\t\t<\/div>\n\t\t<\/div>\n\t\t\t\t\t<\/div>\n\t\t<\/section>\n\t\t\t\t<\/div>\n\t\t","protected":false},"excerpt":{"rendered":"<p>La no retroactividad que incorpora supone una vulneraci\u00f3n de la tutela judicial efectiva consagrada por Europa, completamente fragante, y que sin duda requiere una aclaraci\u00f3n por parte del Constitucional<\/p>\n","protected":false},"author":279,"featured_media":75996,"comment_status":"open","ping_status":"closed","sticky":false,"template":"","format":"standard","meta":{"_acf_changed":false,"_jetpack_newsletter_access":"","_jetpack_dont_email_post_to_subs":false,"_jetpack_newsletter_tier_id":0,"_jetpack_memberships_contains_paywalled_content":false,"_jetpack_memberships_contains_paid_content":false,"footnotes":""},"categories":[103,43,2845,3367],"tags":[],"class_list":["post-75994","post","type-post","status-publish","format-standard","has-post-thumbnail","hentry","category-asufin-comunicados","category-asufin-destacado","category-plusvalia","category-tc"],"acf":[],"jetpack_featured_media_url":"https:\/\/i0.wp.com\/staging.asufin.com\/staging\/wp-content\/uploads\/2021\/10\/Plusvali%CC%81a_sentencia_TC.jpg?fit=1500%2C1000&ssl=1","jetpack_shortlink":"https:\/\/wp.me\/peayLa-jLI","jetpack_likes_enabled":false,"jetpack_sharing_enabled":true,"_links":{"self":[{"href":"https:\/\/staging.asufin.com\/staging\/wp-json\/wp\/v2\/posts\/75994","targetHints":{"allow":["GET"]}}],"collection":[{"href":"https:\/\/staging.asufin.com\/staging\/wp-json\/wp\/v2\/posts"}],"about":[{"href":"https:\/\/staging.asufin.com\/staging\/wp-json\/wp\/v2\/types\/post"}],"author":[{"embeddable":true,"href":"https:\/\/staging.asufin.com\/staging\/wp-json\/wp\/v2\/users\/279"}],"replies":[{"embeddable":true,"href":"https:\/\/staging.asufin.com\/staging\/wp-json\/wp\/v2\/comments?post=75994"}],"version-history":[{"count":39,"href":"https:\/\/staging.asufin.com\/staging\/wp-json\/wp\/v2\/posts\/75994\/revisions"}],"predecessor-version":[{"id":100572,"href":"https:\/\/staging.asufin.com\/staging\/wp-json\/wp\/v2\/posts\/75994\/revisions\/100572"}],"wp:featuredmedia":[{"embeddable":true,"href":"https:\/\/staging.asufin.com\/staging\/wp-json\/wp\/v2\/media\/75996"}],"wp:attachment":[{"href":"https:\/\/staging.asufin.com\/staging\/wp-json\/wp\/v2\/media?parent=75994"}],"wp:term":[{"taxonomy":"category","embeddable":true,"href":"https:\/\/staging.asufin.com\/staging\/wp-json\/wp\/v2\/categories?post=75994"},{"taxonomy":"post_tag","embeddable":true,"href":"https:\/\/staging.asufin.com\/staging\/wp-json\/wp\/v2\/tags?post=75994"}],"curies":[{"name":"wp","href":"https:\/\/api.w.org\/{rel}","templated":true}]}}