{"id":7609,"date":"2012-04-12T06:30:26","date_gmt":"2012-04-12T04:30:26","guid":{"rendered":"http:\/\/asuapedefin.com\/?p=7609"},"modified":"2021-03-13T20:28:29","modified_gmt":"2021-03-13T19:28:29","slug":"asuapedefin-apymifid-y-acuib-denuncia-conjunta-a-la-ue","status":"publish","type":"post","link":"https:\/\/staging.asufin.com\/staging\/asuapedefin-apymifid-y-acuib-denuncia-conjunta-a-la-ue\/","title":{"rendered":"ASUAPEDEFIN, APYMIFID y ACUIB, denuncia conjunta a la UE"},"content":{"rendered":"<h4>Las asociaciones<a href=\"http:\/\/www.asuapedefin.com\/\" target=\"_blank\" rel=\"noopener\"> ASUAPEDEFIN<\/a>, <a href=\"http:\/\/www.acuib.org\/\" target=\"_blank\" rel=\"noopener\">ACUIB<\/a> y <a href=\"http:\/\/www.apymifid.com\/\" target=\"_blank\" rel=\"noopener\">APYMIFID<\/a>, dedicadas al asesoramiento y defensa de los intereses de los usuarios minoristas de productos financieros, han presentado una denuncia ante la Comisi\u00f3n Europea por incumplimiento del derecho comunitario por parte de Espa\u00f1a.<\/h4>\n<figure id=\"attachment_7625\" aria-describedby=\"caption-attachment-7625\" style=\"width: 350px\" class=\"wp-caption alignleft\"><a href=\"https:\/\/i0.wp.com\/asuapedefin.com\/wp-content\/uploads\/2012\/04\/sem_bcn_grupo.jpg\" target=\"_blank\" rel=\"noopener\"><img data-recalc-dims=\"1\" fetchpriority=\"high\" decoding=\"async\" data-attachment-id=\"7625\" data-permalink=\"https:\/\/staging.asufin.com\/staging\/sem_bcn_grupo\/\" data-orig-file=\"https:\/\/i0.wp.com\/staging.asufin.com\/staging\/wp-content\/uploads\/2012\/04\/sem_bcn_grupo.jpg?fit=800%2C503&amp;ssl=1\" data-orig-size=\"800,503\" data-comments-opened=\"1\" data-image-meta=\"{&quot;aperture&quot;:&quot;0&quot;,&quot;credit&quot;:&quot;&quot;,&quot;camera&quot;:&quot;&quot;,&quot;caption&quot;:&quot;&quot;,&quot;created_timestamp&quot;:&quot;0&quot;,&quot;copyright&quot;:&quot;&quot;,&quot;focal_length&quot;:&quot;0&quot;,&quot;iso&quot;:&quot;0&quot;,&quot;shutter_speed&quot;:&quot;0&quot;,&quot;title&quot;:&quot;&quot;,&quot;orientation&quot;:&quot;0&quot;}\" data-image-title=\"sem_bcn_grupo\" data-image-description=\"\" data-image-caption=\"\" data-large-file=\"https:\/\/i0.wp.com\/staging.asufin.com\/staging\/wp-content\/uploads\/2012\/04\/sem_bcn_grupo.jpg?fit=800%2C503&amp;ssl=1\" class=\" wp-image-7625     \" style=\"margin: 10px;\" title=\"sem_bcn_grupo\" src=\"https:\/\/i0.wp.com\/asuapedefin.com\/wp-content\/uploads\/2012\/04\/sem_bcn_grupo.jpg?resize=350%2C200\" alt=\"\" width=\"350\" height=\"200\"><\/a><figcaption id=\"caption-attachment-7625\" class=\"wp-caption-text\">Abajo a la izquierda, Carlos Hern\u00e1ndez Guarch (Presidente de ACUIB) y Patricia Su\u00e1rez (Presidenta de ASUAPEDEFIN y APYMIFID), en un seminario en Barcelona<\/figcaption><\/figure>\n<p><strong>La Directiva MIFID<\/strong> define con absoluta claridad qu\u00e9 clientes se consideran profesionales en la contrataci\u00f3n de servicios financieros. Sin embargo, <strong>este modelo de clasificaci\u00f3n de clientes ha sido completamente desvirtuado en la transposici\u00f3n al derecho interno<\/strong> operada por la Ley del\u00a0 Mercado de Valores dejando espacio a la interpretaci\u00f3n por parte de las entidades financieras all\u00ed d\u00f3nde la Directiva no deja lugar a dudas: si se cumplen los requisitos se es cliente profesional, en caso contrario, se es minorista. <strong><\/strong><\/p>\n<p>Por si ello fuera poco, d\u00f3nde la Directiva habla de &#8216;poseer experiencia&#8217; la la Ley del Mercado de Valores habla de &#8216;presunci\u00f3n de la experiencia&#8217;, facilitando de manera definitiva la clasificaci\u00f3n como profesional de miles de clientes que no cumplen con los requisitos expresado en la Directiva pero se les &#8216;presume&#8217; experiencia.<\/p>\n<p><strong>Esta incorrecta transposici\u00f3n de la norma comunitaria est\u00e1 dando lugar a un debate judicial, caso por caso, sobre qui\u00e9n tiene presumiblemente experiencia y, por tanto, no es digno de protecci\u00f3n a pesar de no cumplir los\u00a0 requisitos de la Directiva para ser cliente profesional<\/strong>.<\/p>\n<p>Este incumplimiento absoluto de la normativa de la Uni\u00f3n Europea preocupa a las 3 asociaciones denunciantes, <strong>especialmente al demostrarse el abuso en la actuaci\u00f3n de los bancos espa\u00f1oles y las distintas sentencias<\/strong> que han dado lugar a interpretaciones dispares dependiendo de la &#8216;presunta&#8217; experiencia del cliente, aunque de manera cada vez m\u00e1s abrumadoramente favorable a los derechos de los clientes con casi 650 favorables a los mismos. Preocupados por <strong>garantizar los derechos de los clientes bancarios, ASUAPEDEFIN, APYMIFID Y ACUIB han presentado esta denuncia ante la Comisi\u00f3n Europea en la confianza de que se le pedir\u00e1 al Reino de Espa\u00f1a las explicaciones oportunas y, en su caso, la correcta trasposici\u00f3n de la Directiva.<\/strong><\/p>\n","protected":false},"excerpt":{"rendered":"<p>Las asociaciones ASUAPEDEFIN, ACUIB y APYMIFID, dedicadas al asesoramiento y defensa de los intereses de los usuarios minoristas de productos financieros, han presentado una denuncia ante la Comisi\u00f3n Europea por incumplimiento del derecho comunitario por parte de Espa\u00f1a. La Directiva MIFID define con absoluta claridad qu\u00e9 clientes se consideran profesionales en la contrataci\u00f3n de servicios [&hellip;]<\/p>\n","protected":false},"author":2,"featured_media":7621,"comment_status":"open","ping_status":"closed","sticky":false,"template":"","format":"standard","meta":{"_acf_changed":false,"_jetpack_newsletter_access":"","_jetpack_dont_email_post_to_subs":false,"_jetpack_newsletter_tier_id":0,"_jetpack_memberships_contains_paywalled_content":false,"_jetpack_memberships_contains_paid_content":false,"footnotes":""},"categories":[277,1975,17,25],"tags":[508,276,113,891,892,557,893],"class_list":["post-7609","post","type-post","status-publish","format-standard","has-post-thumbnail","hentry","category-apymifid","category-europa","category-sentencias","category-swaps","tag-acuib","tag-apymifid","tag-asuapedefin","tag-comision-europea","tag-ley-del-mercado-de-valores","tag-mifid","tag-union-europea"],"acf":[],"jetpack_featured_media_url":"https:\/\/i0.wp.com\/staging.asufin.com\/staging\/wp-content\/uploads\/2012\/04\/ACUIB.jpg?fit=664%2C430&ssl=1","jetpack_shortlink":"https:\/\/wp.me\/peayLa-1YJ","jetpack_likes_enabled":false,"jetpack_sharing_enabled":true,"_links":{"self":[{"href":"https:\/\/staging.asufin.com\/staging\/wp-json\/wp\/v2\/posts\/7609","targetHints":{"allow":["GET"]}}],"collection":[{"href":"https:\/\/staging.asufin.com\/staging\/wp-json\/wp\/v2\/posts"}],"about":[{"href":"https:\/\/staging.asufin.com\/staging\/wp-json\/wp\/v2\/types\/post"}],"author":[{"embeddable":true,"href":"https:\/\/staging.asufin.com\/staging\/wp-json\/wp\/v2\/users\/2"}],"replies":[{"embeddable":true,"href":"https:\/\/staging.asufin.com\/staging\/wp-json\/wp\/v2\/comments?post=7609"}],"version-history":[{"count":1,"href":"https:\/\/staging.asufin.com\/staging\/wp-json\/wp\/v2\/posts\/7609\/revisions"}],"predecessor-version":[{"id":61093,"href":"https:\/\/staging.asufin.com\/staging\/wp-json\/wp\/v2\/posts\/7609\/revisions\/61093"}],"wp:featuredmedia":[{"embeddable":true,"href":"https:\/\/staging.asufin.com\/staging\/wp-json\/wp\/v2\/media\/7621"}],"wp:attachment":[{"href":"https:\/\/staging.asufin.com\/staging\/wp-json\/wp\/v2\/media?parent=7609"}],"wp:term":[{"taxonomy":"category","embeddable":true,"href":"https:\/\/staging.asufin.com\/staging\/wp-json\/wp\/v2\/categories?post=7609"},{"taxonomy":"post_tag","embeddable":true,"href":"https:\/\/staging.asufin.com\/staging\/wp-json\/wp\/v2\/tags?post=7609"}],"curies":[{"name":"wp","href":"https:\/\/api.w.org\/{rel}","templated":true}]}}