{"id":76459,"date":"2021-11-03T14:56:14","date_gmt":"2021-11-03T14:56:14","guid":{"rendered":"https:\/\/www.asufin.com\/?p=76459"},"modified":"2022-07-27T08:19:04","modified_gmt":"2022-07-27T08:19:04","slug":"plusvalia-hay-herramientas-juridicas-dentro-de-la-normativa-fiscal-que-permiten-reabrir-el-caso","status":"publish","type":"post","link":"https:\/\/staging.asufin.com\/staging\/plusvalia-hay-herramientas-juridicas-dentro-de-la-normativa-fiscal-que-permiten-reabrir-el-caso\/","title":{"rendered":"PLUSVAL\u00cdA: Hay herramientas jur\u00eddicas dentro de la normativa fiscal que permiten reabrir el caso"},"content":{"rendered":"\t\t<div data-elementor-type=\"wp-post\" data-elementor-id=\"76459\" class=\"elementor elementor-76459\">\n\t\t\t\t\t\t<section class=\"elementor-section elementor-top-section elementor-element elementor-element-efd766c elementor-section-boxed elementor-section-height-default elementor-section-height-default\" data-id=\"efd766c\" data-element_type=\"section\">\n\t\t\t\t\t\t<div class=\"elementor-container elementor-column-gap-default\">\n\t\t\t\t\t<div class=\"elementor-column elementor-col-100 elementor-top-column elementor-element elementor-element-f8543b3\" data-id=\"f8543b3\" data-element_type=\"column\">\n\t\t\t<div class=\"elementor-widget-wrap elementor-element-populated\">\n\t\t\t\t\t\t<div class=\"elementor-element elementor-element-df2ed19 elementor-widget elementor-widget-text-editor\" data-id=\"df2ed19\" data-element_type=\"widget\" data-widget_type=\"text-editor.default\">\n\t\t\t\t<div class=\"elementor-widget-container\">\n\t\t\t\t\t\t\t\t\t<h4>El TC declara en su sentencia la inconstitucionalidad y nulidad del sistema de c\u00e1lculo de la base imponible del impuesto de plusval\u00eda<\/h4>\t\t\t\t\t\t\t\t<\/div>\n\t\t\t\t<\/div>\n\t\t\t\t\t<\/div>\n\t\t<\/div>\n\t\t\t\t\t<\/div>\n\t\t<\/section>\n\t\t\t\t<section class=\"elementor-section elementor-top-section elementor-element elementor-element-24de200 elementor-section-boxed elementor-section-height-default elementor-section-height-default\" data-id=\"24de200\" data-element_type=\"section\">\n\t\t\t\t\t\t<div class=\"elementor-container elementor-column-gap-default\">\n\t\t\t\t\t<div class=\"elementor-column elementor-col-100 elementor-top-column elementor-element elementor-element-7edc4f0\" data-id=\"7edc4f0\" data-element_type=\"column\">\n\t\t\t<div class=\"elementor-widget-wrap elementor-element-populated\">\n\t\t\t\t\t\t<div class=\"elementor-element elementor-element-f296d55 elementor-widget elementor-widget-text-editor\" data-id=\"f296d55\" data-element_type=\"widget\" data-widget_type=\"text-editor.default\">\n\t\t\t\t<div class=\"elementor-widget-container\">\n\t\t\t\t\t\t\t\t\t<p>Una vez conocida la sentencia del Tribunal Constitucional sobre la <a href=\"https:\/\/staging.asufin.com\/staging\/reclama\/plusvalia\/\">plusval\u00eda<\/a> municipal, nuestros servicios jur\u00eddicos de <strong>est\u00e1n estudiando las v\u00edas de reclamaci\u00f3n de las autoliquidaciones efectuadas en los \u00faltimos cuatro a\u00f1os<\/strong> dado que hay herramientas jur\u00eddicas dentro de la normativa fiscal que permiten reabrir el caso.<\/p><p>En efecto, la normativa fiscal <strong>permite presentar una rectificaci\u00f3n de la autoliquidaci\u00f3n o una declaraci\u00f3n complementaria para subsanar errores en perjuicio de la Hacienda P\u00fablica<\/strong>. De esta manera, se abrir\u00eda un nuevo procedimiento de reclamaci\u00f3n que la Administraci\u00f3n estar\u00e1 obligada a responder y, esperamos, lo haga en beneficio del contribuyente que no reclam\u00f3. \u201cNo nos parece de recibo que el Tribunal Constitucional premie a los que sistem\u00e1ticamente recurren el pago de impuestos y castigue a aquellos ciudadanos que conf\u00edan en que la Administraci\u00f3n est\u00e1 cobrando correctamente\u201d declara Patricia Su\u00e1rez, presidenta de ASUFIN.<\/p><p>En todo caso, los efectos de la sentencia son inmediatos y en cuanto se publique en el BOE, no se podr\u00e1 cobrar la <a href=\"https:\/\/staging.asufin.com\/staging\/sentencias-plusvalia-municipal-mas-relevantes\/\">plusval\u00eda<\/a> en ninguna operaci\u00f3n de compraventa de inmuebles.<\/p>\t\t\t\t\t\t\t\t<\/div>\n\t\t\t\t<\/div>\n\t\t\t\t\t<\/div>\n\t\t<\/div>\n\t\t\t\t\t<\/div>\n\t\t<\/section>\n\t\t\t\t<section class=\"elementor-section elementor-top-section elementor-element elementor-element-b8a8826 elementor-section-boxed elementor-section-height-default elementor-section-height-default\" data-id=\"b8a8826\" data-element_type=\"section\">\n\t\t\t\t\t\t<div class=\"elementor-container elementor-column-gap-default\">\n\t\t\t\t\t<div class=\"elementor-column elementor-col-100 elementor-top-column elementor-element elementor-element-e363e95\" data-id=\"e363e95\" data-element_type=\"column\">\n\t\t\t<div class=\"elementor-widget-wrap elementor-element-populated\">\n\t\t\t\t\t\t<div class=\"elementor-element elementor-element-c57f873 elementor-widget elementor-widget-text-editor\" data-id=\"c57f873\" data-element_type=\"widget\" data-widget_type=\"text-editor.default\">\n\t\t\t\t<div class=\"elementor-widget-container\">\n\t\t\t\t\t\t\t\t\t<h5 style=\"text-align: center;\"><a href=\"https:\/\/staging.asufin.com\/staging\/tech\/eventos-formacion\/\" target=\"_blank\" rel=\"noopener\">Nuestro Congreso anual abordar\u00e1 el &#8216;boom&#8217; de los criptos y la sostenibilidad, reg\u00edstrate aqu\u00ed<\/a><\/h5>\t\t\t\t\t\t\t\t<\/div>\n\t\t\t\t<\/div>\n\t\t\t\t\t<\/div>\n\t\t<\/div>\n\t\t\t\t\t<\/div>\n\t\t<\/section>\n\t\t\t\t<section class=\"elementor-section elementor-top-section elementor-element elementor-element-abf8831 elementor-section-boxed elementor-section-height-default elementor-section-height-default\" data-id=\"abf8831\" data-element_type=\"section\">\n\t\t\t\t\t\t<div class=\"elementor-container elementor-column-gap-default\">\n\t\t\t\t\t<div class=\"elementor-column elementor-col-100 elementor-top-column elementor-element elementor-element-c82c8f4\" data-id=\"c82c8f4\" data-element_type=\"column\">\n\t\t\t<div class=\"elementor-widget-wrap elementor-element-populated\">\n\t\t\t\t\t\t<div class=\"elementor-element elementor-element-a5dd8d8 elementor-widget elementor-widget-text-editor\" data-id=\"a5dd8d8\" data-element_type=\"widget\" data-widget_type=\"text-editor.default\">\n\t\t\t\t<div class=\"elementor-widget-container\">\n\t\t\t\t\t\t\t\t\t<p>Desde ASUFIN reiteramos la injusticia que ha supuesto <strong>haber mantenido hasta cuatro a\u00f1os el impuesto de plusval\u00eda<\/strong> hasta que el TC ha tenido que intervenir y declarar la nulidad de un m\u00e9todo de c\u00e1lculo que ha afectado a todo tipo de operaciones, tambi\u00e9n las minusval\u00edas, tan habituales por la crisis del ladrillo de la d\u00e9cada anterior.\u00a0<\/p><p>Por otra parte, la no retroactividad que incorpora la sentencia del TC, confirmada en el d\u00eda de hoy, es inadmisible y <strong>podr\u00eda ser tumbada por Europa<\/strong>, como ya sucedi\u00f3 con el fallo del Supremo relativo a la cl\u00e1usula suelo.<\/p>\t\t\t\t\t\t\t\t<\/div>\n\t\t\t\t<\/div>\n\t\t\t\t\t<\/div>\n\t\t<\/div>\n\t\t\t\t\t<\/div>\n\t\t<\/section>\n\t\t\t\t<\/div>\n\t\t","protected":false},"excerpt":{"rendered":"<p>El TC declara en su sentencia la inconstitucionalidad y nulidad del sistema de c\u00e1lculo de la base imponible del impuesto<\/p>\n","protected":false},"author":279,"featured_media":76465,"comment_status":"open","ping_status":"closed","sticky":false,"template":"","format":"standard","meta":{"_acf_changed":false,"_jetpack_newsletter_access":"","_jetpack_dont_email_post_to_subs":false,"_jetpack_newsletter_tier_id":0,"_jetpack_memberships_contains_paywalled_content":false,"_jetpack_memberships_contains_paid_content":false,"footnotes":""},"categories":[103,43,2845,3367],"tags":[],"class_list":["post-76459","post","type-post","status-publish","format-standard","has-post-thumbnail","hentry","category-asufin-comunicados","category-asufin-destacado","category-plusvalia","category-tc"],"acf":[],"jetpack_featured_media_url":"https:\/\/i0.wp.com\/staging.asufin.com\/staging\/wp-content\/uploads\/2021\/11\/El-TC-hace-pu%CC%81blica-la-sentencia-de-plusvali%CC%81a-scaled.jpeg?fit=2560%2C1709&ssl=1","jetpack_shortlink":"https:\/\/wp.me\/peayLa-jTd","jetpack_likes_enabled":false,"jetpack_sharing_enabled":true,"_links":{"self":[{"href":"https:\/\/staging.asufin.com\/staging\/wp-json\/wp\/v2\/posts\/76459","targetHints":{"allow":["GET"]}}],"collection":[{"href":"https:\/\/staging.asufin.com\/staging\/wp-json\/wp\/v2\/posts"}],"about":[{"href":"https:\/\/staging.asufin.com\/staging\/wp-json\/wp\/v2\/types\/post"}],"author":[{"embeddable":true,"href":"https:\/\/staging.asufin.com\/staging\/wp-json\/wp\/v2\/users\/279"}],"replies":[{"embeddable":true,"href":"https:\/\/staging.asufin.com\/staging\/wp-json\/wp\/v2\/comments?post=76459"}],"version-history":[{"count":17,"href":"https:\/\/staging.asufin.com\/staging\/wp-json\/wp\/v2\/posts\/76459\/revisions"}],"predecessor-version":[{"id":108861,"href":"https:\/\/staging.asufin.com\/staging\/wp-json\/wp\/v2\/posts\/76459\/revisions\/108861"}],"wp:featuredmedia":[{"embeddable":true,"href":"https:\/\/staging.asufin.com\/staging\/wp-json\/wp\/v2\/media\/76465"}],"wp:attachment":[{"href":"https:\/\/staging.asufin.com\/staging\/wp-json\/wp\/v2\/media?parent=76459"}],"wp:term":[{"taxonomy":"category","embeddable":true,"href":"https:\/\/staging.asufin.com\/staging\/wp-json\/wp\/v2\/categories?post=76459"},{"taxonomy":"post_tag","embeddable":true,"href":"https:\/\/staging.asufin.com\/staging\/wp-json\/wp\/v2\/tags?post=76459"}],"curies":[{"name":"wp","href":"https:\/\/api.w.org\/{rel}","templated":true}]}}