{"id":76969,"date":"2021-11-08T13:08:08","date_gmt":"2021-11-08T13:08:08","guid":{"rendered":"https:\/\/www.asufin.com\/?p=76969"},"modified":"2022-07-27T08:19:41","modified_gmt":"2022-07-27T08:19:41","slug":"plusvalia-es-de-dudosa-constitucionalidad-que-se-apruebe-por-decreto-ley","status":"publish","type":"post","link":"https:\/\/staging.asufin.com\/staging\/plusvalia-es-de-dudosa-constitucionalidad-que-se-apruebe-por-decreto-ley\/","title":{"rendered":"PLUSVAL\u00cdA: \u201cEs de dudosa constitucionalidad que se apruebe por decreto-ley\u201d"},"content":{"rendered":"\t\t<div data-elementor-type=\"wp-post\" data-elementor-id=\"76969\" class=\"elementor elementor-76969\">\n\t\t\t\t\t\t<section class=\"elementor-section elementor-top-section elementor-element elementor-element-0481047 elementor-section-boxed elementor-section-height-default elementor-section-height-default\" data-id=\"0481047\" data-element_type=\"section\">\n\t\t\t\t\t\t<div class=\"elementor-container elementor-column-gap-default\">\n\t\t\t\t\t<div class=\"elementor-column elementor-col-100 elementor-top-column elementor-element elementor-element-68d2f51\" data-id=\"68d2f51\" data-element_type=\"column\">\n\t\t\t<div class=\"elementor-widget-wrap elementor-element-populated\">\n\t\t\t\t\t\t<div class=\"elementor-element elementor-element-f6fa6d3 elementor-widget elementor-widget-text-editor\" data-id=\"f6fa6d3\" data-element_type=\"widget\" data-widget_type=\"text-editor.default\">\n\t\t\t\t<div class=\"elementor-widget-container\">\n\t\t\t\t\t\t\t\t\t<h4>Al contribuyente le asiste el derecho a presentar una complementaria en el plazo de 4 a\u00f1os y en la asociaci\u00f3n vamos a seguir reclamando las plusval\u00edas pagadas<\/h4>\t\t\t\t\t\t\t\t<\/div>\n\t\t\t\t<\/div>\n\t\t\t\t\t<\/div>\n\t\t<\/div>\n\t\t\t\t\t<\/div>\n\t\t<\/section>\n\t\t\t\t<section class=\"elementor-section elementor-top-section elementor-element elementor-element-9ca6e00 elementor-section-boxed elementor-section-height-default elementor-section-height-default\" data-id=\"9ca6e00\" data-element_type=\"section\">\n\t\t\t\t\t\t<div class=\"elementor-container elementor-column-gap-default\">\n\t\t\t\t\t<div class=\"elementor-column elementor-col-100 elementor-top-column elementor-element elementor-element-e65b371\" data-id=\"e65b371\" data-element_type=\"column\">\n\t\t\t<div class=\"elementor-widget-wrap elementor-element-populated\">\n\t\t\t\t\t\t<div class=\"elementor-element elementor-element-7fc6220 elementor-widget elementor-widget-text-editor\" data-id=\"7fc6220\" data-element_type=\"widget\" data-widget_type=\"text-editor.default\">\n\t\t\t\t<div class=\"elementor-widget-container\">\n\t\t\t\t\t\t\t\t\t<p>La nueva <a href=\"https:\/\/staging.asufin.com\/staging\/reclama\/plusvalia\/\">plusval\u00eda<\/a> no puede aprobarse v\u00eda decreto-ley, \u201cnace mal\u201d, asegura Patricia Su\u00e1rez, presidenta de ASUFIN, a prop\u00f3sito de la decisi\u00f3n del Consejo de Ministros de sacar adelante la nueva configuraci\u00f3n del tributo bajo esta figura legal. <strong>La jurisprudencia del propio Tribunal Constitucional establece que los tributos no se pueden aprobar por decreto-ley y lo que el Gobierno est\u00e1 regulando es la esencia del impuesto<\/strong>, la parte que corresponde a su c\u00e1lculo. \u201cPodr\u00edamos asistir a la presentaci\u00f3n de un recurso de inconstitucionalidad\u201d, remacha Su\u00e1rez.<\/p><p>Tambi\u00e9n denunciamos que el Tribunal Constitucional impide la retroactividad en las reclamaciones de la <a href=\"https:\/\/staging.asufin.com\/staging\/sentencias-plusvalia-municipal-mas-relevantes\/\">plusval\u00eda<\/a> pagadas en los \u00faltimos cuatro a\u00f1os. \u201cEs inadmisible que <strong>se hurte al contribuyente de su leg\u00edtimo derecho a presentar una autoliquidaci\u00f3n rectificativa, la famosa complementaria, para subsanar errores<\/strong>\u201d, sostiene Su\u00e1rez. \u201cVamos a seguir reclamando las plusval\u00edas pagadas desde hace 4 a\u00f1os. Es un derecho que asiste al contribuyente y la normativa fiscal lo permite\u201d, a\u00f1ade.<\/p><p>Reiteramos la injusticia que ha supuesto <strong>haber mantenido cuatro a\u00f1os el impuesto de plusval\u00eda<\/strong> hasta que el TC ha tenido que intervenir y declarar la nulidad de un m\u00e9todo de c\u00e1lculo que ha afectado a todo tipo de operaciones, tambi\u00e9n las minusval\u00edas, tan habituales por la crisis del ladrillo de la d\u00e9cada anterior.<\/p>\t\t\t\t\t\t\t\t<\/div>\n\t\t\t\t<\/div>\n\t\t\t\t\t<\/div>\n\t\t<\/div>\n\t\t\t\t\t<\/div>\n\t\t<\/section>\n\t\t\t\t<section class=\"elementor-section elementor-top-section elementor-element elementor-element-ced93ab elementor-section-boxed elementor-section-height-default elementor-section-height-default\" data-id=\"ced93ab\" data-element_type=\"section\">\n\t\t\t\t\t\t<div class=\"elementor-container elementor-column-gap-default\">\n\t\t\t\t\t<div class=\"elementor-column elementor-col-100 elementor-top-column elementor-element elementor-element-34471d4\" data-id=\"34471d4\" data-element_type=\"column\">\n\t\t\t<div class=\"elementor-widget-wrap elementor-element-populated\">\n\t\t\t\t\t\t<div class=\"elementor-element elementor-element-b702e69 elementor-widget elementor-widget-text-editor\" data-id=\"b702e69\" data-element_type=\"widget\" data-widget_type=\"text-editor.default\">\n\t\t\t\t<div class=\"elementor-widget-container\">\n\t\t\t\t\t\t\t\t\t<h5><a href=\"https:\/\/staging.asufin.com\/staging\/reclama\/plusvalia\/\" target=\"_blank\" rel=\"noopener\">Si pagaste la plusval\u00eda municipal en la venta de tu vivienda, inf\u00f3rmate y reclama con nosotros<\/a><\/h5>\t\t\t\t\t\t\t\t<\/div>\n\t\t\t\t<\/div>\n\t\t\t\t\t<\/div>\n\t\t<\/div>\n\t\t\t\t\t<\/div>\n\t\t<\/section>\n\t\t\t\t<section class=\"elementor-section elementor-top-section elementor-element elementor-element-147bd12 elementor-section-boxed elementor-section-height-default elementor-section-height-default\" data-id=\"147bd12\" data-element_type=\"section\">\n\t\t\t\t\t\t<div class=\"elementor-container elementor-column-gap-default\">\n\t\t\t\t\t<div class=\"elementor-column elementor-col-100 elementor-top-column elementor-element elementor-element-8161484\" data-id=\"8161484\" data-element_type=\"column\">\n\t\t\t<div class=\"elementor-widget-wrap elementor-element-populated\">\n\t\t\t\t\t\t<div class=\"elementor-element elementor-element-8264ce2 elementor-widget elementor-widget-text-editor\" data-id=\"8264ce2\" data-element_type=\"widget\" data-widget_type=\"text-editor.default\">\n\t\t\t\t<div class=\"elementor-widget-container\">\n\t\t\t\t\t\t\t\t\t<p>Tambi\u00e9n advertimos de que en este periodo de <em>impasse<\/em> legal, entre el 26 de octubre, fecha de fallo de la sentencia del TC, y el mi\u00e9rcoles 10 de noviembre, que se publicar\u00e1 en el BOE el decreto-ley del Gobierno, <strong>algunos ayuntamientos podr\u00edan estar cobrando, sin cobertura legal, la plusval\u00eda (lo que supone un desacato)<\/strong>. No es de extra\u00f1ar, dado que en todos estos a\u00f1os han cobrado plusval\u00edas con p\u00e9rdida de valor en la venta (minusval\u00eda), a pesar de que desde 2017 no pod\u00edan hacerlo.<\/p><p><strong>\u201cSi ya peleamos la plusval\u00eda por la sentencia de 2017, y por la de 2019, vamos a seguir peleando por la de 2021\u201d<\/strong>, advierte Patricia Su\u00e1rez.<\/p>\t\t\t\t\t\t\t\t<\/div>\n\t\t\t\t<\/div>\n\t\t\t\t\t<\/div>\n\t\t<\/div>\n\t\t\t\t\t<\/div>\n\t\t<\/section>\n\t\t\t\t<\/div>\n\t\t","protected":false},"excerpt":{"rendered":"<p>Al contribuyente le asiste el derecho a presentar una complementaria en el plazo de 4 a\u00f1os; en la asociaci\u00f3n vamos a seguir reclamando las plusval\u00edas pagadas<\/p>\n","protected":false},"author":279,"featured_media":76980,"comment_status":"open","ping_status":"closed","sticky":false,"template":"","format":"standard","meta":{"_acf_changed":false,"_jetpack_newsletter_access":"","_jetpack_dont_email_post_to_subs":false,"_jetpack_newsletter_tier_id":0,"_jetpack_memberships_contains_paywalled_content":false,"_jetpack_memberships_contains_paid_content":false,"footnotes":""},"categories":[103,43,2845,3367],"tags":[],"class_list":["post-76969","post","type-post","status-publish","format-standard","has-post-thumbnail","hentry","category-asufin-comunicados","category-asufin-destacado","category-plusvalia","category-tc"],"acf":[],"jetpack_featured_media_url":"https:\/\/i0.wp.com\/staging.asufin.com\/staging\/wp-content\/uploads\/2021\/11\/Plusvalia_decreto_gobierno.jpg?fit=1500%2C998&ssl=1","jetpack_shortlink":"https:\/\/wp.me\/peayLa-k1r","jetpack_likes_enabled":false,"jetpack_sharing_enabled":true,"_links":{"self":[{"href":"https:\/\/staging.asufin.com\/staging\/wp-json\/wp\/v2\/posts\/76969","targetHints":{"allow":["GET"]}}],"collection":[{"href":"https:\/\/staging.asufin.com\/staging\/wp-json\/wp\/v2\/posts"}],"about":[{"href":"https:\/\/staging.asufin.com\/staging\/wp-json\/wp\/v2\/types\/post"}],"author":[{"embeddable":true,"href":"https:\/\/staging.asufin.com\/staging\/wp-json\/wp\/v2\/users\/279"}],"replies":[{"embeddable":true,"href":"https:\/\/staging.asufin.com\/staging\/wp-json\/wp\/v2\/comments?post=76969"}],"version-history":[{"count":20,"href":"https:\/\/staging.asufin.com\/staging\/wp-json\/wp\/v2\/posts\/76969\/revisions"}],"predecessor-version":[{"id":108867,"href":"https:\/\/staging.asufin.com\/staging\/wp-json\/wp\/v2\/posts\/76969\/revisions\/108867"}],"wp:featuredmedia":[{"embeddable":true,"href":"https:\/\/staging.asufin.com\/staging\/wp-json\/wp\/v2\/media\/76980"}],"wp:attachment":[{"href":"https:\/\/staging.asufin.com\/staging\/wp-json\/wp\/v2\/media?parent=76969"}],"wp:term":[{"taxonomy":"category","embeddable":true,"href":"https:\/\/staging.asufin.com\/staging\/wp-json\/wp\/v2\/categories?post=76969"},{"taxonomy":"post_tag","embeddable":true,"href":"https:\/\/staging.asufin.com\/staging\/wp-json\/wp\/v2\/tags?post=76969"}],"curies":[{"name":"wp","href":"https:\/\/api.w.org\/{rel}","templated":true}]}}