{"id":77114,"date":"2021-11-10T12:14:10","date_gmt":"2021-11-10T12:14:10","guid":{"rendered":"https:\/\/www.asufin.com\/?p=77114"},"modified":"2021-11-10T12:14:12","modified_gmt":"2021-11-10T12:14:12","slug":"credito-nos-unimos-a-la-coalicion-para-asegurar-que-la-directiva-de-la-ue-se-ajusta-a-las-necesidades-del-consumidor-vulnerable","status":"publish","type":"post","link":"https:\/\/staging.asufin.com\/staging\/credito-nos-unimos-a-la-coalicion-para-asegurar-que-la-directiva-de-la-ue-se-ajusta-a-las-necesidades-del-consumidor-vulnerable\/","title":{"rendered":"CR\u00c9DITO: Nos unimos a la coalici\u00f3n para asegurar que la directiva de la UE se ajusta a las necesidades del consumidor vulnerable"},"content":{"rendered":"\t\t<div data-elementor-type=\"wp-post\" data-elementor-id=\"77114\" class=\"elementor elementor-77114\">\n\t\t\t\t\t\t<section class=\"elementor-section elementor-top-section elementor-element elementor-element-2e84981 elementor-section-boxed elementor-section-height-default elementor-section-height-default\" data-id=\"2e84981\" data-element_type=\"section\">\n\t\t\t\t\t\t<div class=\"elementor-container elementor-column-gap-default\">\n\t\t\t\t\t<div class=\"elementor-column elementor-col-100 elementor-top-column elementor-element elementor-element-de9fe11\" data-id=\"de9fe11\" data-element_type=\"column\">\n\t\t\t<div class=\"elementor-widget-wrap elementor-element-populated\">\n\t\t\t\t\t\t<div class=\"elementor-element elementor-element-87d16ee elementor-widget elementor-widget-text-editor\" data-id=\"87d16ee\" data-element_type=\"widget\" data-widget_type=\"text-editor.default\">\n\t\t\t\t<div class=\"elementor-widget-container\">\n\t\t\t\t\t\t\t\t\t<h4>Actualmente, se est\u00e1 debatiendo esta propuesta de reglamento crucial para todos los consumidores financieros y que aspiramos a que refuerce los principios del pr\u00e9stamo responsable<\/h4>\t\t\t\t\t\t\t\t<\/div>\n\t\t\t\t<\/div>\n\t\t\t\t\t<\/div>\n\t\t<\/div>\n\t\t\t\t\t<\/div>\n\t\t<\/section>\n\t\t\t\t<section class=\"elementor-section elementor-top-section elementor-element elementor-element-d9d4c50 elementor-section-boxed elementor-section-height-default elementor-section-height-default\" data-id=\"d9d4c50\" data-element_type=\"section\">\n\t\t\t\t\t\t<div class=\"elementor-container elementor-column-gap-default\">\n\t\t\t\t\t<div class=\"elementor-column elementor-col-100 elementor-top-column elementor-element elementor-element-f188e35\" data-id=\"f188e35\" data-element_type=\"column\">\n\t\t\t<div class=\"elementor-widget-wrap elementor-element-populated\">\n\t\t\t\t\t\t<div class=\"elementor-element elementor-element-4ee3bcc elementor-widget elementor-widget-text-editor\" data-id=\"4ee3bcc\" data-element_type=\"widget\" data-widget_type=\"text-editor.default\">\n\t\t\t\t<div class=\"elementor-widget-container\">\n\t\t\t\t\t\t\t\t\t<p>Nos hemos unido a la gran coalici\u00f3n que apoya el desarrollo de la CCD (Directiva de Cr\u00e9dito Consumo, por sus siglas en ingl\u00e9s),<span style=\"color: var( --e-global-color-text ); font-family: var( --e-global-typography-text-font-family ), Sans-serif; font-weight: var( --e-global-typography-text-font-weight ); font-size: 1rem;\">\u00a0con el objetivo de unir fuerzas y garantizar que las disposiciones europeas protejan adecuadamente a los consumidores vulnerables. <strong>Queremos concienciar sobre la necesidad de conceder pr\u00e9stamos responsables<\/strong>. El sobreendeudamiento de los consumidores es un problema que hay que atajar. Asimismo, las elevadas cuotas de los pr\u00e9stamos pueden poner en peligro la estabilidad de las econom\u00edas familiares.\u00a0<\/span><\/p><p>El documento de opini\u00f3n, al que nos adherimos desde ASUFIN, expone las formas en que <strong>los responsables pol\u00edticos de la UE podr\u00edan ayudar a reducir los pr\u00e9stamos irresponsables a los consumidores<\/strong> y evitar el sobreendeudamiento innecesario, junto con la ampliaci\u00f3n del acceso al cr\u00e9dito para los consumidores solventes.<\/p>\t\t\t\t\t\t\t\t<\/div>\n\t\t\t\t<\/div>\n\t\t\t\t\t<\/div>\n\t\t<\/div>\n\t\t\t\t\t<\/div>\n\t\t<\/section>\n\t\t\t\t<section class=\"elementor-section elementor-top-section elementor-element elementor-element-4390d2e elementor-section-boxed elementor-section-height-default elementor-section-height-default\" data-id=\"4390d2e\" data-element_type=\"section\">\n\t\t\t\t\t\t<div class=\"elementor-container elementor-column-gap-default\">\n\t\t\t\t\t<div class=\"elementor-column elementor-col-100 elementor-top-column elementor-element elementor-element-57fda4c\" data-id=\"57fda4c\" data-element_type=\"column\">\n\t\t\t<div class=\"elementor-widget-wrap elementor-element-populated\">\n\t\t\t\t\t\t<div class=\"elementor-element elementor-element-8d7d8d3 elementor-widget elementor-widget-text-editor\" data-id=\"8d7d8d3\" data-element_type=\"widget\" data-widget_type=\"text-editor.default\">\n\t\t\t\t<div class=\"elementor-widget-container\">\n\t\t\t\t\t\t\t\t\t<h5 style=\"text-align: center;\"><a href=\"https:\/\/staging.asufin.com\/staging\/wp-content\/uploads\/2021\/11\/CCD_COALITION_OPINION_PAPER.pdf\" target=\"_blank\" rel=\"noopener\">Descarga aqu\u00ed la declaraci\u00f3n a favor del cr\u00e9dito responsable en la CCD<\/a><\/h5>\t\t\t\t\t\t\t\t<\/div>\n\t\t\t\t<\/div>\n\t\t\t\t\t<\/div>\n\t\t<\/div>\n\t\t\t\t\t<\/div>\n\t\t<\/section>\n\t\t\t\t<section class=\"elementor-section elementor-top-section elementor-element elementor-element-0014eb1 elementor-section-boxed elementor-section-height-default elementor-section-height-default\" data-id=\"0014eb1\" data-element_type=\"section\">\n\t\t\t\t\t\t<div class=\"elementor-container elementor-column-gap-default\">\n\t\t\t\t\t<div class=\"elementor-column elementor-col-100 elementor-top-column elementor-element elementor-element-fe2eebc\" data-id=\"fe2eebc\" data-element_type=\"column\">\n\t\t\t<div class=\"elementor-widget-wrap elementor-element-populated\">\n\t\t\t\t\t\t<div class=\"elementor-element elementor-element-4583af7 elementor-widget elementor-widget-text-editor\" data-id=\"4583af7\" data-element_type=\"widget\" data-widget_type=\"text-editor.default\">\n\t\t\t\t<div class=\"elementor-widget-container\">\n\t\t\t\t\t\t\t\t\t<p>Es muy importante movilizar a las organizaciones de la sociedad civil para que aboguen por un mercado de cr\u00e9dito al consumo seguro y justo, ya que el reglamento de la UE (CCD) <strong>est\u00e1 actualmente sobre la mesa de las instituciones de la UE<\/strong>.<\/p><p><strong>Puntos clave:<\/strong><\/p><ul><li>No se proh\u00edbe la usura en toda la UE ni se limitan los tipos de inter\u00e9s excesivos ni los costes de los cr\u00e9ditos al consumo.<\/li><li>Los acreedores pueden conceder el cr\u00e9dito incluso cuando los prestatarios no tienen capacidad para devolverlo.<\/li><li>La evaluaci\u00f3n de la solvencia no tiene en cuenta posibles escenarios negativos, como las posibles subidas de los tipos de inter\u00e9s durante la ejecuci\u00f3n del contrato.<\/li><li>Los consumidores no pueden impugnar f\u00e1cilmente las decisiones basadas en los modelos de calificaci\u00f3n crediticia y no son conscientes de los tipos de informaci\u00f3n que se consideran para alimentar dichos modelos.<\/li><li>Con la digitalizaci\u00f3n y el big data, cada vez es m\u00e1s f\u00e1cil explotar los sesgos de comportamiento de los consumidores para hacerles firmar un contrato de cr\u00e9dito al consumo que no se adapta a sus circunstancias individuales y financieras.<\/li><li>Los productos de cr\u00e9dito al consumo son cada vez m\u00e1s complejos, personalizados y se venden en l\u00ednea sin estar necesariamente adaptados a la situaci\u00f3n financiera y personal del consumidor.<\/li><\/ul>\t\t\t\t\t\t\t\t<\/div>\n\t\t\t\t<\/div>\n\t\t\t\t\t<\/div>\n\t\t<\/div>\n\t\t\t\t\t<\/div>\n\t\t<\/section>\n\t\t\t\t<\/div>\n\t\t","protected":false},"excerpt":{"rendered":"<p>Actualmente, se debate en el seno de la UE esta propuesta de reglamento, de vital importancia para asegurar el cr\u00e9dito responsable<\/p>\n","protected":false},"author":279,"featured_media":77171,"comment_status":"open","ping_status":"closed","sticky":false,"template":"","format":"standard","meta":{"_acf_changed":false,"_jetpack_newsletter_access":"","_jetpack_dont_email_post_to_subs":false,"_jetpack_newsletter_tier_id":0,"_jetpack_memberships_contains_paywalled_content":false,"_jetpack_memberships_contains_paid_content":false,"footnotes":""},"categories":[103,43,3335],"tags":[],"class_list":["post-77114","post","type-post","status-publish","format-standard","has-post-thumbnail","hentry","category-asufin-comunicados","category-asufin-destacado","category-sobreendeudamiento"],"acf":[],"jetpack_featured_media_url":"https:\/\/i0.wp.com\/staging.asufin.com\/staging\/wp-content\/uploads\/2021\/11\/Comision_europea_directiva_credito.jpg?fit=1500%2C1000&ssl=1","jetpack_shortlink":"https:\/\/wp.me\/peayLa-k3M","jetpack_likes_enabled":false,"jetpack_sharing_enabled":true,"_links":{"self":[{"href":"https:\/\/staging.asufin.com\/staging\/wp-json\/wp\/v2\/posts\/77114","targetHints":{"allow":["GET"]}}],"collection":[{"href":"https:\/\/staging.asufin.com\/staging\/wp-json\/wp\/v2\/posts"}],"about":[{"href":"https:\/\/staging.asufin.com\/staging\/wp-json\/wp\/v2\/types\/post"}],"author":[{"embeddable":true,"href":"https:\/\/staging.asufin.com\/staging\/wp-json\/wp\/v2\/users\/279"}],"replies":[{"embeddable":true,"href":"https:\/\/staging.asufin.com\/staging\/wp-json\/wp\/v2\/comments?post=77114"}],"version-history":[{"count":8,"href":"https:\/\/staging.asufin.com\/staging\/wp-json\/wp\/v2\/posts\/77114\/revisions"}],"predecessor-version":[{"id":77175,"href":"https:\/\/staging.asufin.com\/staging\/wp-json\/wp\/v2\/posts\/77114\/revisions\/77175"}],"wp:featuredmedia":[{"embeddable":true,"href":"https:\/\/staging.asufin.com\/staging\/wp-json\/wp\/v2\/media\/77171"}],"wp:attachment":[{"href":"https:\/\/staging.asufin.com\/staging\/wp-json\/wp\/v2\/media?parent=77114"}],"wp:term":[{"taxonomy":"category","embeddable":true,"href":"https:\/\/staging.asufin.com\/staging\/wp-json\/wp\/v2\/categories?post=77114"},{"taxonomy":"post_tag","embeddable":true,"href":"https:\/\/staging.asufin.com\/staging\/wp-json\/wp\/v2\/tags?post=77114"}],"curies":[{"name":"wp","href":"https:\/\/api.w.org\/{rel}","templated":true}]}}