{"id":78635,"date":"2021-11-24T15:17:24","date_gmt":"2021-11-24T15:17:24","guid":{"rendered":"https:\/\/www.asufin.com\/?p=78635"},"modified":"2021-11-24T15:17:34","modified_gmt":"2021-11-24T15:17:34","slug":"credit-ens-unim-a-la-coalicio-per-a-assegurar-que-la-directiva-de-la-ue-sajusta-a-les-necessitats-del-consumidor-vulnerable","status":"publish","type":"post","link":"https:\/\/staging.asufin.com\/staging\/ca\/credit-ens-unim-a-la-coalicio-per-a-assegurar-que-la-directiva-de-la-ue-sajusta-a-les-necessitats-del-consumidor-vulnerable\/","title":{"rendered":"CR\u00c8DIT: Ens unim a la coalici\u00f3 per a assegurar que la directiva de la UE s&#8217;ajusta a les necessitats del consumidor vulnerable"},"content":{"rendered":"\t\t<div data-elementor-type=\"wp-post\" data-elementor-id=\"78635\" class=\"elementor elementor-78635\">\n\t\t\t\t\t\t<section class=\"elementor-section elementor-top-section elementor-element elementor-element-2e84981 elementor-section-boxed elementor-section-height-default elementor-section-height-default\" data-id=\"2e84981\" data-element_type=\"section\">\n\t\t\t\t\t\t<div class=\"elementor-container elementor-column-gap-default\">\n\t\t\t\t\t<div class=\"elementor-column elementor-col-100 elementor-top-column elementor-element elementor-element-de9fe11\" data-id=\"de9fe11\" data-element_type=\"column\">\n\t\t\t<div class=\"elementor-widget-wrap elementor-element-populated\">\n\t\t\t\t\t\t<div class=\"elementor-element elementor-element-87d16ee elementor-widget elementor-widget-text-editor\" data-id=\"87d16ee\" data-element_type=\"widget\" data-widget_type=\"text-editor.default\">\n\t\t\t\t<div class=\"elementor-widget-container\">\n\t\t\t\t\t\t\t\t\t<h4>Actualment, s&#8217;est\u00e0 debatent aquesta proposta de reglament crucial per a tots els consumidors financers i que aspirem al fet que reforci els principis del pr\u00e9stec responsable<\/h4>\t\t\t\t\t\t\t\t<\/div>\n\t\t\t\t<\/div>\n\t\t\t\t\t<\/div>\n\t\t<\/div>\n\t\t\t\t\t<\/div>\n\t\t<\/section>\n\t\t\t\t<section class=\"elementor-section elementor-top-section elementor-element elementor-element-d9d4c50 elementor-section-boxed elementor-section-height-default elementor-section-height-default\" data-id=\"d9d4c50\" data-element_type=\"section\">\n\t\t\t\t\t\t<div class=\"elementor-container elementor-column-gap-default\">\n\t\t\t\t\t<div class=\"elementor-column elementor-col-100 elementor-top-column elementor-element elementor-element-f188e35\" data-id=\"f188e35\" data-element_type=\"column\">\n\t\t\t<div class=\"elementor-widget-wrap elementor-element-populated\">\n\t\t\t\t\t\t<div class=\"elementor-element elementor-element-4ee3bcc elementor-widget elementor-widget-text-editor\" data-id=\"4ee3bcc\" data-element_type=\"widget\" data-widget_type=\"text-editor.default\">\n\t\t\t\t<div class=\"elementor-widget-container\">\n\t\t\t\t\t\t\t\t\t<p>Ens hem unit a la gran coalici\u00f3 que d\u00f3na suport al desenvolupament de la\u00a0CCD\u00a0(Directiva de Cr\u00e8dit Consum, per les seves sigles en angl\u00e8s),\u00a0amb l&#8217;objectiu d&#8217;unir forces i garantir que les disposicions europees protegeixin adequadament els consumidors vulnerables. <strong>Volem conscienciar sobre la necessitat de concedir pr\u00e9stecs responsables<\/strong>. El sobreendeutament dels consumidors \u00e9s un problema que cal atallar. Aix\u00ed mateix, les elevades quotes dels pr\u00e9stecs poden posar en perill l&#8217;estabilitat de les economies familiars.\u00a0<br \/><br \/>El document d&#8217;opini\u00f3, al qual ens adherim des de\u00a0ASUFIN, exposa les formes en qu\u00e8 <strong>els responsables pol\u00edtics de la UE podrien ajudar a reduir els pr\u00e9stecs irresponsables als consumidors<\/strong> i evitar el sobreendeutament innecessari, juntament amb l&#8217;ampliaci\u00f3 de l&#8217;acc\u00e9s al cr\u00e8dit per als consumidors solvents.<\/p>\t\t\t\t\t\t\t\t<\/div>\n\t\t\t\t<\/div>\n\t\t\t\t\t<\/div>\n\t\t<\/div>\n\t\t\t\t\t<\/div>\n\t\t<\/section>\n\t\t\t\t<section class=\"elementor-section elementor-top-section elementor-element elementor-element-4390d2e elementor-section-boxed elementor-section-height-default elementor-section-height-default\" data-id=\"4390d2e\" data-element_type=\"section\">\n\t\t\t\t\t\t<div class=\"elementor-container elementor-column-gap-default\">\n\t\t\t\t\t<div class=\"elementor-column elementor-col-100 elementor-top-column elementor-element elementor-element-57fda4c\" data-id=\"57fda4c\" data-element_type=\"column\">\n\t\t\t<div class=\"elementor-widget-wrap elementor-element-populated\">\n\t\t\t\t\t\t<div class=\"elementor-element elementor-element-8d7d8d3 elementor-widget elementor-widget-text-editor\" data-id=\"8d7d8d3\" data-element_type=\"widget\" data-widget_type=\"text-editor.default\">\n\t\t\t\t<div class=\"elementor-widget-container\">\n\t\t\t\t\t\t\t\t\t<h5 style=\"text-align: center;\"><a href=\"https:\/\/staging.asufin.com\/staging\/wp-content\/uploads\/2021\/11\/CCD_COALITION_OPINION_PAPER.pdf\" target=\"_blank\" rel=\"noopener\">Desc\u00e0rrega aqu\u00ed la declaraci\u00f3 a favor del cr\u00e8dit responsable a la CCD<\/a><\/h5>\t\t\t\t\t\t\t\t<\/div>\n\t\t\t\t<\/div>\n\t\t\t\t\t<\/div>\n\t\t<\/div>\n\t\t\t\t\t<\/div>\n\t\t<\/section>\n\t\t\t\t<section class=\"elementor-section elementor-top-section elementor-element elementor-element-0014eb1 elementor-section-boxed elementor-section-height-default elementor-section-height-default\" data-id=\"0014eb1\" data-element_type=\"section\">\n\t\t\t\t\t\t<div class=\"elementor-container elementor-column-gap-default\">\n\t\t\t\t\t<div class=\"elementor-column elementor-col-100 elementor-top-column elementor-element elementor-element-fe2eebc\" data-id=\"fe2eebc\" data-element_type=\"column\">\n\t\t\t<div class=\"elementor-widget-wrap elementor-element-populated\">\n\t\t\t\t\t\t<div class=\"elementor-element elementor-element-4583af7 elementor-widget elementor-widget-text-editor\" data-id=\"4583af7\" data-element_type=\"widget\" data-widget_type=\"text-editor.default\">\n\t\t\t\t<div class=\"elementor-widget-container\">\n\t\t\t\t\t\t\t\t\t<p>\u00c9s molt important mobilitzar a les organitzacions de la societat civil perqu\u00e8 advoquin per un mercat de cr\u00e8dit al consum segur i just, ja que el reglament de la UE (CCD)\u00a0<strong>est\u00e0 actualment sobre la taula de les institucions de la UE.<\/strong><\/p><p><strong>Punts clau:<\/strong><\/p><ul><li>No es prohibeix la usura en tota la UE ni es limiten els tipus d&#8217;inter\u00e8s excessius ni els costos dels cr\u00e8dits al consum.<\/li><li><div class=\"traductor-textarea form-group\"><div class=\"textarea-desti col-xs-12 col-sm-6\"><div class=\"form-control second-textarea\">Els creditors poden concedir el cr\u00e8dit fins i tot quan els prestataris no tenen capacitat per a retornar-lo.<\/div><\/div><\/div><\/li><li>L&#8217;avaluaci\u00f3 de la solv\u00e8ncia no t\u00e9 en compte possibles escenaris negatius, com les possibles pujades dels tipus d&#8217;inter\u00e8s durant l&#8217;execuci\u00f3 del contracte.<\/li><li>Els consumidors no poden impugnar f\u00e0cilment les decisions basades en els models de qualificaci\u00f3 credit\u00edcia i no s\u00f3n conscients dels tipus d&#8217;informaci\u00f3 que es consideren per a alimentar aquests models.<\/li><li>Amb la digitalitzaci\u00f3 i el\u00a0big\u00a0data, cada vegada \u00e9s m\u00e9s f\u00e0cil explotar els biaixos de comportament dels consumidors per a fer-los signar un contracte de cr\u00e8dit al consum que no s&#8217;adapta a les seves circumst\u00e0ncies individuals i financeres.<\/li><li>Els productes de cr\u00e8dit al consum s\u00f3n cada vegada m\u00e9s complexos, personalitzats i es venen en l\u00ednia sense estar necess\u00e0riament adaptats a la situaci\u00f3 financera i personal del consumidor.<\/li><\/ul>\t\t\t\t\t\t\t\t<\/div>\n\t\t\t\t<\/div>\n\t\t\t\t\t<\/div>\n\t\t<\/div>\n\t\t\t\t\t<\/div>\n\t\t<\/section>\n\t\t\t\t<\/div>\n\t\t","protected":false},"excerpt":{"rendered":"<p>Actualment, s&#8217;est\u00e0 debatent aquesta proposta de reglament crucial per a tots els consumidors financers i que aspirem al fet que reforci els principis del pr\u00e9stec responsable Ens hem unit a la gran coalici\u00f3 que d\u00f3na suport al desenvolupament de la\u00a0CCD\u00a0(Directiva de Cr\u00e8dit Consum, per les seves sigles en angl\u00e8s),\u00a0amb l&#8217;objectiu d&#8217;unir forces i garantir que [&hellip;]<\/p>\n","protected":false},"author":279,"featured_media":77171,"comment_status":"open","ping_status":"closed","sticky":false,"template":"","format":"standard","meta":{"_acf_changed":false,"_jetpack_newsletter_access":"","_jetpack_dont_email_post_to_subs":false,"_jetpack_newsletter_tier_id":0,"_jetpack_memberships_contains_paywalled_content":false,"_jetpack_memberships_contains_paid_content":false,"footnotes":""},"categories":[3278,3279,6878],"tags":[],"class_list":["post-78635","post","type-post","status-publish","format-standard","has-post-thumbnail","hentry","category-asufin-comunicats-cat","category-asufin-destacat-cat","category-sobreendeudamiento-cat"],"acf":[],"jetpack_featured_media_url":"https:\/\/i0.wp.com\/staging.asufin.com\/staging\/wp-content\/uploads\/2021\/11\/Comision_europea_directiva_credito.jpg?fit=1500%2C1000&ssl=1","jetpack_shortlink":"https:\/\/wp.me\/peayLa-ksj","jetpack_likes_enabled":false,"jetpack_sharing_enabled":true,"_links":{"self":[{"href":"https:\/\/staging.asufin.com\/staging\/wp-json\/wp\/v2\/posts\/78635","targetHints":{"allow":["GET"]}}],"collection":[{"href":"https:\/\/staging.asufin.com\/staging\/wp-json\/wp\/v2\/posts"}],"about":[{"href":"https:\/\/staging.asufin.com\/staging\/wp-json\/wp\/v2\/types\/post"}],"author":[{"embeddable":true,"href":"https:\/\/staging.asufin.com\/staging\/wp-json\/wp\/v2\/users\/279"}],"replies":[{"embeddable":true,"href":"https:\/\/staging.asufin.com\/staging\/wp-json\/wp\/v2\/comments?post=78635"}],"version-history":[{"count":13,"href":"https:\/\/staging.asufin.com\/staging\/wp-json\/wp\/v2\/posts\/78635\/revisions"}],"predecessor-version":[{"id":78648,"href":"https:\/\/staging.asufin.com\/staging\/wp-json\/wp\/v2\/posts\/78635\/revisions\/78648"}],"wp:featuredmedia":[{"embeddable":true,"href":"https:\/\/staging.asufin.com\/staging\/wp-json\/wp\/v2\/media\/77171"}],"wp:attachment":[{"href":"https:\/\/staging.asufin.com\/staging\/wp-json\/wp\/v2\/media?parent=78635"}],"wp:term":[{"taxonomy":"category","embeddable":true,"href":"https:\/\/staging.asufin.com\/staging\/wp-json\/wp\/v2\/categories?post=78635"},{"taxonomy":"post_tag","embeddable":true,"href":"https:\/\/staging.asufin.com\/staging\/wp-json\/wp\/v2\/tags?post=78635"}],"curies":[{"name":"wp","href":"https:\/\/api.w.org\/{rel}","templated":true}]}}