{"id":7870,"date":"2012-05-11T10:00:00","date_gmt":"2012-05-11T10:00:00","guid":{"rendered":"http:\/\/asuapedefin.com\/?p=7870"},"modified":"2017-11-06T10:17:15","modified_gmt":"2017-11-06T09:17:15","slug":"seminario-productos-complejos-barcelona","status":"publish","type":"post","link":"https:\/\/staging.asufin.com\/staging\/seminario-productos-complejos-barcelona\/","title":{"rendered":"SEMINARIO: Productos Complejos (Barcelona)"},"content":{"rendered":"<p><a href=\"http:\/\/asuapedefin.com\/wp-content\/uploads\/2012\/05\/120601_PRODUCTOS_COMPLEJOS_BCN.pdf\" target=\"_blank\" rel=\"noopener\"><br \/>\n<img data-recalc-dims=\"1\" decoding=\"async\" data-attachment-id=\"7872\" data-permalink=\"https:\/\/staging.asufin.com\/staging\/120601_productos_complejos_bcn_160\/\" data-orig-file=\"https:\/\/i0.wp.com\/staging.asufin.com\/staging\/wp-content\/uploads\/2012\/05\/120601_PRODUCTOS_COMPLEJOS_BCN_160.jpg?fit=160%2C160&amp;ssl=1\" data-orig-size=\"160,160\" data-comments-opened=\"1\" data-image-meta=\"{&quot;aperture&quot;:&quot;0&quot;,&quot;credit&quot;:&quot;&quot;,&quot;camera&quot;:&quot;&quot;,&quot;caption&quot;:&quot;&quot;,&quot;created_timestamp&quot;:&quot;0&quot;,&quot;copyright&quot;:&quot;&quot;,&quot;focal_length&quot;:&quot;0&quot;,&quot;iso&quot;:&quot;0&quot;,&quot;shutter_speed&quot;:&quot;0&quot;,&quot;title&quot;:&quot;&quot;,&quot;orientation&quot;:&quot;0&quot;}\" data-image-title=\"120601_PRODUCTOS_COMPLEJOS_BCN_160\" data-image-description=\"\" data-image-caption=\"\" data-large-file=\"https:\/\/i0.wp.com\/staging.asufin.com\/staging\/wp-content\/uploads\/2012\/05\/120601_PRODUCTOS_COMPLEJOS_BCN_160.jpg?fit=160%2C160&amp;ssl=1\" class=\"size-full wp-image-7872 alignleft\" style=\"margin: 0px 20px;\" title=\"Descargar Folleto\" alt=\"\" src=\"https:\/\/i0.wp.com\/asuapedefin.com\/wp-content\/uploads\/2012\/05\/120601_PRODUCTOS_COMPLEJOS_BCN_160.jpg?resize=160%2C160\" width=\"160\" height=\"160\" srcset=\"https:\/\/i0.wp.com\/staging.asufin.com\/staging\/wp-content\/uploads\/2012\/05\/120601_PRODUCTOS_COMPLEJOS_BCN_160.jpg?w=160&amp;ssl=1 160w, https:\/\/i0.wp.com\/staging.asufin.com\/staging\/wp-content\/uploads\/2012\/05\/120601_PRODUCTOS_COMPLEJOS_BCN_160.jpg?resize=150%2C150&amp;ssl=1 150w, https:\/\/i0.wp.com\/staging.asufin.com\/staging\/wp-content\/uploads\/2012\/05\/120601_PRODUCTOS_COMPLEJOS_BCN_160.jpg?resize=125%2C125&amp;ssl=1 125w\" sizes=\"(max-width: 160px) 100vw, 160px\" \/><\/a><strong><a title=\"Asuapedefin\" href=\"http:\/\/www.asuapedefin.com\/\" target=\"_blank\" rel=\"noopener\">Asuapedefin<\/a>\u00a0en colaboraci\u00f3n con\u00a0<a title=\"Apymifid\" href=\"http:\/\/www.apymifid.com\/\" target=\"_blank\" rel=\"noopener\">Apymifid<\/a>\u00a0organiza el segundo seminario sobre PRODUCTOS COMPLEJOS: PROBLEMAS DE SU COMERCIALIZACI\u00d3N A CLIENTES MINORISTAS. El seminario contar\u00e1 con ponentes de extraordinaria calidad jur\u00eddica que nos hablar\u00e1n del problema de las PREFERENTES, VALORES SANTANDER, HMD, SWAPS, ETC&#8230;<\/strong><\/p>\n<p>&nbsp;<\/p>\n<p>&nbsp;<\/p>\n<h4>INFORMACI\u00d3N<\/h4>\n<table border=\"0\" cellspacing=\"2\" cellpadding=\"2\">\n<tbody>\n<tr>\n<td valign=\"top\">FECHA<\/td>\n<td valign=\"top\">Viernes,\u00a0 1 de junio de 2012<\/td>\n<\/tr>\n<tr>\n<td valign=\"top\">HORARIO<\/td>\n<td valign=\"top\">9.00 h a 14:30 h<\/td>\n<\/tr>\n<tr>\n<td valign=\"top\">LUGAR<\/td>\n<td valign=\"top\"><a title=\"ICAB\" href=\"http:\/\/www.icab.cat\/\" target=\"_blank\" rel=\"noopener\"><strong>Ilustre Colegio de Abogados de Barcelona<\/strong><\/a><br \/>\nSAL\u00d3N DE ACTOS<br \/>\nMallorca, 283<br \/>\n08037 Barcelona<\/td>\n<\/tr>\n<tr>\n<td valign=\"top\">ORGANIZA<\/td>\n<td valign=\"top\"><a title=\"ASUAPEDEFIN\" href=\"http:\/\/www.asuapedefin.com\/\" target=\"_blank\" rel=\"noopener\">ASUAPEDEFIN<\/a><\/td>\n<\/tr>\n<tr>\n<td valign=\"top\">COLABORA<\/td>\n<td valign=\"top\"><a href=\"http:\/\/www.apymifid.com\/\" target=\"_blank\" rel=\"noopener\">APYMIFID<\/a><\/td>\n<\/tr>\n<tr>\n<td valign=\"top\">INSCRIPCIONES<\/td>\n<td valign=\"top\"><strong>ONLINE en\u00a0<a href=\"http:\/\/www.ticketea.com\/pcbarcelona\" target=\"_blank\" rel=\"noopener\">TICKETEA<\/a><\/strong><\/td>\n<\/tr>\n<tr>\n<td valign=\"top\">PRECIO<\/td>\n<td valign=\"top\">Entrada General: 35\u0080.<br \/>\nSocios Asuapedefin\/Apymifid: gratis (m\u00e1x. 2 entradas por socio)(gastos de gesti\u00f3n NO incluidos)<\/td>\n<\/tr>\n<tr>\n<td valign=\"top\">+ INFO<\/td>\n<td valign=\"top\"><a href=\"mailto:nfo@asuapedefin.com\">info@asuapedefin.com<\/a><\/td>\n<\/tr>\n<\/tbody>\n<\/table>\n<p>&nbsp;<\/p>\n<table border=\"0\" cellspacing=\"2\" cellpadding=\"2\" align=\"left\">\n<caption>PROGRAMA Y PONENTES<\/caption>\n<tbody>\n<tr>\n<td valign=\"top\"><strong>9.00<\/strong><\/td>\n<td valign=\"top\"><strong>INAUGURACI\u00d3N.<\/strong><strong><br \/>\n<\/strong><\/td>\n<\/tr>\n<tr>\n<td valign=\"top\"><strong>9.15-10.00<\/strong><\/td>\n<td valign=\"top\"><strong>VALORES SANTANDER. Acciones Judiciales y Estrategias de Defensa.<\/strong><br \/>\n<strong>Jordi Ruiz de Villa.<br \/>\n<\/strong>Socio Jausas Legal. Litigaci\u00f3n Bancaria. \u00bb\u00a0<a title=\"Jausas Legal\" href=\"http:\/\/www.jausaslegal.com\/\" target=\"_blank\" rel=\"noopener\">www.jausaslegal.com<\/a><\/td>\n<\/tr>\n<tr>\n<td valign=\"top\"><strong>10.00-10.45<\/strong><\/td>\n<td valign=\"top\"><strong>SWAPS: jurisprudencia y casos de desestimaci\u00f3n .<br \/>\nJosep G\u00e1lvez Pascual.<\/strong><br \/>\nProf. Derecho Privado Universidad Baleares. Magistrado-Juez Suplente del JPI 2 de Palma.<strong><br \/>\n<\/strong><\/td>\n<\/tr>\n<tr>\n<td valign=\"top\"><strong>10.45-11.30<\/strong><\/td>\n<td valign=\"top\"><strong>HIPOTECAS MULTIDIVISA.<br \/>\nPatricia Gabeiras V\u00e1zquez.<\/strong><br \/>\nSocia fundadora de EJ Abogados. \u00bb\u00a0<a title=\"EJ ABOGADOS\" href=\"http:\/\/www.ejabogados.com\/\" target=\"_blank\" rel=\"noopener\">www.ejabogados.com<\/a>.<br \/>\nM\u00e1ster en Corporate Finance y Banca de Inversi\u00f3n, por la Bolsa de Madrid.<\/td>\n<\/tr>\n<tr>\n<td valign=\"top\"><strong>11.30-12.00<\/strong><\/td>\n<td valign=\"top\"><strong>PAUSA<\/strong><\/td>\n<\/tr>\n<tr>\n<td valign=\"top\"><strong>12.00-13.30<\/strong><\/td>\n<td valign=\"top\"><strong><strong>PARTICIPACIONES PREFERENTES.<\/strong><\/strong><strong>Antecedentes y Canjes.<\/strong><br \/>\n<strong> Carlos Hern\u00e1ndez Guarch.<\/strong><br \/>\nPresidente de ACUIB. \u00bb\u00a0<a title=\"No mas abuso bancario\" href=\"http:\/\/www.ticketea.com\/tevent\/tevent\/updateDescription\/id\/\" target=\"_blank\" rel=\"noopener\">www.nomasabusobancario.org<\/a><strong><\/strong><strong>Acciones Judiciales y Estrategias de Defensa.<br \/>\nRicard T\u00e0sies.<br \/>\n<\/strong>Despacho T\u00e0sies, Oehler &amp; Molet.<\/td>\n<\/tr>\n<tr>\n<td valign=\"top\"><strong>13.30-14.30<\/strong><\/td>\n<td valign=\"top\"><strong>DEBATE: SWAPS, PREFERENTES, VALORES SANTANDER, HMD, DACI\u00d3N EN PAGO.<\/strong><br \/>\n<strong>Eva Corredoira.<\/strong><br \/>\nAbogada. Asesora de la Plataforma Afectados por la Hipoteca (PAH)<br \/>\n<strong>Pablo Franquet.<\/strong><br \/>\nAsociado Jausas Legal. Litigaci\u00f3n Bancaria. \u00bb\u00a0<a title=\"Jausas Legal\" href=\"http:\/\/www.jausaslegal.com\/\" target=\"_blank\" rel=\"noopener\">www.jausaslegal.com<\/a><br \/>\n<strong>David Garc\u00eda Muntan\u00e9.<\/strong><br \/>\nAuditor Censor Jurado en Cuentas \u00bb\u00a0<a title=\"Munt Audit\" href=\"http:\/\/www.muntaudit.com\/\" target=\"_blank\" rel=\"noopener\">www.muntaudit.com<\/a><br \/>\n<strong>Arcadi Sala-Planell.<\/strong><br \/>\nSocio fundador de BBS Abogados \u00bb\u00a0<a title=\"BBS Abogados\" href=\"http:\/\/www.bbsabogados.com\/\" target=\"_blank\" rel=\"noopener\">www.bbsabogados.com<\/a><br \/>\n<strong>Oscar Serrano.<\/strong><br \/>\nCol lectiu Ronda \u00bb www.cronda.com<\/td>\n<\/tr>\n<tr>\n<td valign=\"top\"><strong><strong>14.30<\/strong><\/strong><\/td>\n<td valign=\"top\"><strong>CLAUSURA<\/strong><\/td>\n<\/tr>\n<tr>\n<td valign=\"top\"><\/td>\n<td valign=\"top\"><\/td>\n<\/tr>\n<\/tbody>\n<\/table>\n<p>&nbsp;<\/p>\n<table border=\"0\" cellspacing=\"2\" cellpadding=\"2\">\n<tbody>\n<tr>\n<td valign=\"top\"><a href=\"http:\/\/asuapedefin.files.wordpress.com\/2010\/03\/apymifid_logo.jpg\" target=\"_blank\" rel=\"noopener\"><img data-recalc-dims=\"1\" decoding=\"async\" title=\"asuapedefin_logo\" alt=\"Logotipo Asuapedefin\" src=\"http:\/\/asuapedefin.files.wordpress.com\/2010\/03\/asuapedefin_logo.jpg?w=150&#038;resize=150%2C30\" width=\"150\" height=\"30\" \/><\/a><\/td>\n<td valign=\"top\"><a href=\"http:\/\/asuapedefin.files.wordpress.com\/2010\/03\/apymifid_logo.jpg\" target=\"_blank\" rel=\"noopener\"><img data-recalc-dims=\"1\" decoding=\"async\" title=\"apymifid_logo\" alt=\"Logotipo Apymifid\" src=\"http:\/\/asuapedefin.files.wordpress.com\/2010\/03\/apymifid_logo.jpg?w=150&#038;resize=150%2C36\" width=\"150\" height=\"36\" \/><\/a><\/td>\n<td valign=\"top\"><\/td>\n<\/tr>\n<\/tbody>\n<\/table>\n","protected":false},"excerpt":{"rendered":"<p>Asuapedefin\u00a0en colaboraci\u00f3n con\u00a0Apymifid\u00a0organiza el segundo seminario sobre PRODUCTOS COMPLEJOS: PROBLEMAS DE SU COMERCIALIZACI\u00d3N A CLIENTES MINORISTAS. El seminario contar\u00e1 con ponentes de extraordinaria calidad jur\u00eddica que nos hablar\u00e1n del problema de las PREFERENTES, VALORES SANTANDER, HMD, SWAPS, ETC&#8230; &nbsp; &nbsp; INFORMACI\u00d3N FECHA Viernes,\u00a0 1 de junio de 2012 HORARIO 9.00 h a 14:30 h LUGAR [&hellip;]<\/p>\n","protected":false},"author":2,"featured_media":7625,"comment_status":"open","ping_status":"closed","sticky":false,"template":"page-asufin-noticia.php","format":"standard","meta":{"_acf_changed":false,"_jetpack_newsletter_access":"","_jetpack_dont_email_post_to_subs":false,"_jetpack_newsletter_tier_id":0,"_jetpack_memberships_contains_paywalled_content":false,"_jetpack_memberships_contains_paid_content":false,"footnotes":""},"categories":[191],"tags":[218,454,600,455,933,934,935,900,936,15,937,814,604,296,192,30,828],"class_list":["post-7870","post","type-post","status-publish","format-standard","has-post-thumbnail","hentry","category-eventos","tag-arcadi-sala-planell","tag-carlos-hernandez-guarch","tag-dacion-en-pago-2","tag-david-garcia-muntane","tag-eva-corredoira","tag-hipoteca-multidivisa","tag-hmd-2","tag-jordi-ruiz-de-villa","tag-josep-galvez-pascual","tag-oscar-serrano","tag-pablo-franquet","tag-patricia-gabeiras-vazquez","tag-preferentes-2","tag-ricard-tasies","tag-seminario","tag-swaps","tag-valores-santander"],"acf":[],"jetpack_featured_media_url":"https:\/\/i0.wp.com\/staging.asufin.com\/staging\/wp-content\/uploads\/2012\/04\/sem_bcn_grupo.jpg?fit=800%2C503&ssl=1","jetpack_shortlink":"https:\/\/wp.me\/peayLa-22W","jetpack_likes_enabled":false,"jetpack_sharing_enabled":true,"_links":{"self":[{"href":"https:\/\/staging.asufin.com\/staging\/wp-json\/wp\/v2\/posts\/7870","targetHints":{"allow":["GET"]}}],"collection":[{"href":"https:\/\/staging.asufin.com\/staging\/wp-json\/wp\/v2\/posts"}],"about":[{"href":"https:\/\/staging.asufin.com\/staging\/wp-json\/wp\/v2\/types\/post"}],"author":[{"embeddable":true,"href":"https:\/\/staging.asufin.com\/staging\/wp-json\/wp\/v2\/users\/2"}],"replies":[{"embeddable":true,"href":"https:\/\/staging.asufin.com\/staging\/wp-json\/wp\/v2\/comments?post=7870"}],"version-history":[{"count":0,"href":"https:\/\/staging.asufin.com\/staging\/wp-json\/wp\/v2\/posts\/7870\/revisions"}],"wp:featuredmedia":[{"embeddable":true,"href":"https:\/\/staging.asufin.com\/staging\/wp-json\/wp\/v2\/media\/7625"}],"wp:attachment":[{"href":"https:\/\/staging.asufin.com\/staging\/wp-json\/wp\/v2\/media?parent=7870"}],"wp:term":[{"taxonomy":"category","embeddable":true,"href":"https:\/\/staging.asufin.com\/staging\/wp-json\/wp\/v2\/categories?post=7870"},{"taxonomy":"post_tag","embeddable":true,"href":"https:\/\/staging.asufin.com\/staging\/wp-json\/wp\/v2\/tags?post=7870"}],"curies":[{"name":"wp","href":"https:\/\/api.w.org\/{rel}","templated":true}]}}