{"id":80253,"date":"2021-12-09T09:31:16","date_gmt":"2021-12-09T09:31:16","guid":{"rendered":"https:\/\/www.asufin.com\/?p=80253"},"modified":"2022-07-20T11:54:56","modified_gmt":"2022-07-20T11:54:56","slug":"estudios-asufin-la-capacidad-de-ahorro-de-los-espanoles-desciende-un-45-en-un-ano-de-pandemia","status":"publish","type":"post","link":"https:\/\/staging.asufin.com\/staging\/estudios-asufin-la-capacidad-de-ahorro-de-los-espanoles-desciende-un-45-en-un-ano-de-pandemia\/","title":{"rendered":"ESTUDIOS ASUFIN: La capacidad de ahorro de los espa\u00f1oles desciende un 45% en un a\u00f1o de pandemia"},"content":{"rendered":"\t\t<div data-elementor-type=\"wp-post\" data-elementor-id=\"80253\" class=\"elementor elementor-80253\">\n\t\t\t\t\t\t<section class=\"elementor-section elementor-top-section elementor-element elementor-element-d4676fe elementor-section-boxed elementor-section-height-default elementor-section-height-default\" data-id=\"d4676fe\" data-element_type=\"section\">\n\t\t\t\t\t\t<div class=\"elementor-container elementor-column-gap-default\">\n\t\t\t\t\t<div class=\"elementor-column elementor-col-100 elementor-top-column elementor-element elementor-element-99d9ee2\" data-id=\"99d9ee2\" data-element_type=\"column\">\n\t\t\t<div class=\"elementor-widget-wrap elementor-element-populated\">\n\t\t\t\t\t\t<div class=\"elementor-element elementor-element-fa47116 elementor-widget elementor-widget-text-editor\" data-id=\"fa47116\" data-element_type=\"widget\" data-widget_type=\"text-editor.default\">\n\t\t\t\t<div class=\"elementor-widget-container\">\n\t\t\t\t\t\t\t\t\t<h4>Los consumidores han mejorado sus ingresos, pero tienen que destinar m\u00e1s al gasto y, en consecuencia, sufre su capacidad de ahorro<\/h4>\t\t\t\t\t\t\t\t<\/div>\n\t\t\t\t<\/div>\n\t\t\t\t\t<\/div>\n\t\t<\/div>\n\t\t\t\t\t<\/div>\n\t\t<\/section>\n\t\t\t\t<section class=\"elementor-section elementor-top-section elementor-element elementor-element-5d3124c elementor-section-boxed elementor-section-height-default elementor-section-height-default\" data-id=\"5d3124c\" data-element_type=\"section\">\n\t\t\t\t\t\t<div class=\"elementor-container elementor-column-gap-default\">\n\t\t\t\t\t<div class=\"elementor-column elementor-col-100 elementor-top-column elementor-element elementor-element-7d25056\" data-id=\"7d25056\" data-element_type=\"column\">\n\t\t\t<div class=\"elementor-widget-wrap elementor-element-populated\">\n\t\t\t\t\t\t<div class=\"elementor-element elementor-element-015fd04 elementor-widget elementor-widget-text-editor\" data-id=\"015fd04\" data-element_type=\"widget\" data-widget_type=\"text-editor.default\">\n\t\t\t\t<div class=\"elementor-widget-container\">\n\t\t\t\t\t\t\t\t\t<h4>El 40,7% percibe que la situaci\u00f3n econ\u00f3mica ha mejorado, lo que supone un importante repunte del 32%, frente al 8,4% registrado en 2020<\/h4>\t\t\t\t\t\t\t\t<\/div>\n\t\t\t\t<\/div>\n\t\t\t\t\t<\/div>\n\t\t<\/div>\n\t\t\t\t\t<\/div>\n\t\t<\/section>\n\t\t\t\t<section class=\"elementor-section elementor-top-section elementor-element elementor-element-11e46cb elementor-section-boxed elementor-section-height-default elementor-section-height-default\" data-id=\"11e46cb\" data-element_type=\"section\">\n\t\t\t\t\t\t<div class=\"elementor-container elementor-column-gap-default\">\n\t\t\t\t\t<div class=\"elementor-column elementor-col-100 elementor-top-column elementor-element elementor-element-b905a1a\" data-id=\"b905a1a\" data-element_type=\"column\">\n\t\t\t<div class=\"elementor-widget-wrap elementor-element-populated\">\n\t\t\t\t\t\t<div class=\"elementor-element elementor-element-d392a6f elementor-widget elementor-widget-text-editor\" data-id=\"d392a6f\" data-element_type=\"widget\" data-widget_type=\"text-editor.default\">\n\t\t\t\t<div class=\"elementor-widget-container\">\n\t\t\t\t\t\t\t\t\t<p>Cambios en la situaci\u00f3n financiera de las familias tras un a\u00f1o de pandemia y comparando el I Estudio de ASUFIN, de diciembre de 2020, con el II Estudio, que presentamos hoy, y que analiza la salud econ\u00f3mica de los hogares. <strong>Los espa\u00f1oles han mejorado sus ingresos, pero tienen que destinar m\u00e1s al gasto y, en consecuencia, sufre su capacidad de ahorro<\/strong>.<\/p><p>En concreto, el 40,7% de los consumidores financieros <strong>percibe que la situaci\u00f3n econ\u00f3mica ha mejorado<\/strong>, lo que representa un importante repunte frente al 8,4% registrado el a\u00f1o pasado (un 32,3% m\u00e1s), motivado principalmente por el alza de los ingresos. Aumenta del 2,1% al 5,1% de los encuestados que han visto incrementado su renta y disminuye del 49,1% al 31,6% los que experimentan recorte de ingresos.<\/p><p>Sin embargo, en el cap\u00edtulo de gastos, <strong>cuatro de cada diez ciudadanos se\u00f1alan que tiene que afrontar mayores salidas de dinero que hace seis meses<\/strong>, lo que representa una subida del 18% con respecto al 24,2%, de hace un a\u00f1o.<\/p>\t\t\t\t\t\t\t\t<\/div>\n\t\t\t\t<\/div>\n\t\t\t\t\t<\/div>\n\t\t<\/div>\n\t\t\t\t\t<\/div>\n\t\t<\/section>\n\t\t\t\t<section class=\"elementor-section elementor-top-section elementor-element elementor-element-4f22784 elementor-section-boxed elementor-section-height-default elementor-section-height-default\" data-id=\"4f22784\" data-element_type=\"section\">\n\t\t\t\t\t\t<div class=\"elementor-container elementor-column-gap-default\">\n\t\t\t\t\t<div class=\"elementor-column elementor-col-100 elementor-top-column elementor-element elementor-element-48fed7a\" data-id=\"48fed7a\" data-element_type=\"column\">\n\t\t\t<div class=\"elementor-widget-wrap elementor-element-populated\">\n\t\t\t\t\t\t<div class=\"elementor-element elementor-element-1d857c3 elementor-widget elementor-widget-text-editor\" data-id=\"1d857c3\" data-element_type=\"widget\" data-widget_type=\"text-editor.default\">\n\t\t\t\t<div class=\"elementor-widget-container\">\n\t\t\t\t\t\t\t\t\t<h5><a href=\"https:\/\/panel.asufin.com\/archivos\/pdf\/II_ESTUDIO_SITUACION_FINANCIERA_OCTUBRE_2021.pdf\" target=\"_blank\" rel=\"noopener\">Puedes acceder aqu\u00ed al II Estudio ASUFIN sobre situaci\u00f3n financiera de las familias<\/a><\/h5>\t\t\t\t\t\t\t\t<\/div>\n\t\t\t\t<\/div>\n\t\t\t\t\t<\/div>\n\t\t<\/div>\n\t\t\t\t\t<\/div>\n\t\t<\/section>\n\t\t\t\t<section class=\"elementor-section elementor-top-section elementor-element elementor-element-85b0460 elementor-section-boxed elementor-section-height-default elementor-section-height-default\" data-id=\"85b0460\" data-element_type=\"section\">\n\t\t\t\t\t\t<div class=\"elementor-container elementor-column-gap-default\">\n\t\t\t\t\t<div class=\"elementor-column elementor-col-100 elementor-top-column elementor-element elementor-element-761c243\" data-id=\"761c243\" data-element_type=\"column\">\n\t\t\t<div class=\"elementor-widget-wrap elementor-element-populated\">\n\t\t\t\t\t\t<div class=\"elementor-element elementor-element-77e86d0 elementor-widget elementor-widget-text-editor\" data-id=\"77e86d0\" data-element_type=\"widget\" data-widget_type=\"text-editor.default\">\n\t\t\t\t<div class=\"elementor-widget-container\">\n\t\t\t\t\t\t\t\t\t<p>Como consecuencia, la capacidad de ahorro se ha visto bastante erosionada en este \u00faltimo a\u00f1o: <strong>el porcentaje de ciudadanos que declara ahorrar m\u00e1s pasa del 18,1%, hace un a\u00f1o, al 6%, en estos momentos<\/strong>, lo que supone una ca\u00edda del 66%. Esto demuestra que buena parte del ahorro durante el confinamiento por la COVID-19 hab\u00eda sido \u201cforzoso\u201d y una mayor normalidad impulsa a gastarlo, adem\u00e1s de <strong>la existencia del contexto de aumento de precios<\/strong> en el que estamos inmersos en estos \u00faltimos meses.<\/p><p><strong>La tasa global de encuestados con capacidad de ahorro<\/strong> tambi\u00e9n se ve afectada, pasando del 36,3% de encuestados que declaraban en 2020 ahorrar m\u00e1s o lo mismo que hace seis meses, al 20%, en estos momentos.<\/p><p>En este contexto, un 52,9% de los encuestados ha tenido que pedir ayuda financiera, principalmente familias y amigos (25,1%) o recurriendo a tarjetas de cr\u00e9dito (13,2%) y pr\u00e9stamos (8,4%).<\/p><p><strong>Patricia Su\u00e1rez, presidenta de ASUFIN<\/strong>, advierte que \u201cla complejidad de la situaci\u00f3n actual, con la capacidad de ahorro limitado para buena parte de la poblaci\u00f3n y subida generalizada de precios exige una atenci\u00f3n especial y monitorizar, sobre todo, las condiciones financieras de los colectivos m\u00e1s vulnerables. No podemos permitir que sobrevenga un endeudamiento excesivo que limite el acceso al cr\u00e9dito de determinados segmentos de la poblaci\u00f3n\u201d.<\/p>\t\t\t\t\t\t\t\t<\/div>\n\t\t\t\t<\/div>\n\t\t\t\t\t<\/div>\n\t\t<\/div>\n\t\t\t\t\t<\/div>\n\t\t<\/section>\n\t\t\t\t<\/div>\n\t\t","protected":false},"excerpt":{"rendered":"<p>Nuestro II Estudio, que mide la salud econ\u00f3mica de los hogares, concluye que la capacidad de ahorro se ha visto erosionada este \u00faltimo a\u00f1o<\/p>\n","protected":false},"author":279,"featured_media":80274,"comment_status":"open","ping_status":"closed","sticky":false,"template":"","format":"standard","meta":{"_acf_changed":false,"_jetpack_newsletter_access":"","_jetpack_dont_email_post_to_subs":false,"_jetpack_newsletter_tier_id":0,"_jetpack_memberships_contains_paywalled_content":false,"_jetpack_memberships_contains_paid_content":false,"footnotes":""},"categories":[103,43,3386,3335],"tags":[],"class_list":["post-80253","post","type-post","status-publish","format-standard","has-post-thumbnail","hentry","category-asufin-comunicados","category-asufin-destacado","category-asufin-estudios","category-sobreendeudamiento"],"acf":[],"jetpack_featured_media_url":"https:\/\/i0.wp.com\/staging.asufin.com\/staging\/wp-content\/uploads\/2021\/12\/II_Estudio_situacion_financiera-scaled.jpg?fit=2560%2C1348&ssl=1","jetpack_shortlink":"https:\/\/wp.me\/peayLa-kSp","jetpack_likes_enabled":false,"jetpack_sharing_enabled":true,"_links":{"self":[{"href":"https:\/\/staging.asufin.com\/staging\/wp-json\/wp\/v2\/posts\/80253","targetHints":{"allow":["GET"]}}],"collection":[{"href":"https:\/\/staging.asufin.com\/staging\/wp-json\/wp\/v2\/posts"}],"about":[{"href":"https:\/\/staging.asufin.com\/staging\/wp-json\/wp\/v2\/types\/post"}],"author":[{"embeddable":true,"href":"https:\/\/staging.asufin.com\/staging\/wp-json\/wp\/v2\/users\/279"}],"replies":[{"embeddable":true,"href":"https:\/\/staging.asufin.com\/staging\/wp-json\/wp\/v2\/comments?post=80253"}],"version-history":[{"count":14,"href":"https:\/\/staging.asufin.com\/staging\/wp-json\/wp\/v2\/posts\/80253\/revisions"}],"predecessor-version":[{"id":108169,"href":"https:\/\/staging.asufin.com\/staging\/wp-json\/wp\/v2\/posts\/80253\/revisions\/108169"}],"wp:featuredmedia":[{"embeddable":true,"href":"https:\/\/staging.asufin.com\/staging\/wp-json\/wp\/v2\/media\/80274"}],"wp:attachment":[{"href":"https:\/\/staging.asufin.com\/staging\/wp-json\/wp\/v2\/media?parent=80253"}],"wp:term":[{"taxonomy":"category","embeddable":true,"href":"https:\/\/staging.asufin.com\/staging\/wp-json\/wp\/v2\/categories?post=80253"},{"taxonomy":"post_tag","embeddable":true,"href":"https:\/\/staging.asufin.com\/staging\/wp-json\/wp\/v2\/tags?post=80253"}],"curies":[{"name":"wp","href":"https:\/\/api.w.org\/{rel}","templated":true}]}}