{"id":80735,"date":"2021-12-10T12:41:09","date_gmt":"2021-12-10T12:41:09","guid":{"rendered":"https:\/\/www.asufin.com\/?p=80735"},"modified":"2021-12-10T12:41:12","modified_gmt":"2021-12-10T12:41:12","slug":"plusvalia-el-tjue-confirma-la-dudosa-legalidad-de-la-sentencia-que-pretende-salvar-las-arcas-municipales","status":"publish","type":"post","link":"https:\/\/staging.asufin.com\/staging\/plusvalia-el-tjue-confirma-la-dudosa-legalidad-de-la-sentencia-que-pretende-salvar-las-arcas-municipales\/","title":{"rendered":"PLUSVAL\u00cdA: El TJUE confirma la dudosa legalidad de la sentencia que pretende salvar las arcas municipales"},"content":{"rendered":"\t\t<div data-elementor-type=\"wp-post\" data-elementor-id=\"80735\" class=\"elementor elementor-80735\">\n\t\t\t\t\t\t<section class=\"elementor-section elementor-top-section elementor-element elementor-element-b1c9920 elementor-section-boxed elementor-section-height-default elementor-section-height-default\" data-id=\"b1c9920\" data-element_type=\"section\">\n\t\t\t\t\t\t<div class=\"elementor-container elementor-column-gap-default\">\n\t\t\t\t\t<div class=\"elementor-column elementor-col-100 elementor-top-column elementor-element elementor-element-011abb2\" data-id=\"011abb2\" data-element_type=\"column\">\n\t\t\t<div class=\"elementor-widget-wrap elementor-element-populated\">\n\t\t\t\t\t\t<div class=\"elementor-element elementor-element-059cc76 elementor-widget elementor-widget-text-editor\" data-id=\"059cc76\" data-element_type=\"widget\" data-widget_type=\"text-editor.default\">\n\t\t\t\t<div class=\"elementor-widget-container\">\n\t\t\t\t\t\t\t\t\t<h4>Patricia Su\u00e1rez, presidenta de ASUFIN, dice que desde Europa \u201cenmiendan otra vez la plana a nuestros tribunales porque no se puede hurtar al consumidor su leg\u00edtimo derecho a la justa reparaci\u00f3n en aras de una estabilidad econ\u00f3mica\u201d<\/h4>\t\t\t\t\t\t\t\t<\/div>\n\t\t\t\t<\/div>\n\t\t\t\t\t<\/div>\n\t\t<\/div>\n\t\t\t\t\t<\/div>\n\t\t<\/section>\n\t\t\t\t<section class=\"elementor-section elementor-top-section elementor-element elementor-element-c885279 elementor-section-boxed elementor-section-height-default elementor-section-height-default\" data-id=\"c885279\" data-element_type=\"section\">\n\t\t\t\t\t\t<div class=\"elementor-container elementor-column-gap-default\">\n\t\t\t\t\t<div class=\"elementor-column elementor-col-100 elementor-top-column elementor-element elementor-element-c0221e1\" data-id=\"c0221e1\" data-element_type=\"column\">\n\t\t\t<div class=\"elementor-widget-wrap elementor-element-populated\">\n\t\t\t\t\t\t<div class=\"elementor-element elementor-element-c2c2079 elementor-widget elementor-widget-text-editor\" data-id=\"c2c2079\" data-element_type=\"widget\" data-widget_type=\"text-editor.default\">\n\t\t\t\t<div class=\"elementor-widget-container\">\n\t\t\t\t\t\t\t\t\t<p>Las conclusiones del Abogado General del TJUE, conocidas ayer y que ponen en cuesti\u00f3n el r\u00e9gimen espa\u00f1ol de responsabilidad del Estado, <strong>representan el primer paso para tumbar desde Europa la pol\u00e9mica sentencia del Tribunal Constitucional sobre la plusval\u00eda<\/strong>, a falta de que se confirmen por parte del Tribunal, lo que suele ocurrir en la mayor\u00eda de los casos.<\/p><p>Como ya dijimos, una vez m\u00e1s, y <strong>en este caso, protegiendo las arcas municipales, eso s\u00ed, a costa del leg\u00edtimo derecho del contribuyente a su justa reparaci\u00f3n<\/strong>, el Constitucional dict\u00f3 una sentencia inadmisible. Por una parte, dej\u00f3 claro que no se pueden reclamar las resoluciones en los tribunales que hayan sido firmes, cuesti\u00f3n que no rebatimos, porque es cosa juzgada. <strong>Pero por otro, lo extendi\u00f3 de manera injustificada a resoluciones administrativas consider\u00e1ndolas consolidadas, liquidaciones, provisionales o definitivas,<\/strong> que no hayan sido impugnadas a la fecha de la sentencia <strong>y a autoliquidaciones,<\/strong> cuya rectificaci\u00f3n no haya sido solicitada a la fecha.<\/p><p>El objetivo fue claro: <strong>evitar la avalancha de reclamaciones justas de personas que han pagado una plusval\u00eda siguiendo una metodolog\u00eda de c\u00e1lculo err\u00f3nea<\/strong> que no sab\u00edan que era reclamable y que ahora el Tribunal Constitucional pretende cerrarles todas las puertas.<\/p>\t\t\t\t\t\t\t\t<\/div>\n\t\t\t\t<\/div>\n\t\t\t\t\t<\/div>\n\t\t<\/div>\n\t\t\t\t\t<\/div>\n\t\t<\/section>\n\t\t\t\t<section class=\"elementor-section elementor-top-section elementor-element elementor-element-2fef095 elementor-section-boxed elementor-section-height-default elementor-section-height-default\" data-id=\"2fef095\" data-element_type=\"section\">\n\t\t\t\t\t\t<div class=\"elementor-container elementor-column-gap-default\">\n\t\t\t\t\t<div class=\"elementor-column elementor-col-100 elementor-top-column elementor-element elementor-element-a6ae710\" data-id=\"a6ae710\" data-element_type=\"column\">\n\t\t\t<div class=\"elementor-widget-wrap elementor-element-populated\">\n\t\t\t\t\t\t<div class=\"elementor-element elementor-element-09ede90 elementor-widget elementor-widget-text-editor\" data-id=\"09ede90\" data-element_type=\"widget\" data-widget_type=\"text-editor.default\">\n\t\t\t\t<div class=\"elementor-widget-container\">\n\t\t\t\t\t\t\t\t\t<h5 style=\"text-align: center;\"><a href=\"https:\/\/staging.asufin.com\/staging\/reclama\/plusvalia\/\" target=\"_blank\" rel=\"noopener\">Si pagaste la plusval\u00eda, descarga la hoja de encargo para reclamar con nosotros\u00a0<\/a><\/h5>\t\t\t\t\t\t\t\t<\/div>\n\t\t\t\t<\/div>\n\t\t\t\t\t<\/div>\n\t\t<\/div>\n\t\t\t\t\t<\/div>\n\t\t<\/section>\n\t\t\t\t<section class=\"elementor-section elementor-top-section elementor-element elementor-element-151e7d7 elementor-section-boxed elementor-section-height-default elementor-section-height-default\" data-id=\"151e7d7\" data-element_type=\"section\">\n\t\t\t\t\t\t<div class=\"elementor-container elementor-column-gap-default\">\n\t\t\t\t\t<div class=\"elementor-column elementor-col-100 elementor-top-column elementor-element elementor-element-6698f0f\" data-id=\"6698f0f\" data-element_type=\"column\">\n\t\t\t<div class=\"elementor-widget-wrap elementor-element-populated\">\n\t\t\t\t\t\t<div class=\"elementor-element elementor-element-128624c elementor-widget elementor-widget-text-editor\" data-id=\"128624c\" data-element_type=\"widget\" data-widget_type=\"text-editor.default\">\n\t\t\t\t<div class=\"elementor-widget-container\">\n\t\t\t\t\t\t\t\t\t<p>\u201cEs inadmisible: a un administrado que no conoce sus posibilidades de reclamaci\u00f3n <strong>no se le puede vetar ese derecho a posteriori en aras a salvar un sistema econ\u00f3mico<\/strong>\u201d, dice Patricia Su\u00e1rez, presidenta de ASUFIN.<\/p><p>Pues bien, desde Europa, el Abogado General del TJUE ha dejado claro que Espa\u00f1a restringe el derecho de sus ciudadanos a reclamar indemnizaciones al Estado y lo hace estableciendo <strong>el requisito de impugnaci\u00f3n previa<\/strong> (principio de efectividad). En concreto, razona textualmente que \u201ces evidente que no puede exigirse razonablemente a un particular que interponga un recurso contra un acto inexistente para poder exigir la responsabilidad del Estado legislador. Por tanto, <strong>cuando es la ley la que causa directamente el da\u00f1o, ese requisito tiene por efecto en realidad impedir el ejercicio de cualquier acci\u00f3n<\/strong> de responsabilidad patrimonial del Estado legislador\u201d.<\/p>\t\t\t\t\t\t\t\t<\/div>\n\t\t\t\t<\/div>\n\t\t\t\t\t<\/div>\n\t\t<\/div>\n\t\t\t\t\t<\/div>\n\t\t<\/section>\n\t\t\t\t<\/div>\n\t\t","protected":false},"excerpt":{"rendered":"<p>Desde Europa enmiendan otra vez la plana a nuestros tribunales porque no se puede hurtar al consumidor su leg\u00edtimo derecho a la justa reparaci\u00f3n en aras de una estabilidad econ\u00f3mica<\/p>\n","protected":false},"author":279,"featured_media":80746,"comment_status":"open","ping_status":"closed","sticky":false,"template":"","format":"standard","meta":{"_acf_changed":false,"_jetpack_newsletter_access":"","_jetpack_dont_email_post_to_subs":false,"_jetpack_newsletter_tier_id":0,"_jetpack_memberships_contains_paywalled_content":false,"_jetpack_memberships_contains_paid_content":false,"footnotes":""},"categories":[103,43,2845,3367,3357],"tags":[],"class_list":["post-80735","post","type-post","status-publish","format-standard","has-post-thumbnail","hentry","category-asufin-comunicados","category-asufin-destacado","category-plusvalia","category-tc","category-tjue"],"acf":[],"jetpack_featured_media_url":"https:\/\/i0.wp.com\/staging.asufin.com\/staging\/wp-content\/uploads\/2021\/12\/conclusiones_abogado_TJUE_plusvalia.jpg?fit=1500%2C1000&ssl=1","jetpack_shortlink":"https:\/\/wp.me\/peayLa-l0b","jetpack_likes_enabled":false,"jetpack_sharing_enabled":true,"_links":{"self":[{"href":"https:\/\/staging.asufin.com\/staging\/wp-json\/wp\/v2\/posts\/80735","targetHints":{"allow":["GET"]}}],"collection":[{"href":"https:\/\/staging.asufin.com\/staging\/wp-json\/wp\/v2\/posts"}],"about":[{"href":"https:\/\/staging.asufin.com\/staging\/wp-json\/wp\/v2\/types\/post"}],"author":[{"embeddable":true,"href":"https:\/\/staging.asufin.com\/staging\/wp-json\/wp\/v2\/users\/279"}],"replies":[{"embeddable":true,"href":"https:\/\/staging.asufin.com\/staging\/wp-json\/wp\/v2\/comments?post=80735"}],"version-history":[{"count":8,"href":"https:\/\/staging.asufin.com\/staging\/wp-json\/wp\/v2\/posts\/80735\/revisions"}],"predecessor-version":[{"id":80753,"href":"https:\/\/staging.asufin.com\/staging\/wp-json\/wp\/v2\/posts\/80735\/revisions\/80753"}],"wp:featuredmedia":[{"embeddable":true,"href":"https:\/\/staging.asufin.com\/staging\/wp-json\/wp\/v2\/media\/80746"}],"wp:attachment":[{"href":"https:\/\/staging.asufin.com\/staging\/wp-json\/wp\/v2\/media?parent=80735"}],"wp:term":[{"taxonomy":"category","embeddable":true,"href":"https:\/\/staging.asufin.com\/staging\/wp-json\/wp\/v2\/categories?post=80735"},{"taxonomy":"post_tag","embeddable":true,"href":"https:\/\/staging.asufin.com\/staging\/wp-json\/wp\/v2\/tags?post=80735"}],"curies":[{"name":"wp","href":"https:\/\/api.w.org\/{rel}","templated":true}]}}