{"id":82186,"date":"2021-12-23T15:21:07","date_gmt":"2021-12-23T15:21:07","guid":{"rendered":"https:\/\/www.asufin.com\/?p=82186"},"modified":"2021-12-23T15:25:54","modified_gmt":"2021-12-23T15:25:54","slug":"plusvalua-demanem-al-defensor-del-poble-que-els-ajuntaments-saplanin","status":"publish","type":"post","link":"https:\/\/staging.asufin.com\/staging\/ca\/plusvalua-demanem-al-defensor-del-poble-que-els-ajuntaments-saplanin\/","title":{"rendered":"PLUSV\u00c0LUA: Demanem al Defensor del Poble que els ajuntaments s&#8217;aplanin"},"content":{"rendered":"\t\t<div data-elementor-type=\"wp-post\" data-elementor-id=\"82186\" class=\"elementor elementor-82186\">\n\t\t\t\t\t\t<section class=\"elementor-section elementor-top-section elementor-element elementor-element-55a9e0c elementor-section-boxed elementor-section-height-default elementor-section-height-default\" data-id=\"55a9e0c\" data-element_type=\"section\">\n\t\t\t\t\t\t<div class=\"elementor-container elementor-column-gap-default\">\n\t\t\t\t\t<div class=\"elementor-column elementor-col-100 elementor-top-column elementor-element elementor-element-42e9868\" data-id=\"42e9868\" data-element_type=\"column\">\n\t\t\t<div class=\"elementor-widget-wrap elementor-element-populated\">\n\t\t\t\t\t\t<div class=\"elementor-element elementor-element-bec9675 elementor-widget elementor-widget-text-editor\" data-id=\"bec9675\" data-element_type=\"widget\" data-widget_type=\"text-editor.default\">\n\t\t\t\t<div class=\"elementor-widget-container\">\n\t\t\t\t\t\t\t\t\t<h4>Tamb\u00e9 instem majors esfor\u00e7os en digitalitzaci\u00f3 de les administracions p\u00fabliques per a facilitar els tr\u00e0mits al ciutad\u00e0<\/h4>\t\t\t\t\t\t\t\t<\/div>\n\t\t\t\t<\/div>\n\t\t\t\t\t<\/div>\n\t\t<\/div>\n\t\t\t\t\t<\/div>\n\t\t<\/section>\n\t\t\t\t<section class=\"elementor-section elementor-top-section elementor-element elementor-element-864fbef elementor-section-boxed elementor-section-height-default elementor-section-height-default\" data-id=\"864fbef\" data-element_type=\"section\">\n\t\t\t\t\t\t<div class=\"elementor-container elementor-column-gap-default\">\n\t\t\t\t\t<div class=\"elementor-column elementor-col-100 elementor-top-column elementor-element elementor-element-4bcca8e\" data-id=\"4bcca8e\" data-element_type=\"column\">\n\t\t\t<div class=\"elementor-widget-wrap elementor-element-populated\">\n\t\t\t\t\t\t<div class=\"elementor-element elementor-element-1f2259a elementor-widget elementor-widget-text-editor\" data-id=\"1f2259a\" data-element_type=\"widget\" data-widget_type=\"text-editor.default\">\n\t\t\t\t<div class=\"elementor-widget-container\">\n\t\t\t\t\t\t\t\t\t<p>Ens hem reunit avui amb el Defensor del Poble per a exposar les nostres propostes en defensa dels interessos del consumidor financer. Demanem, en primer lloc, <b>que els ajuntaments s&#8217;aplanin en els contenciosos per la plusv\u00e0lua municipal declarada nul\u00b7la pel Constitucional<\/b>, \u00e9s a dir, reconeguin la ra\u00f3 als reclamants evitant amb aix\u00f2 que vagin a judici. De no fer-ho aix\u00ed, s&#8217;estaran comportant com els bancs, amb un criteri de caixa que prioritza la dilataci\u00f3 del proc\u00e9s i el retard del pagament final, buscant la rendibilitat i ocasionant un greu perjudici al consumidor.<\/p><p>Referent a aix\u00f2, Patricia Su\u00e1rez, presidenta d\u2019ASUFIN, va anar m\u00e9s enll\u00e0, assenyalant que <strong>\u201cmolts consistoris porten aquests \u00faltims quatre anys cobrant la plusv\u00e0lua amb p\u00e8rdua de valor en la venda (minusvalidesa),<\/strong> malgrat la primera sent\u00e8ncia del Constitucional, en 2017, i actuant per tant sense cobertura legal, la qual cosa suposa desacatament i prevaricaci\u00f3 per part d&#8217;aquestes AAPP\u201d.<\/p><p>Tamb\u00e9 vam exposar en la reuni\u00f3, mantinguda amb Andr\u00e9s Jim\u00e9nez Rodr\u00edguez, director de l&#8217;\u00c0rea de Seguretat i Just\u00edcia del Defensor, la situaci\u00f3 de vulneraci\u00f3 que sofreix el consumidor financer del seu dret a la tutela efectiva<strong>, consagrada en l&#8217;article 24 de la Constituci\u00f3. I vam posar proposades damunt de la taula.<\/strong> D&#8217;una banda, l&#8217;aprovaci\u00f3 d&#8217;una Autoritat banc\u00e0ria independent, deslligada del Ministeri d&#8217;Assumptes Econ\u00f2mics i amb capacitat per a sancionar a les entitats. D&#8217;altra banda, la imposici\u00f3 de rec\u00e0rrecs a les entitats que recorrin q\u00fcestions ja resoltes o reiteratives.<\/p>\t\t\t\t\t\t\t\t<\/div>\n\t\t\t\t<\/div>\n\t\t\t\t\t<\/div>\n\t\t<\/div>\n\t\t\t\t\t<\/div>\n\t\t<\/section>\n\t\t\t\t<section class=\"elementor-section elementor-top-section elementor-element elementor-element-1abe3aa elementor-section-boxed elementor-section-height-default elementor-section-height-default\" data-id=\"1abe3aa\" data-element_type=\"section\">\n\t\t\t\t\t\t<div class=\"elementor-container elementor-column-gap-default\">\n\t\t\t\t\t<div class=\"elementor-column elementor-col-100 elementor-top-column elementor-element elementor-element-9d40466\" data-id=\"9d40466\" data-element_type=\"column\">\n\t\t\t<div class=\"elementor-widget-wrap elementor-element-populated\">\n\t\t\t\t\t\t<div class=\"elementor-element elementor-element-25f4ed4 elementor-widget elementor-widget-text-editor\" data-id=\"25f4ed4\" data-element_type=\"widget\" data-widget_type=\"text-editor.default\">\n\t\t\t\t<div class=\"elementor-widget-container\">\n\t\t\t\t\t\t\t\t\t<h5><a href=\"https:\/\/www.youtube.com\/watch?v=xX5qzwMykrM\" target=\"_blank\" rel=\"noopener\">Tota la informaci\u00f3 per a reclamar la plusv\u00e0lua, en el nostre webinar, el 13 de desembre<\/a>\u00a0<\/h5>\t\t\t\t\t\t\t\t<\/div>\n\t\t\t\t<\/div>\n\t\t\t\t\t<\/div>\n\t\t<\/div>\n\t\t\t\t\t<\/div>\n\t\t<\/section>\n\t\t\t\t<section class=\"elementor-section elementor-top-section elementor-element elementor-element-b353a81 elementor-section-boxed elementor-section-height-default elementor-section-height-default\" data-id=\"b353a81\" data-element_type=\"section\">\n\t\t\t\t\t\t<div class=\"elementor-container elementor-column-gap-default\">\n\t\t\t\t\t<div class=\"elementor-column elementor-col-100 elementor-top-column elementor-element elementor-element-0895bd3\" data-id=\"0895bd3\" data-element_type=\"column\">\n\t\t\t<div class=\"elementor-widget-wrap elementor-element-populated\">\n\t\t\t\t\t\t<div class=\"elementor-element elementor-element-625d61b elementor-widget elementor-widget-text-editor\" data-id=\"625d61b\" data-element_type=\"widget\" data-widget_type=\"text-editor.default\">\n\t\t\t\t<div class=\"elementor-widget-container\">\n\t\t\t\t\t\t\t\t\t<p>Amb \u00a0ASUFIN tamb\u00e9 demanem al Defensor del Poble que insti que totes <strong>les administracions p\u00fabliques redoblin els seus esfor\u00e7os en mat\u00e8ria de digitalitzaci\u00f3.<\/strong> Si les empreses, especialment les pimes i fins i tot les de menor grand\u00e0ria, estan fent grans esfor\u00e7os per transformar els seus processos, l&#8217;Estat no pot quedar ressagat.<\/p><p><strong>Les AAPP s&#8217;estan digitalitzant de manera irregular,<\/strong> amb departaments que avancen m\u00e9s r\u00e0pid que uns altres: l&#8217;Ag\u00e8ncia Estatal d&#8217;Administraci\u00f3 Tribut\u00e0ria compta amb uns est\u00e0ndards molt elevats, mentre que altres departaments amb els quals el ciutad\u00e0 ha de relacionar-se intensament ofereixen experi\u00e8ncies d&#8217;usuari molt deficients i generen una aut\u00e8ntica bretxa entre administrat i administraci\u00f3.<\/p><p><strong>L&#8217;arribada dels fons europeus Next Generation de la Uni\u00f3 Europea,<\/strong> que tenen l&#8217;accent en l&#8217;acceleraci\u00f3 dels processos de digitalitzaci\u00f3, haurien de convertir-se en el revulsiu necessari per a solucionar aquestes mancances.<\/p><p>En la reuni\u00f3 tamb\u00e9 denunciem que el Govern exigeix a les empreses un tel\u00e8fon d&#8217;atenci\u00f3 gratu\u00eft que no ofereixen determinats ministeris i organismes p\u00fablics. En concret, el Reial decret llei 37\/2020, que obliga les companyies a disposar d&#8217;un 900 d&#8217;atenci\u00f3 al client per\u00f2 no aix\u00ed a l&#8217;Administraci\u00f3,<strong> hauria de complir-se de manera exemplar a tots els nivells.<\/strong><\/p>\t\t\t\t\t\t\t\t<\/div>\n\t\t\t\t<\/div>\n\t\t\t\t\t<\/div>\n\t\t<\/div>\n\t\t\t\t\t<\/div>\n\t\t<\/section>\n\t\t\t\t<\/div>\n\t\t","protected":false},"excerpt":{"rendered":"<p>Tamb\u00e9 instem majors esfor\u00e7os en digitalitzaci\u00f3 de les administracions p\u00fabliques per a facilitar els tr\u00e0mits al ciutad\u00e0<\/p>\n","protected":false},"author":279,"featured_media":79076,"comment_status":"open","ping_status":"closed","sticky":false,"template":"","format":"standard","meta":{"_acf_changed":false,"_jetpack_newsletter_access":"","_jetpack_dont_email_post_to_subs":false,"_jetpack_newsletter_tier_id":0,"_jetpack_memberships_contains_paywalled_content":false,"_jetpack_memberships_contains_paid_content":false,"footnotes":""},"categories":[3278,3279,7251,6941,7309],"tags":[],"class_list":["post-82186","post","type-post","status-publish","format-standard","has-post-thumbnail","hentry","category-asufin-comunicats-cat","category-asufin-destacat-cat","category-defensor-el-poble-cat","category-plusvalues-cat","category-tc-cat"],"acf":[],"jetpack_featured_media_url":"https:\/\/i0.wp.com\/staging.asufin.com\/staging\/wp-content\/uploads\/2021\/12\/Reunion_defensor_pueblo_ASUFIN.jpg?fit=1500%2C1000&ssl=1","jetpack_shortlink":"https:\/\/wp.me\/peayLa-lnA","jetpack_likes_enabled":false,"jetpack_sharing_enabled":true,"_links":{"self":[{"href":"https:\/\/staging.asufin.com\/staging\/wp-json\/wp\/v2\/posts\/82186","targetHints":{"allow":["GET"]}}],"collection":[{"href":"https:\/\/staging.asufin.com\/staging\/wp-json\/wp\/v2\/posts"}],"about":[{"href":"https:\/\/staging.asufin.com\/staging\/wp-json\/wp\/v2\/types\/post"}],"author":[{"embeddable":true,"href":"https:\/\/staging.asufin.com\/staging\/wp-json\/wp\/v2\/users\/279"}],"replies":[{"embeddable":true,"href":"https:\/\/staging.asufin.com\/staging\/wp-json\/wp\/v2\/comments?post=82186"}],"version-history":[{"count":4,"href":"https:\/\/staging.asufin.com\/staging\/wp-json\/wp\/v2\/posts\/82186\/revisions"}],"predecessor-version":[{"id":82190,"href":"https:\/\/staging.asufin.com\/staging\/wp-json\/wp\/v2\/posts\/82186\/revisions\/82190"}],"wp:featuredmedia":[{"embeddable":true,"href":"https:\/\/staging.asufin.com\/staging\/wp-json\/wp\/v2\/media\/79076"}],"wp:attachment":[{"href":"https:\/\/staging.asufin.com\/staging\/wp-json\/wp\/v2\/media?parent=82186"}],"wp:term":[{"taxonomy":"category","embeddable":true,"href":"https:\/\/staging.asufin.com\/staging\/wp-json\/wp\/v2\/categories?post=82186"},{"taxonomy":"post_tag","embeddable":true,"href":"https:\/\/staging.asufin.com\/staging\/wp-json\/wp\/v2\/tags?post=82186"}],"curies":[{"name":"wp","href":"https:\/\/api.w.org\/{rel}","templated":true}]}}