{"id":82995,"date":"2021-07-15T08:00:39","date_gmt":"2021-07-15T06:00:39","guid":{"rendered":"https:\/\/eco.asufin.com\/?p=2195"},"modified":"2022-02-28T21:04:29","modified_gmt":"2022-02-28T21:04:29","slug":"el-cambio-climatico-es-el-problema-mas-grave-al-que-nos-enfrentamos","status":"publish","type":"post","link":"https:\/\/staging.asufin.com\/staging\/el-cambio-climatico-es-el-problema-mas-grave-al-que-nos-enfrentamos\/","title":{"rendered":"\u00bfEl cambio clim\u00e1tico es el problema m\u00e1s grave al que nos enfrentamos?"},"content":{"rendered":"\t\t<div data-elementor-type=\"wp-post\" data-elementor-id=\"82995\" class=\"elementor elementor-82995\">\n\t\t\t\t\t\t<section class=\"elementor-section elementor-top-section elementor-element elementor-element-f331656 elementor-section-boxed elementor-section-height-default elementor-section-height-default\" data-id=\"f331656\" data-element_type=\"section\">\n\t\t\t\t\t\t<div class=\"elementor-container elementor-column-gap-default\">\n\t\t\t\t\t<div class=\"elementor-column elementor-col-100 elementor-top-column elementor-element elementor-element-40004f3\" data-id=\"40004f3\" data-element_type=\"column\">\n\t\t\t<div class=\"elementor-widget-wrap elementor-element-populated\">\n\t\t\t\t\t\t<div class=\"elementor-element elementor-element-1c0f0b7 elementor-widget elementor-widget-text-editor\" data-id=\"1c0f0b7\" data-element_type=\"widget\" data-widget_type=\"text-editor.default\">\n\t\t\t\t<div class=\"elementor-widget-container\">\n\t\t\t\t\t\t\t\t\t<h4>El 65% de la poblaci\u00f3n europea apuesta por la sostenibilidad para combatir personalmente la crisis clim\u00e1tica<\/h4>\t\t\t\t\t\t\t\t<\/div>\n\t\t\t\t<\/div>\n\t\t\t\t<div class=\"elementor-element elementor-element-04a85fd elementor-widget elementor-widget-text-editor\" data-id=\"04a85fd\" data-element_type=\"widget\" data-widget_type=\"text-editor.default\">\n\t\t\t\t<div class=\"elementor-widget-container\">\n\t\t\t\t\t\t\t\t\t<p>La nueva encuesta del Eurobar\u00f3metro muestra que los ciudadanos europeos creen que <strong>el cambio clim\u00e1tico es el problema m\u00e1s grave al que se enfrenta el mundo.\u00a0<\/strong>Ya que muestra que el 93% de los 26.669 encuestados afirma que es un problema grave. Casi nueve de cada diez europeos consideran importante que la UE fije objetivos ambiciosos para aumentar el uso de la energ\u00eda renovable, y el 90% considera que las emisiones de gases de efecto invernadero deber\u00edan reducirse al m\u00ednimo antes del 2050.<\/p><p>Sin embargo, los europeos vamos por el buen camino, ya que al rededor del<strong> 65% de la poblaci\u00f3n toma medidas personales para combatir la crisis clim\u00e1tica<\/strong>, cada vez son m\u00e1s familias las que optan por la sostenibilidad. Aunque a\u00fan falta mucho camino por recorrer.\u00a0<\/p>\t\t\t\t\t\t\t\t<\/div>\n\t\t\t\t<\/div>\n\t\t\t\t<div class=\"elementor-element elementor-element-2e64493 elementor-widget elementor-widget-text-editor\" data-id=\"2e64493\" data-element_type=\"widget\" data-widget_type=\"text-editor.default\">\n\t\t\t\t<div class=\"elementor-widget-container\">\n\t\t\t\t\t\t\t\t\t<h5 class=\"has-text-align-center\" data-uw-styling-context=\"true\"><a href=\"https:\/\/staging.asufin.com\/staging\/suscribete-gratis-a-nuestra-newsletter-de-asufin-eco\/\" target=\"_blank\" rel=\"noopener\">\u00bfQuieres ser el primero en enterarte de todas las noticias relacionadas con las finanzas verdes? \u00a1Suscr\u00edbete a nuestra newsletter!<\/a><\/h5>\t\t\t\t\t\t\t\t<\/div>\n\t\t\t\t<\/div>\n\t\t\t\t<div class=\"elementor-element elementor-element-1e946fb elementor-widget elementor-widget-text-editor\" data-id=\"1e946fb\" data-element_type=\"widget\" data-widget_type=\"text-editor.default\">\n\t\t\t\t<div class=\"elementor-widget-container\">\n\t\t\t\t\t\t\t\t\t<p><strong>Europa considera esta lucha como una gran oportunidad a la innovaci\u00f3n,<\/strong> que har\u00e1n que las empresas europeas sean m\u00e1s competitivas, pero el 74% de los encuestados\u00a0indican que\u00a0el coste de los da\u00f1os debidos al cambio clim\u00e1tico es mucho m\u00e1s alto que el de las inversiones necesarias para la transici\u00f3n verde.<\/p><p>El Pacto Verde y los <strong>objetivos establecidos para los a\u00f1os 2030 y 2050 se han convertido en una prioridad<\/strong> para las Instituciones Europeas, ya que se han comprometido a que la <a href=\"https:\/\/staging.asufin.com\/staging\/asufin-eco-union-europea-emisiones\/\" target=\"_blank\" rel=\"noopener\">UE sea clim\u00e1ticamente neutra en 2050<\/a> y a disminuir las emisiones de gases de efecto invernadero en el 55 %, como m\u00ednimo, para 2030.<\/p>\t\t\t\t\t\t\t\t<\/div>\n\t\t\t\t<\/div>\n\t\t\t\t<div class=\"elementor-element elementor-element-83eb94e elementor-widget elementor-widget-text-editor\" data-id=\"83eb94e\" data-element_type=\"widget\" data-widget_type=\"text-editor.default\">\n\t\t\t\t<div class=\"elementor-widget-container\">\n\t\t\t\t\t\t\t\t\t<h5 style=\"text-align: center;\"><a href=\"https:\/\/eco.asufin.com\/2021\/05\/20\/los-centros-educativos-son-la-solucion-contra-el-cambio-climatico\/\" target=\"_blank\" rel=\"noopener\">Noticias relacionadas: Los centros educativos son la soluci\u00f3n contra el cambio clim\u00e1tico<\/a><\/h5>\t\t\t\t\t\t\t\t<\/div>\n\t\t\t\t<\/div>\n\t\t\t\t\t<\/div>\n\t\t<\/div>\n\t\t\t\t\t<\/div>\n\t\t<\/section>\n\t\t\t\t<\/div>\n\t\t","protected":false},"excerpt":{"rendered":"<p>El 65% de la poblaci\u00f3n europea apuesta por la sostenibilidad para combatir personalmente la crisis clim\u00e1tica.<\/p>\n","protected":false},"author":279,"featured_media":83074,"comment_status":"open","ping_status":"closed","sticky":false,"template":"","format":"standard","meta":{"_acf_changed":false,"_jetpack_newsletter_access":"","_jetpack_dont_email_post_to_subs":false,"_jetpack_newsletter_tier_id":0,"_jetpack_memberships_contains_paywalled_content":false,"_jetpack_memberships_contains_paid_content":false,"footnotes":""},"categories":[7444],"tags":[1114],"class_list":["post-82995","post","type-post","status-publish","format-standard","has-post-thumbnail","hentry","category-noticias-eco","tag-noticias"],"acf":[],"jetpack_featured_media_url":"https:\/\/i0.wp.com\/staging.asufin.com\/staging\/wp-content\/uploads\/2021\/02\/globe-in-pile-of-scattered-garbage-on-of-green-grass-1-scaled-2.jpg?fit=2560%2C1707&ssl=1","jetpack_shortlink":"https:\/\/wp.me\/peayLa-lAD","jetpack_likes_enabled":false,"jetpack_sharing_enabled":true,"_links":{"self":[{"href":"https:\/\/staging.asufin.com\/staging\/wp-json\/wp\/v2\/posts\/82995","targetHints":{"allow":["GET"]}}],"collection":[{"href":"https:\/\/staging.asufin.com\/staging\/wp-json\/wp\/v2\/posts"}],"about":[{"href":"https:\/\/staging.asufin.com\/staging\/wp-json\/wp\/v2\/types\/post"}],"author":[{"embeddable":true,"href":"https:\/\/staging.asufin.com\/staging\/wp-json\/wp\/v2\/users\/279"}],"replies":[{"embeddable":true,"href":"https:\/\/staging.asufin.com\/staging\/wp-json\/wp\/v2\/comments?post=82995"}],"version-history":[{"count":7,"href":"https:\/\/staging.asufin.com\/staging\/wp-json\/wp\/v2\/posts\/82995\/revisions"}],"predecessor-version":[{"id":87241,"href":"https:\/\/staging.asufin.com\/staging\/wp-json\/wp\/v2\/posts\/82995\/revisions\/87241"}],"wp:featuredmedia":[{"embeddable":true,"href":"https:\/\/staging.asufin.com\/staging\/wp-json\/wp\/v2\/media\/83074"}],"wp:attachment":[{"href":"https:\/\/staging.asufin.com\/staging\/wp-json\/wp\/v2\/media?parent=82995"}],"wp:term":[{"taxonomy":"category","embeddable":true,"href":"https:\/\/staging.asufin.com\/staging\/wp-json\/wp\/v2\/categories?post=82995"},{"taxonomy":"post_tag","embeddable":true,"href":"https:\/\/staging.asufin.com\/staging\/wp-json\/wp\/v2\/tags?post=82995"}],"curies":[{"name":"wp","href":"https:\/\/api.w.org\/{rel}","templated":true}]}}