{"id":83711,"date":"2022-01-21T07:55:54","date_gmt":"2022-01-21T07:55:54","guid":{"rendered":"https:\/\/www.asufin.com\/?p=83711"},"modified":"2022-03-09T20:56:46","modified_gmt":"2022-03-09T20:56:46","slug":"irph-valencia-primera-audiencia-provincial-que-dictamina-a-favor-despres-de-lacte-del-tjue","status":"publish","type":"post","link":"https:\/\/staging.asufin.com\/staging\/ca\/irph-valencia-primera-audiencia-provincial-que-dictamina-a-favor-despres-de-lacte-del-tjue\/","title":{"rendered":"IRPH: Val\u00e8ncia, primera Audi\u00e8ncia Provincial que dictamina a favor despr\u00e9s de l&#8217;acte del TJUE"},"content":{"rendered":"\t\t<div data-elementor-type=\"wp-post\" data-elementor-id=\"83711\" class=\"elementor elementor-83711\">\n\t\t\t\t\t\t<section class=\"elementor-section elementor-top-section elementor-element elementor-element-c39de9f elementor-section-boxed elementor-section-height-default elementor-section-height-default\" data-id=\"c39de9f\" data-element_type=\"section\">\n\t\t\t\t\t\t<div class=\"elementor-container elementor-column-gap-default\">\n\t\t\t\t\t<div class=\"elementor-column elementor-col-100 elementor-top-column elementor-element elementor-element-6579040\" data-id=\"6579040\" data-element_type=\"column\">\n\t\t\t<div class=\"elementor-widget-wrap elementor-element-populated\">\n\t\t\t\t\t\t<div class=\"elementor-element elementor-element-9b27b15 elementor-widget elementor-widget-text-editor\" data-id=\"9b27b15\" data-element_type=\"widget\" data-widget_type=\"text-editor.default\">\n\t\t\t\t<div class=\"elementor-widget-container\">\n\t\t\t\t\t\t\t\t\t<div class=\"traductor-textarea form-group\"><div class=\"textarea-desti col-xs-12 col-sm-6\"><h4 class=\"form-control second-textarea\"><strong>El consumidor guanya la seva primera gran batalla contra el IRPH, despr\u00e9s dels nous aclariments des d&#8217;Europa sobre aquest pol\u00e8mic \u00edndex<\/strong><\/h4><\/div><\/div>\t\t\t\t\t\t\t\t<\/div>\n\t\t\t\t<\/div>\n\t\t\t\t\t<\/div>\n\t\t<\/div>\n\t\t\t\t\t<\/div>\n\t\t<\/section>\n\t\t\t\t<section class=\"elementor-section elementor-top-section elementor-element elementor-element-2df7a2b elementor-section-boxed elementor-section-height-default elementor-section-height-default\" data-id=\"2df7a2b\" data-element_type=\"section\">\n\t\t\t\t\t\t<div class=\"elementor-container elementor-column-gap-default\">\n\t\t\t\t\t<div class=\"elementor-column elementor-col-100 elementor-top-column elementor-element elementor-element-fe173bb\" data-id=\"fe173bb\" data-element_type=\"column\">\n\t\t\t<div class=\"elementor-widget-wrap elementor-element-populated\">\n\t\t\t\t\t\t<div class=\"elementor-element elementor-element-4b85f6f elementor-widget elementor-widget-text-editor\" data-id=\"4b85f6f\" data-element_type=\"widget\" data-widget_type=\"text-editor.default\">\n\t\t\t\t<div class=\"elementor-widget-container\">\n\t\t\t\t\t\t\t\t\t<p>L&#8217;Audi\u00e8ncia Provincial de Val\u00e8ncia d\u00f3na la ra\u00f3 al consumidor i anul\u00b7la l&#8217;IRPH de la seva hipoteca per no superar el control de transpar\u00e8ncia, <strong>en el primer acte que es coneix post TJUE<\/strong>. Recordem que l&#8217;<a href=\"https:\/\/staging.asufin.com\/staging\/irph-el-tjue-no-cierra-por-completo-las-puertas-a-las-familias\/\">Alt Tribunal Europeu va determinar<\/a> el passat 16 de novembre que \u00e9s el jutge nacional el que ha d&#8217;examinar si l&#8217;IRPH causa desequilibri per a poder ser declarat abusiu.<br \/><br \/>I en aquesta ocasi\u00f3, la fallada de primera inst\u00e0ncia, ratificat ara per acte de 27 de desembre, declara no estar &#8220;acreditat per l&#8217;entitat executant que es facilit\u00e9s cap informaci\u00f3 als executats, per la qual cosa <strong>\u00e9s f\u00e0cil inferir que aquests no van tenir un coneixement total de tota la c\u00e0rrega econ\u00f2mica i jur\u00eddica que suposava la cl\u00e0usula IRPH -entitats<\/strong>, la qual cosa implica a considerar que aquesta cl\u00e0usula no supera el control de transpar\u00e8ncia i deu reputarse nul\u00b7la per abusiva&#8221;.<\/p><p>\u00a0<\/p>\t\t\t\t\t\t\t\t<\/div>\n\t\t\t\t<\/div>\n\t\t\t\t\t<\/div>\n\t\t<\/div>\n\t\t\t\t\t<\/div>\n\t\t<\/section>\n\t\t\t\t<section class=\"elementor-section elementor-top-section elementor-element elementor-element-eb9950d elementor-section-boxed elementor-section-height-default elementor-section-height-default\" data-id=\"eb9950d\" data-element_type=\"section\">\n\t\t\t\t\t\t<div class=\"elementor-container elementor-column-gap-default\">\n\t\t\t\t\t<div class=\"elementor-column elementor-col-100 elementor-top-column elementor-element elementor-element-93906a6\" data-id=\"93906a6\" data-element_type=\"column\">\n\t\t\t<div class=\"elementor-widget-wrap elementor-element-populated\">\n\t\t\t\t\t\t<div class=\"elementor-element elementor-element-6cd058b elementor-widget elementor-widget-text-editor\" data-id=\"6cd058b\" data-element_type=\"widget\" data-widget_type=\"text-editor.default\">\n\t\t\t\t<div class=\"elementor-widget-container\">\n\t\t\t\t\t\t\t\t\t<h5><a href=\"https:\/\/staging.asufin.com\/staging\/tech\/eventos-formacion\/\">Inverteixes en criptos o t&#8217;ho est\u00e0s pensant? No pots perdre&#8217;t aquest webinar<\/a><\/h5>\t\t\t\t\t\t\t\t<\/div>\n\t\t\t\t<\/div>\n\t\t\t\t\t<\/div>\n\t\t<\/div>\n\t\t\t\t\t<\/div>\n\t\t<\/section>\n\t\t\t\t<section class=\"elementor-section elementor-top-section elementor-element elementor-element-a4db276 elementor-section-boxed elementor-section-height-default elementor-section-height-default\" data-id=\"a4db276\" data-element_type=\"section\">\n\t\t\t\t\t\t<div class=\"elementor-container elementor-column-gap-default\">\n\t\t\t\t\t<div class=\"elementor-column elementor-col-100 elementor-top-column elementor-element elementor-element-84d5485\" data-id=\"84d5485\" data-element_type=\"column\">\n\t\t\t<div class=\"elementor-widget-wrap elementor-element-populated\">\n\t\t\t\t\t\t<div class=\"elementor-element elementor-element-3e3e4aa elementor-widget elementor-widget-text-editor\" data-id=\"3e3e4aa\" data-element_type=\"widget\" data-widget_type=\"text-editor.default\">\n\t\t\t\t<div class=\"elementor-widget-container\">\n\t\t\t\t\t\t\t\t\t<p>Aquesta important batalla legal, de la qual es fa ress\u00f2 la revista jur\u00eddica <a href=\"https:\/\/www.economistjurist.es\/\" target=\"_blank\" rel=\"noopener\">Economist&amp;Juris<\/a>, <strong>inclina la balan\u00e7a de resolucions de IRPH a favor del consumidor<\/strong> i demostra, de nou, que la col\u00b7locaci\u00f3 d&#8217;aquest \u00edndex en les hipoteques no es va explicar adequadament als clients.\u00a0<br \/><br \/>En concret, l&#8217;acte afirma que queda acreditada &#8220;la falta d&#8217;una explicaci\u00f3 suficient i comprensible sobre les conseq\u00fc\u00e8ncies de triar un m\u00e8tode o un altre de c\u00e0lcul, en detriment del prestatari&#8221;.<br \/><br \/>Recordem que l&#8217;\u00edndex IRPH ha suposat un <a href=\"https:\/\/staging.asufin.com\/staging\/asufin-te-informa-que-es-el-irph-como-reclamarlo\/\">perjudici econ\u00f2mic<\/a> als hipotecats perqu\u00e8 <strong>ha encarit sistem\u00e0ticament les quotes<\/strong> enfront de les pagades en Euribor.<\/p>\t\t\t\t\t\t\t\t<\/div>\n\t\t\t\t<\/div>\n\t\t\t\t\t<\/div>\n\t\t<\/div>\n\t\t\t\t\t<\/div>\n\t\t<\/section>\n\t\t\t\t<section class=\"elementor-section elementor-top-section elementor-element elementor-element-cbc5303 elementor-section-boxed elementor-section-height-default elementor-section-height-default\" data-id=\"cbc5303\" data-element_type=\"section\">\n\t\t\t\t\t\t<div class=\"elementor-container elementor-column-gap-default\">\n\t\t\t\t\t<div class=\"elementor-column elementor-col-100 elementor-top-column elementor-element elementor-element-6135643\" data-id=\"6135643\" data-element_type=\"column\">\n\t\t\t<div class=\"elementor-widget-wrap elementor-element-populated\">\n\t\t\t\t\t\t<div class=\"elementor-element elementor-element-20fe791 elementor-widget elementor-widget-text-editor\" data-id=\"20fe791\" data-element_type=\"widget\" data-widget_type=\"text-editor.default\">\n\t\t\t\t<div class=\"elementor-widget-container\">\n\t\t\t\t\t\t\t\t\t<h5><a href=\"https:\/\/panel.asufin.com\/archivos\/pdf\/A_211227_CAJAMAR_AP_VALENCIA_IRPH.pdf\" target=\"_blank\" rel=\"noopener\">Descarrega aqu\u00ed l&#8217;acte d&#8217;IRPH de l&#8217;Audi\u00e8ncia Provincial de Val\u00e8ncia<\/a><\/h5>\t\t\t\t\t\t\t\t<\/div>\n\t\t\t\t<\/div>\n\t\t\t\t\t<\/div>\n\t\t<\/div>\n\t\t\t\t\t<\/div>\n\t\t<\/section>\n\t\t\t\t<\/div>\n\t\t","protected":false},"excerpt":{"rendered":"<p>El consumidor guanya la seva primera gran batalla contra el IRPH, despr\u00e9s dels nous aclariments des d&#8217;Europa sobre aquest pol\u00e8mic \u00edndex L&#8217;Audi\u00e8ncia Provincial de Val\u00e8ncia d\u00f3na la ra\u00f3 al consumidor i anul\u00b7la l&#8217;IRPH de la seva hipoteca per no superar el control de transpar\u00e8ncia, en el primer acte que es coneix post TJUE. Recordem que [&hellip;]<\/p>\n","protected":false},"author":279,"featured_media":82729,"comment_status":"open","ping_status":"closed","sticky":false,"template":"","format":"standard","meta":{"_acf_changed":false,"_jetpack_newsletter_access":"","_jetpack_dont_email_post_to_subs":false,"_jetpack_newsletter_tier_id":0,"_jetpack_memberships_contains_paywalled_content":false,"_jetpack_memberships_contains_paid_content":false,"footnotes":""},"categories":[3278,3279,6872,7313],"tags":[],"class_list":["post-83711","post","type-post","status-publish","format-standard","has-post-thumbnail","hentry","category-asufin-comunicats-cat","category-asufin-destacat-cat","category-irph-cat","category-tjue-cat"],"acf":[],"jetpack_featured_media_url":"https:\/\/i0.wp.com\/staging.asufin.com\/staging\/wp-content\/uploads\/2022\/01\/irph_primer_auto_tras_tjue.jpeg?fit=1500%2C1001&ssl=1","jetpack_shortlink":"https:\/\/wp.me\/peayLa-lMb","jetpack_likes_enabled":false,"jetpack_sharing_enabled":true,"_links":{"self":[{"href":"https:\/\/staging.asufin.com\/staging\/wp-json\/wp\/v2\/posts\/83711","targetHints":{"allow":["GET"]}}],"collection":[{"href":"https:\/\/staging.asufin.com\/staging\/wp-json\/wp\/v2\/posts"}],"about":[{"href":"https:\/\/staging.asufin.com\/staging\/wp-json\/wp\/v2\/types\/post"}],"author":[{"embeddable":true,"href":"https:\/\/staging.asufin.com\/staging\/wp-json\/wp\/v2\/users\/279"}],"replies":[{"embeddable":true,"href":"https:\/\/staging.asufin.com\/staging\/wp-json\/wp\/v2\/comments?post=83711"}],"version-history":[{"count":10,"href":"https:\/\/staging.asufin.com\/staging\/wp-json\/wp\/v2\/posts\/83711\/revisions"}],"predecessor-version":[{"id":89558,"href":"https:\/\/staging.asufin.com\/staging\/wp-json\/wp\/v2\/posts\/83711\/revisions\/89558"}],"wp:featuredmedia":[{"embeddable":true,"href":"https:\/\/staging.asufin.com\/staging\/wp-json\/wp\/v2\/media\/82729"}],"wp:attachment":[{"href":"https:\/\/staging.asufin.com\/staging\/wp-json\/wp\/v2\/media?parent=83711"}],"wp:term":[{"taxonomy":"category","embeddable":true,"href":"https:\/\/staging.asufin.com\/staging\/wp-json\/wp\/v2\/categories?post=83711"},{"taxonomy":"post_tag","embeddable":true,"href":"https:\/\/staging.asufin.com\/staging\/wp-json\/wp\/v2\/tags?post=83711"}],"curies":[{"name":"wp","href":"https:\/\/api.w.org\/{rel}","templated":true}]}}