{"id":85154,"date":"2022-02-08T13:32:10","date_gmt":"2022-02-08T13:32:10","guid":{"rendered":"https:\/\/www.asufin.com\/?p=85154"},"modified":"2022-02-14T18:00:34","modified_gmt":"2022-02-14T18:00:34","slug":"pedimos-a-economia-legislar-para-garantizar-a-la-sociedad-el-servicio-bancario-esencial","status":"publish","type":"post","link":"https:\/\/staging.asufin.com\/staging\/pedimos-a-economia-legislar-para-garantizar-a-la-sociedad-el-servicio-bancario-esencial\/","title":{"rendered":"Pedimos a Econom\u00eda legislar para paliar la exclusi\u00f3n financiera"},"content":{"rendered":"\t\t<div data-elementor-type=\"wp-post\" data-elementor-id=\"85154\" class=\"elementor elementor-85154\">\n\t\t\t\t\t\t<section class=\"elementor-section elementor-top-section elementor-element elementor-element-6a4c061 elementor-section-boxed elementor-section-height-default elementor-section-height-default\" data-id=\"6a4c061\" data-element_type=\"section\">\n\t\t\t\t\t\t<div class=\"elementor-container elementor-column-gap-default\">\n\t\t\t\t\t<div class=\"elementor-column elementor-col-100 elementor-top-column elementor-element elementor-element-dd494fa\" data-id=\"dd494fa\" data-element_type=\"column\">\n\t\t\t<div class=\"elementor-widget-wrap elementor-element-populated\">\n\t\t\t\t\t\t<div class=\"elementor-element elementor-element-59f89a4 elementor-widget elementor-widget-text-editor\" data-id=\"59f89a4\" data-element_type=\"widget\" data-widget_type=\"text-editor.default\">\n\t\t\t\t<div class=\"elementor-widget-container\">\n\t\t\t\t\t\t\t\t\t<h4>Patricia Su\u00e1rez insiste, en una reuni\u00f3n con el Secretario General del Tesoro, en que la digitalizaci\u00f3n debe acometerse a dos velocidades para no dejar a nadie expulsado del sistema<\/h4>\t\t\t\t\t\t\t\t<\/div>\n\t\t\t\t<\/div>\n\t\t\t\t\t<\/div>\n\t\t<\/div>\n\t\t\t\t\t<\/div>\n\t\t<\/section>\n\t\t\t\t<section class=\"elementor-section elementor-top-section elementor-element elementor-element-2e64150 elementor-section-boxed elementor-section-height-default elementor-section-height-default\" data-id=\"2e64150\" data-element_type=\"section\">\n\t\t\t\t\t\t<div class=\"elementor-container elementor-column-gap-default\">\n\t\t\t\t\t<div class=\"elementor-column elementor-col-100 elementor-top-column elementor-element elementor-element-4e673b4\" data-id=\"4e673b4\" data-element_type=\"column\">\n\t\t\t<div class=\"elementor-widget-wrap elementor-element-populated\">\n\t\t\t\t\t\t<div class=\"elementor-element elementor-element-bd3058d elementor-widget elementor-widget-text-editor\" data-id=\"bd3058d\" data-element_type=\"widget\" data-widget_type=\"text-editor.default\">\n\t\t\t\t<div class=\"elementor-widget-container\">\n\t\t\t\t\t\t\t\t\t<p>La presidenta de ASUFIN, Patricia Su\u00e1rez, se reuni\u00f3 ayer con el Secretario General del Tesoro y Financiaci\u00f3n Internacional, Carlos Cuerpo, para trasladar al departamento las medidas que deben acometerse para paliar la exclusi\u00f3n financiera a la que se ven sometidos determinados colectivos, por la digitalizaci\u00f3n y concentraci\u00f3n bancaria. <a href=\"https:\/\/staging.asufin.com\/staging\/la-desatencion-bancaria-en-cifras-caidas-del-40-en-empleados-54-en-oficinas-y-22-en-cajeros\/\" target=\"_blank\" rel=\"noopener\"> Los datos<\/a> demuestran que existe un problema: \u201cLa digitalizaci\u00f3n bancaria es un proceso inevitable pero debe abordarse<strong>\u00a0a dos velocidades para no dejar a nadie atr\u00e1s<\/strong>, fuera del sistema\u201d, traslad\u00f3 Su\u00e1rez en la reuni\u00f3n.<\/p><p>Estas medidas no pueden ser s\u00f3lo objeto del impulso legislativo del Gobierno sino tambi\u00e9n de las propias entidades que <strong>tienen una responsabilidad con la sociedad<\/strong> por constituir un servicio esencial.<\/p><p>Asimismo, la exclusi\u00f3n bancaria <strong>no s\u00f3lo afecta a las personas mayores<\/strong>. Tambi\u00e9n hay colectivos que se ven desplazados del sistema y que tienen que hacer frente a productos m\u00e1s onerosos, con comisiones m\u00e1s elevadas y condiciones dif\u00edciles de cumplir. Por ejemplo, trabajadores por cuenta propia que no cobran una n\u00f3mina o ingreso \u00fanico pero que, sin embargo, s\u00ed ingresan en el banco cantidades recurrentes asimilables y que, por ello, no acceden a determinadas bonificaciones, <strong>como el caso de las empleadas de hogar<\/strong>.<\/p>\t\t\t\t\t\t\t\t<\/div>\n\t\t\t\t<\/div>\n\t\t\t\t\t<\/div>\n\t\t<\/div>\n\t\t\t\t\t<\/div>\n\t\t<\/section>\n\t\t\t\t<section class=\"elementor-section elementor-top-section elementor-element elementor-element-fef0713 elementor-section-boxed elementor-section-height-default elementor-section-height-default\" data-id=\"fef0713\" data-element_type=\"section\">\n\t\t\t\t\t\t<div class=\"elementor-container elementor-column-gap-default\">\n\t\t\t\t\t<div class=\"elementor-column elementor-col-100 elementor-top-column elementor-element elementor-element-9b92226\" data-id=\"9b92226\" data-element_type=\"column\">\n\t\t\t<div class=\"elementor-widget-wrap elementor-element-populated\">\n\t\t\t\t\t\t<div class=\"elementor-element elementor-element-00068e9 elementor-widget elementor-widget-text-editor\" data-id=\"00068e9\" data-element_type=\"widget\" data-widget_type=\"text-editor.default\">\n\t\t\t\t<div class=\"elementor-widget-container\">\n\t\t\t\t\t\t\t\t\t<h5><a href=\"https:\/\/panel.asufin.com\/signup\" target=\"_blank\" rel=\"noopener\">\u00a1Hazte socio de ASUFIN para poder acceder a nuestro contenido m\u00e1s exclusivo!<\/a><\/h5>\t\t\t\t\t\t\t\t<\/div>\n\t\t\t\t<\/div>\n\t\t\t\t\t<\/div>\n\t\t<\/div>\n\t\t\t\t\t<\/div>\n\t\t<\/section>\n\t\t\t\t<section class=\"elementor-section elementor-top-section elementor-element elementor-element-a7d812e elementor-section-boxed elementor-section-height-default elementor-section-height-default\" data-id=\"a7d812e\" data-element_type=\"section\">\n\t\t\t\t\t\t<div class=\"elementor-container elementor-column-gap-default\">\n\t\t\t\t\t<div class=\"elementor-column elementor-col-100 elementor-top-column elementor-element elementor-element-2f0a5f1\" data-id=\"2f0a5f1\" data-element_type=\"column\">\n\t\t\t<div class=\"elementor-widget-wrap elementor-element-populated\">\n\t\t\t\t\t\t<div class=\"elementor-element elementor-element-8f0e6f7 elementor-widget elementor-widget-text-editor\" data-id=\"8f0e6f7\" data-element_type=\"widget\" data-widget_type=\"text-editor.default\">\n\t\t\t\t<div class=\"elementor-widget-container\">\n\t\t\t\t\t\t\t\t\t<p>Desde ASUFIN apoyamos<strong>\u00a0<\/strong><a href=\"https:\/\/www.change.org\/p\/tengo-78-a%C3%B1os-y-me-siento-apartado-por-los-bancos-todo-es-por-internet-y-no-todo-el-mundo-se-maneja-pido-atenci%C3%B3n-humana-en-las-sucursales-bancarias-bbva-caixabank-bankinter-santander-resp-sabadell-help-cabk-responde-bbvaresponde-es\" target=\"_blank\" rel=\"noopener\"><strong>la campa\u00f1a<\/strong><\/a><strong> emprendida por Carlos San Juan, en Change.org<\/strong>, que \u201catenci\u00f3n humana en las sucursales bancarias\u201d, y que hoy entregar\u00e1 las m\u00e1s de 600.000 firmas en el Ministerio de Econom\u00eda y el Banco de Espa\u00f1a.<\/p>\t\t\t\t\t\t\t\t<\/div>\n\t\t\t\t<\/div>\n\t\t\t\t\t<\/div>\n\t\t<\/div>\n\t\t\t\t\t<\/div>\n\t\t<\/section>\n\t\t\t\t<section class=\"elementor-section elementor-top-section elementor-element elementor-element-afbcac8 elementor-section-boxed elementor-section-height-default elementor-section-height-default\" data-id=\"afbcac8\" data-element_type=\"section\">\n\t\t\t\t\t\t<div class=\"elementor-container elementor-column-gap-default\">\n\t\t\t\t\t<div class=\"elementor-column elementor-col-100 elementor-top-column elementor-element elementor-element-b36afd2\" data-id=\"b36afd2\" data-element_type=\"column\">\n\t\t\t<div class=\"elementor-widget-wrap elementor-element-populated\">\n\t\t\t\t\t\t<div class=\"elementor-element elementor-element-3e39f63 elementor-widget elementor-widget-text-editor\" data-id=\"3e39f63\" data-element_type=\"widget\" data-widget_type=\"text-editor.default\">\n\t\t\t\t<div class=\"elementor-widget-container\">\n\t\t\t\t\t\t\t\t\t<p>Nuestro dec\u00e1logo de medidas recoge que se debe facilitar la <strong>atenci\u00f3n personalizada con cita previa<\/strong>, desarrollar aplicaciones b\u00e1sicas que permitan el acceso a la banca digital a todo tipo de usuarios y examinar ratios de presencia bancaria que determinen qu\u00e9 zonas est\u00e1n desbancarizadas (tambi\u00e9n en los barrios de las grandes ciudades).<\/p>\t\t\t\t\t\t\t\t<\/div>\n\t\t\t\t<\/div>\n\t\t\t\t\t<\/div>\n\t\t<\/div>\n\t\t\t\t\t<\/div>\n\t\t<\/section>\n\t\t\t\t<section class=\"elementor-section elementor-top-section elementor-element elementor-element-6549739 elementor-section-boxed elementor-section-height-default elementor-section-height-default\" data-id=\"6549739\" data-element_type=\"section\">\n\t\t\t\t\t\t<div class=\"elementor-container elementor-column-gap-default\">\n\t\t\t\t\t<div class=\"elementor-column elementor-col-100 elementor-top-column elementor-element elementor-element-d38b0d1\" data-id=\"d38b0d1\" data-element_type=\"column\">\n\t\t\t<div class=\"elementor-widget-wrap elementor-element-populated\">\n\t\t\t\t\t\t<div class=\"elementor-element elementor-element-392312c elementor-widget elementor-widget-image\" data-id=\"392312c\" data-element_type=\"widget\" data-widget_type=\"image.default\">\n\t\t\t\t<div class=\"elementor-widget-container\">\n\t\t\t\t\t\t\t\t\t\t\t\t\t\t\t<img fetchpriority=\"high\" decoding=\"async\" data-attachment-id=\"85156\" data-permalink=\"https:\/\/staging.asufin.com\/staging\/pedimos-a-economia-legislar-para-garantizar-a-la-sociedad-el-servicio-bancario-esencial\/reunion_secretario_gral_tesoro\/\" data-orig-file=\"https:\/\/i0.wp.com\/staging.asufin.com\/staging\/wp-content\/uploads\/2022\/02\/Reunion_Secretario_gral_Tesoro.jpeg?fit=1024%2C576&amp;ssl=1\" data-orig-size=\"1024,576\" data-comments-opened=\"1\" data-image-meta=\"{&quot;aperture&quot;:&quot;0&quot;,&quot;credit&quot;:&quot;&quot;,&quot;camera&quot;:&quot;&quot;,&quot;caption&quot;:&quot;&quot;,&quot;created_timestamp&quot;:&quot;0&quot;,&quot;copyright&quot;:&quot;&quot;,&quot;focal_length&quot;:&quot;0&quot;,&quot;iso&quot;:&quot;0&quot;,&quot;shutter_speed&quot;:&quot;0&quot;,&quot;title&quot;:&quot;&quot;,&quot;orientation&quot;:&quot;0&quot;}\" data-image-title=\"Reunion_Secretario_gral_Tesoro\" data-image-description=\"&lt;p&gt;reuni\u00f3n con Econom\u00eda para hablar de las medidas que pal\u00eden la exclusi\u00f3n bancaria&lt;\/p&gt;\n\" data-image-caption=\"&lt;p&gt;reuni\u00f3n con Econom\u00eda para hablar de las medidas que pal\u00eden la exclusi\u00f3n bancaria&lt;\/p&gt;\n\" data-large-file=\"https:\/\/i0.wp.com\/staging.asufin.com\/staging\/wp-content\/uploads\/2022\/02\/Reunion_Secretario_gral_Tesoro.jpeg?fit=800%2C450&amp;ssl=1\" width=\"800\" height=\"450\" src=\"https:\/\/i0.wp.com\/staging.asufin.com\/staging\/wp-content\/uploads\/2022\/02\/Reunion_Secretario_gral_Tesoro.jpeg?fit=800%2C450&amp;ssl=1\" class=\"attachment-large size-large wp-image-85156\" alt=\"reuni\u00f3n con Econom\u00eda\" srcset=\"https:\/\/i0.wp.com\/staging.asufin.com\/staging\/wp-content\/uploads\/2022\/02\/Reunion_Secretario_gral_Tesoro.jpeg?w=1024&amp;ssl=1 1024w, https:\/\/i0.wp.com\/staging.asufin.com\/staging\/wp-content\/uploads\/2022\/02\/Reunion_Secretario_gral_Tesoro.jpeg?resize=300%2C169&amp;ssl=1 300w, https:\/\/i0.wp.com\/staging.asufin.com\/staging\/wp-content\/uploads\/2022\/02\/Reunion_Secretario_gral_Tesoro.jpeg?resize=768%2C432&amp;ssl=1 768w\" sizes=\"(max-width: 800px) 100vw, 800px\" title=\"\">\t\t\t\t\t\t\t\t\t\t\t\t\t\t\t<\/div>\n\t\t\t\t<\/div>\n\t\t\t\t\t<\/div>\n\t\t<\/div>\n\t\t\t\t\t<\/div>\n\t\t<\/section>\n\t\t\t\t<\/div>\n\t\t","protected":false},"excerpt":{"rendered":"<p>Patricia Su\u00e1rez insiste, en una reuni\u00f3n con el Secretario General del Tesoro, en que la digitalizaci\u00f3n debe acometerse a dos velocidades para no dejar a nadie atr\u00e1s.<\/p>\n","protected":false},"author":279,"featured_media":85160,"comment_status":"open","ping_status":"closed","sticky":false,"template":"","format":"standard","meta":{"_acf_changed":false,"_jetpack_newsletter_access":"","_jetpack_dont_email_post_to_subs":false,"_jetpack_newsletter_tier_id":0,"_jetpack_memberships_contains_paywalled_content":false,"_jetpack_memberships_contains_paid_content":false,"footnotes":""},"categories":[103,43,3333],"tags":[],"class_list":["post-85154","post","type-post","status-publish","format-standard","has-post-thumbnail","hentry","category-asufin-comunicados","category-asufin-destacado","category-educacion-financiera"],"acf":[],"jetpack_featured_media_url":"https:\/\/i0.wp.com\/staging.asufin.com\/staging\/wp-content\/uploads\/2022\/02\/reunion_Tesoro_medidas_exclusion_bancaria-scaled.jpeg?fit=2560%2C1707&ssl=1","jetpack_shortlink":"https:\/\/wp.me\/peayLa-m9s","jetpack_likes_enabled":false,"jetpack_sharing_enabled":true,"_links":{"self":[{"href":"https:\/\/staging.asufin.com\/staging\/wp-json\/wp\/v2\/posts\/85154","targetHints":{"allow":["GET"]}}],"collection":[{"href":"https:\/\/staging.asufin.com\/staging\/wp-json\/wp\/v2\/posts"}],"about":[{"href":"https:\/\/staging.asufin.com\/staging\/wp-json\/wp\/v2\/types\/post"}],"author":[{"embeddable":true,"href":"https:\/\/staging.asufin.com\/staging\/wp-json\/wp\/v2\/users\/279"}],"replies":[{"embeddable":true,"href":"https:\/\/staging.asufin.com\/staging\/wp-json\/wp\/v2\/comments?post=85154"}],"version-history":[{"count":13,"href":"https:\/\/staging.asufin.com\/staging\/wp-json\/wp\/v2\/posts\/85154\/revisions"}],"predecessor-version":[{"id":85494,"href":"https:\/\/staging.asufin.com\/staging\/wp-json\/wp\/v2\/posts\/85154\/revisions\/85494"}],"wp:featuredmedia":[{"embeddable":true,"href":"https:\/\/staging.asufin.com\/staging\/wp-json\/wp\/v2\/media\/85160"}],"wp:attachment":[{"href":"https:\/\/staging.asufin.com\/staging\/wp-json\/wp\/v2\/media?parent=85154"}],"wp:term":[{"taxonomy":"category","embeddable":true,"href":"https:\/\/staging.asufin.com\/staging\/wp-json\/wp\/v2\/categories?post=85154"},{"taxonomy":"post_tag","embeddable":true,"href":"https:\/\/staging.asufin.com\/staging\/wp-json\/wp\/v2\/tags?post=85154"}],"curies":[{"name":"wp","href":"https:\/\/api.w.org\/{rel}","templated":true}]}}