{"id":86107,"date":"2022-02-21T14:00:25","date_gmt":"2022-02-21T14:00:25","guid":{"rendered":"https:\/\/www.asufin.com\/?p=86107"},"modified":"2022-03-14T17:14:32","modified_gmt":"2022-03-14T17:14:32","slug":"valoramos-el-paso-adelante-dado-con-el-protocolo-bancario-pero-estaremos-vigilantes","status":"publish","type":"post","link":"https:\/\/staging.asufin.com\/staging\/valoramos-el-paso-adelante-dado-con-el-protocolo-bancario-pero-estaremos-vigilantes\/","title":{"rendered":"En ASUFIN nos reunimos con el Ministerio de Econom\u00eda para conocer los detalles del nuevo protocolo bancario"},"content":{"rendered":"\t\t<div data-elementor-type=\"wp-post\" data-elementor-id=\"86107\" class=\"elementor elementor-86107\">\n\t\t\t\t\t\t<section class=\"elementor-section elementor-top-section elementor-element elementor-element-b565eb4 elementor-section-boxed elementor-section-height-default elementor-section-height-default\" data-id=\"b565eb4\" data-element_type=\"section\">\n\t\t\t\t\t\t<div class=\"elementor-container elementor-column-gap-default\">\n\t\t\t\t\t<div class=\"elementor-column elementor-col-100 elementor-top-column elementor-element elementor-element-2cd1de5\" data-id=\"2cd1de5\" data-element_type=\"column\">\n\t\t\t<div class=\"elementor-widget-wrap elementor-element-populated\">\n\t\t\t\t\t\t<div class=\"elementor-element elementor-element-551f57a elementor-widget elementor-widget-text-editor\" data-id=\"551f57a\" data-element_type=\"widget\" data-widget_type=\"text-editor.default\">\n\t\t\t\t<div class=\"elementor-widget-container\">\n\t\t\t\t\t\t\t\t\t<h4>Adem\u00e1s del protocolo bancario, valoramos que se active la Autoridad en Defensa del Cliente, una\u00a0 aspiraci\u00f3n largamente demandada por ASUFIN, para poner coto a las malas pr\u00e1cticas y evitar el calvario judicial a los afectados<\/h4>\t\t\t\t\t\t\t\t<\/div>\n\t\t\t\t<\/div>\n\t\t\t\t\t<\/div>\n\t\t<\/div>\n\t\t\t\t\t<\/div>\n\t\t<\/section>\n\t\t\t\t<section class=\"elementor-section elementor-top-section elementor-element elementor-element-f601ac1 elementor-section-boxed elementor-section-height-default elementor-section-height-default\" data-id=\"f601ac1\" data-element_type=\"section\">\n\t\t\t\t\t\t<div class=\"elementor-container elementor-column-gap-default\">\n\t\t\t\t\t<div class=\"elementor-column elementor-col-100 elementor-top-column elementor-element elementor-element-c253d0c\" data-id=\"c253d0c\" data-element_type=\"column\">\n\t\t\t<div class=\"elementor-widget-wrap elementor-element-populated\">\n\t\t\t\t\t\t<div class=\"elementor-element elementor-element-ea70162 elementor-widget elementor-widget-text-editor\" data-id=\"ea70162\" data-element_type=\"widget\" data-widget_type=\"text-editor.default\">\n\t\t\t\t<div class=\"elementor-widget-container\">\n\t\t\t\t\t\t\t\t\t<p>Patricia Su\u00e1rez, presidenta de ASUFIN, ofreci\u00f3 su valoraci\u00f3n hoy, en la sede del Ministerio de Asuntos Econ\u00f3micos y Transformaci\u00f3n Digital, de la actualizaci\u00f3n del <strong>protocolo bancario<\/strong> para frenar la exclusi\u00f3n financiera, <strong>tras mantener una reuni\u00f3n previa con la vicepresidenta primera del Gobierno y ministra de Asuntos Econ\u00f3micos y Transformaci\u00f3n Digital, Nadia Calvi\u00f1o, y su equipo<\/strong>, en la que tambi\u00e9n estuvieron presentes Carlos San Juan, el impulsor de la campa\u00f1a en Change.org \u201csoy mayor, no idiota\u201d, y la Plataforma de Mayores y Pensionistas.<\/p><p>En concreto, destac\u00f3 uno de los anuncios realizados en dicha reuni\u00f3n, el impulso definitivo que se le dar\u00e1 por fin a la <a href=\"https:\/\/staging.asufin.com\/staging\/irph-y-revolving-asufin-exige-la-creacion-de-una-autoridad-bancaria-independiente\/\" target=\"_blank\" rel=\"noopener\">Autoridad de Defensa del Cliente Financiero<\/a>. \u201c<strong>Ya era hora de que este proyecto, sucesivamente aparcado por los distintos ministerios, vaya a ser una realidad<\/strong>; solo esperamos que la condici\u00f3n esencial de independencia se cumpla para que sirva realmente a los usuarios\u201d, recalc\u00f3 Su\u00e1rez.<\/p>\t\t\t\t\t\t\t\t<\/div>\n\t\t\t\t<\/div>\n\t\t\t\t\t<\/div>\n\t\t<\/div>\n\t\t\t\t\t<\/div>\n\t\t<\/section>\n\t\t\t\t<section class=\"elementor-section elementor-top-section elementor-element elementor-element-99e3361 elementor-section-boxed elementor-section-height-default elementor-section-height-default\" data-id=\"99e3361\" data-element_type=\"section\">\n\t\t\t\t\t\t<div class=\"elementor-container elementor-column-gap-default\">\n\t\t\t\t\t<div class=\"elementor-column elementor-col-100 elementor-top-column elementor-element elementor-element-bb1e7e8\" data-id=\"bb1e7e8\" data-element_type=\"column\">\n\t\t\t<div class=\"elementor-widget-wrap elementor-element-populated\">\n\t\t\t\t\t\t<div class=\"elementor-element elementor-element-9d582cd elementor-widget elementor-widget-text-editor\" data-id=\"9d582cd\" data-element_type=\"widget\" data-widget_type=\"text-editor.default\">\n\t\t\t\t<div class=\"elementor-widget-container\">\n\t\t\t\t\t\t\t\t\t<h5><a href=\"https:\/\/youtu.be\/D8Gw_zeMC_o\" target=\"_blank\" rel=\"noopener\">Vuelve a ver nuestro consultorio en el que resolveremos tus dudas sobre plusval\u00eda, el retraso judicial y mucho m\u00e1s<\/a><\/h5>\t\t\t\t\t\t\t\t<\/div>\n\t\t\t\t<\/div>\n\t\t\t\t\t<\/div>\n\t\t<\/div>\n\t\t\t\t\t<\/div>\n\t\t<\/section>\n\t\t\t\t<section class=\"elementor-section elementor-top-section elementor-element elementor-element-5becf49 elementor-section-boxed elementor-section-height-default elementor-section-height-default\" data-id=\"5becf49\" data-element_type=\"section\">\n\t\t\t\t\t\t<div class=\"elementor-container elementor-column-gap-default\">\n\t\t\t\t\t<div class=\"elementor-column elementor-col-100 elementor-top-column elementor-element elementor-element-c5cc96e\" data-id=\"c5cc96e\" data-element_type=\"column\">\n\t\t\t<div class=\"elementor-widget-wrap elementor-element-populated\">\n\t\t\t\t\t\t<div class=\"elementor-element elementor-element-688c314 elementor-widget elementor-widget-text-editor\" data-id=\"688c314\" data-element_type=\"widget\" data-widget_type=\"text-editor.default\">\n\t\t\t\t<div class=\"elementor-widget-container\">\n\t\t\t\t\t\t\t\t\t<p>Tambi\u00e9n valor\u00f3 positivamente el<a href=\"https:\/\/www.aebanca.es\/noticias\/notas-de-prensa\/la-banca-refuerza-la-atencion-personalizada-a-las-personas-mayores-con-nuevas-medidas\/\" target=\"_blank\" rel=\"noopener\"> resto de las medidas anunciadas<\/a>, \u201cpero a partir de este momento, <strong>toca estar vigilantes para que se implementen de forma adecuada<\/strong>\u201d. A este respecto, se refiri\u00f3 a la creaci\u00f3n del Observatorio para la Inclusi\u00f3n Financiera: \u201cNos gustar\u00eda que, adem\u00e1s de un \u00f3rgano de supervisi\u00f3n por parte de los mismos que est\u00e1n obligados, tuviera un car\u00e1cter m\u00e1s amplio y permitiera tener <strong>la participaci\u00f3n de los reguladores, adem\u00e1s de los propios consumidores financieros<\/strong>, que somos los que tenemos que fiscalizar el grado de cumplimiento de los compromisos\u201d.<\/p>\t\t\t\t\t\t\t\t<\/div>\n\t\t\t\t<\/div>\n\t\t\t\t\t<\/div>\n\t\t<\/div>\n\t\t\t\t\t<\/div>\n\t\t<\/section>\n\t\t\t\t<section class=\"elementor-section elementor-top-section elementor-element elementor-element-3427f4a elementor-section-boxed elementor-section-height-default elementor-section-height-default\" data-id=\"3427f4a\" data-element_type=\"section\">\n\t\t\t\t\t\t<div class=\"elementor-container elementor-column-gap-default\">\n\t\t\t\t\t<div class=\"elementor-column elementor-col-100 elementor-top-column elementor-element elementor-element-8d2ee9a\" data-id=\"8d2ee9a\" data-element_type=\"column\">\n\t\t\t<div class=\"elementor-widget-wrap elementor-element-populated\">\n\t\t\t\t\t\t<div class=\"elementor-element elementor-element-560c4f5 elementor-widget elementor-widget-image\" data-id=\"560c4f5\" data-element_type=\"widget\" data-widget_type=\"image.default\">\n\t\t\t\t<div class=\"elementor-widget-container\">\n\t\t\t\t\t\t\t\t\t\t\t\t\t\t\t<img fetchpriority=\"high\" decoding=\"async\" data-attachment-id=\"86109\" data-permalink=\"https:\/\/staging.asufin.com\/staging\/valoramos-el-paso-adelante-dado-con-el-protocolo-bancario-pero-estaremos-vigilantes\/reunion-en-el-ministerio_2\/\" data-orig-file=\"https:\/\/i0.wp.com\/staging.asufin.com\/staging\/wp-content\/uploads\/2022\/02\/Reunio%CC%81n-en-el-ministerio_2.jpeg?fit=1024%2C768&amp;ssl=1\" data-orig-size=\"1024,768\" data-comments-opened=\"1\" data-image-meta=\"{&quot;aperture&quot;:&quot;0&quot;,&quot;credit&quot;:&quot;&quot;,&quot;camera&quot;:&quot;&quot;,&quot;caption&quot;:&quot;&quot;,&quot;created_timestamp&quot;:&quot;0&quot;,&quot;copyright&quot;:&quot;&quot;,&quot;focal_length&quot;:&quot;0&quot;,&quot;iso&quot;:&quot;0&quot;,&quot;shutter_speed&quot;:&quot;0&quot;,&quot;title&quot;:&quot;&quot;,&quot;orientation&quot;:&quot;0&quot;}\" data-image-title=\"reunion_ministerio_economia_protocolo\" data-image-description=\"&lt;p&gt;Reuni\u00f3n mantenida en el ministerio de Econom\u00eda previa a la firma del protocolo bancario &lt;\/p&gt;\n\" data-image-caption=\"&lt;p&gt;Reuni\u00f3n mantenida en el ministerio de Econom\u00eda previa a la firma del protocolo bancario &lt;\/p&gt;\n\" data-large-file=\"https:\/\/i0.wp.com\/staging.asufin.com\/staging\/wp-content\/uploads\/2022\/02\/Reunio%CC%81n-en-el-ministerio_2.jpeg?fit=800%2C600&amp;ssl=1\" width=\"800\" height=\"600\" src=\"https:\/\/i0.wp.com\/staging.asufin.com\/staging\/wp-content\/uploads\/2022\/02\/Reunio%CC%81n-en-el-ministerio_2.jpeg?fit=800%2C600&amp;ssl=1\" class=\"attachment-large size-large wp-image-86109\" alt=\"reunion_ministerio_economia_protocolo\" title=\"\">\t\t\t\t\t\t\t\t\t\t\t\t\t\t\t<\/div>\n\t\t\t\t<\/div>\n\t\t\t\t\t<\/div>\n\t\t<\/div>\n\t\t\t\t\t<\/div>\n\t\t<\/section>\n\t\t\t\t<section class=\"elementor-section elementor-top-section elementor-element elementor-element-d80c96d elementor-section-boxed elementor-section-height-default elementor-section-height-default\" data-id=\"d80c96d\" data-element_type=\"section\">\n\t\t\t\t\t\t<div class=\"elementor-container elementor-column-gap-default\">\n\t\t\t\t\t<div class=\"elementor-column elementor-col-100 elementor-top-column elementor-element elementor-element-213ef05\" data-id=\"213ef05\" data-element_type=\"column\">\n\t\t\t<div class=\"elementor-widget-wrap elementor-element-populated\">\n\t\t\t\t\t\t<div class=\"elementor-element elementor-element-ae36ac6 elementor-widget elementor-widget-image\" data-id=\"ae36ac6\" data-element_type=\"widget\" data-widget_type=\"image.default\">\n\t\t\t\t<div class=\"elementor-widget-container\">\n\t\t\t\t\t\t\t\t\t\t\t\t\t\t\t<img decoding=\"async\" data-attachment-id=\"86110\" data-permalink=\"https:\/\/staging.asufin.com\/staging\/valoramos-el-paso-adelante-dado-con-el-protocolo-bancario-pero-estaremos-vigilantes\/patricia-suarez_carlos-san-juan\/\" data-orig-file=\"https:\/\/i0.wp.com\/staging.asufin.com\/staging\/wp-content\/uploads\/2022\/02\/Patricia-Suarez_Carlos-San-Juan.jpeg?fit=2048%2C1536&amp;ssl=1\" data-orig-size=\"2048,1536\" data-comments-opened=\"1\" data-image-meta=\"{&quot;aperture&quot;:&quot;0&quot;,&quot;credit&quot;:&quot;&quot;,&quot;camera&quot;:&quot;&quot;,&quot;caption&quot;:&quot;&quot;,&quot;created_timestamp&quot;:&quot;0&quot;,&quot;copyright&quot;:&quot;&quot;,&quot;focal_length&quot;:&quot;0&quot;,&quot;iso&quot;:&quot;0&quot;,&quot;shutter_speed&quot;:&quot;0&quot;,&quot;title&quot;:&quot;&quot;,&quot;orientation&quot;:&quot;0&quot;}\" data-image-title=\"Patricia Suarez_Carlos San Juan\" data-image-description=\"\" data-image-caption=\"&lt;p&gt;Patricia Su\u00e1rez, en compa\u00f1\u00eda de Carlos San Juan&lt;\/p&gt;\n\" data-large-file=\"https:\/\/i0.wp.com\/staging.asufin.com\/staging\/wp-content\/uploads\/2022\/02\/Patricia-Suarez_Carlos-San-Juan.jpeg?fit=800%2C600&amp;ssl=1\" width=\"800\" height=\"600\" src=\"https:\/\/i0.wp.com\/staging.asufin.com\/staging\/wp-content\/uploads\/2022\/02\/Patricia-Suarez_Carlos-San-Juan.jpeg?fit=800%2C600&amp;ssl=1\" class=\"attachment-large size-large wp-image-86110\" alt=\"Patricia_Suarez_Carlos_San_Juan\" srcset=\"https:\/\/i0.wp.com\/staging.asufin.com\/staging\/wp-content\/uploads\/2022\/02\/Patricia-Suarez_Carlos-San-Juan.jpeg?w=2048&amp;ssl=1 2048w, https:\/\/i0.wp.com\/staging.asufin.com\/staging\/wp-content\/uploads\/2022\/02\/Patricia-Suarez_Carlos-San-Juan.jpeg?resize=300%2C225&amp;ssl=1 300w, https:\/\/i0.wp.com\/staging.asufin.com\/staging\/wp-content\/uploads\/2022\/02\/Patricia-Suarez_Carlos-San-Juan.jpeg?resize=1024%2C768&amp;ssl=1 1024w, https:\/\/i0.wp.com\/staging.asufin.com\/staging\/wp-content\/uploads\/2022\/02\/Patricia-Suarez_Carlos-San-Juan.jpeg?resize=768%2C576&amp;ssl=1 768w, https:\/\/i0.wp.com\/staging.asufin.com\/staging\/wp-content\/uploads\/2022\/02\/Patricia-Suarez_Carlos-San-Juan.jpeg?resize=1536%2C1152&amp;ssl=1 1536w, https:\/\/i0.wp.com\/staging.asufin.com\/staging\/wp-content\/uploads\/2022\/02\/Patricia-Suarez_Carlos-San-Juan.jpeg?w=1600&amp;ssl=1 1600w\" sizes=\"(max-width: 800px) 100vw, 800px\" title=\"\">\t\t\t\t\t\t\t\t\t\t\t\t\t\t\t<\/div>\n\t\t\t\t<\/div>\n\t\t\t\t\t<\/div>\n\t\t<\/div>\n\t\t\t\t\t<\/div>\n\t\t<\/section>\n\t\t\t\t<\/div>\n\t\t","protected":false},"excerpt":{"rendered":"<p>Patricia Su\u00e1rez considera positivo el protocolo bancario pero avisa de que nos mantendremos vigilantes, tras la reuni\u00f3n mantenida en el Ministerio de Asuntos Econ\u00f3micos y Transformaci\u00f3n Digital <\/p>\n","protected":false},"author":279,"featured_media":86115,"comment_status":"open","ping_status":"closed","sticky":false,"template":"","format":"standard","meta":{"_acf_changed":false,"_jetpack_newsletter_access":"","_jetpack_dont_email_post_to_subs":false,"_jetpack_newsletter_tier_id":0,"_jetpack_memberships_contains_paywalled_content":false,"_jetpack_memberships_contains_paid_content":false,"footnotes":""},"categories":[103,43,80,3333],"tags":[],"class_list":["post-86107","post","type-post","status-publish","format-standard","has-post-thumbnail","hentry","category-asufin-comunicados","category-asufin-destacado","category-banco-de-espana","category-educacion-financiera"],"acf":[],"jetpack_featured_media_url":"https:\/\/i0.wp.com\/staging.asufin.com\/staging\/wp-content\/uploads\/2022\/02\/reunion_ministerio_protocolo_banca-scaled.jpg?fit=2560%2C1313&ssl=1","jetpack_shortlink":"https:\/\/wp.me\/peayLa-moP","jetpack_likes_enabled":false,"jetpack_sharing_enabled":true,"_links":{"self":[{"href":"https:\/\/staging.asufin.com\/staging\/wp-json\/wp\/v2\/posts\/86107","targetHints":{"allow":["GET"]}}],"collection":[{"href":"https:\/\/staging.asufin.com\/staging\/wp-json\/wp\/v2\/posts"}],"about":[{"href":"https:\/\/staging.asufin.com\/staging\/wp-json\/wp\/v2\/types\/post"}],"author":[{"embeddable":true,"href":"https:\/\/staging.asufin.com\/staging\/wp-json\/wp\/v2\/users\/279"}],"replies":[{"embeddable":true,"href":"https:\/\/staging.asufin.com\/staging\/wp-json\/wp\/v2\/comments?post=86107"}],"version-history":[{"count":15,"href":"https:\/\/staging.asufin.com\/staging\/wp-json\/wp\/v2\/posts\/86107\/revisions"}],"predecessor-version":[{"id":90286,"href":"https:\/\/staging.asufin.com\/staging\/wp-json\/wp\/v2\/posts\/86107\/revisions\/90286"}],"wp:featuredmedia":[{"embeddable":true,"href":"https:\/\/staging.asufin.com\/staging\/wp-json\/wp\/v2\/media\/86115"}],"wp:attachment":[{"href":"https:\/\/staging.asufin.com\/staging\/wp-json\/wp\/v2\/media?parent=86107"}],"wp:term":[{"taxonomy":"category","embeddable":true,"href":"https:\/\/staging.asufin.com\/staging\/wp-json\/wp\/v2\/categories?post=86107"},{"taxonomy":"post_tag","embeddable":true,"href":"https:\/\/staging.asufin.com\/staging\/wp-json\/wp\/v2\/tags?post=86107"}],"curies":[{"name":"wp","href":"https:\/\/api.w.org\/{rel}","templated":true}]}}