{"id":97501,"date":"2022-04-28T11:14:56","date_gmt":"2022-04-28T11:14:56","guid":{"rendered":"https:\/\/www.asufin.com\/?p=97501"},"modified":"2022-04-28T11:14:58","modified_gmt":"2022-04-28T11:14:58","slug":"pedimos-al-gobierno-que-reforme-la-factura-de-luz","status":"publish","type":"post","link":"https:\/\/staging.asufin.com\/staging\/pedimos-al-gobierno-que-reforme-la-factura-de-luz\/","title":{"rendered":"El acuerdo alcanzado es un parche; exigimos al Gobierno reformar la factura de la luz para dar estabilidad"},"content":{"rendered":"\t\t<div data-elementor-type=\"wp-post\" data-elementor-id=\"97501\" class=\"elementor elementor-97501\">\n\t\t\t\t\t\t<section class=\"elementor-section elementor-top-section elementor-element elementor-element-4e0f669 elementor-section-boxed elementor-section-height-default elementor-section-height-default\" data-id=\"4e0f669\" data-element_type=\"section\">\n\t\t\t\t\t\t<div class=\"elementor-container elementor-column-gap-default\">\n\t\t\t\t\t<div class=\"elementor-column elementor-col-100 elementor-top-column elementor-element elementor-element-a65ec85\" data-id=\"a65ec85\" data-element_type=\"column\">\n\t\t\t<div class=\"elementor-widget-wrap elementor-element-populated\">\n\t\t\t\t\t\t<div class=\"elementor-element elementor-element-1a2a7c9 elementor-widget elementor-widget-text-editor\" data-id=\"1a2a7c9\" data-element_type=\"widget\" data-widget_type=\"text-editor.default\">\n\t\t\t\t<div class=\"elementor-widget-container\">\n\t\t\t\t\t\t\t\t\t<h4>Con otra factura de la luz, como pasa en pa\u00edses de nuestro entorno, tendr\u00edamos precios m\u00e1s estables, predecibles y no sometidos a los vaivenes del mercado del gas y petr\u00f3leo ni a cargas ajenas al propio sistema el\u00e9ctrico<\/h4>\t\t\t\t\t\t\t\t<\/div>\n\t\t\t\t<\/div>\n\t\t\t\t\t<\/div>\n\t\t<\/div>\n\t\t\t\t\t<\/div>\n\t\t<\/section>\n\t\t\t\t<section class=\"elementor-section elementor-top-section elementor-element elementor-element-2494539 elementor-section-boxed elementor-section-height-default elementor-section-height-default\" data-id=\"2494539\" data-element_type=\"section\">\n\t\t\t\t\t\t<div class=\"elementor-container elementor-column-gap-default\">\n\t\t\t\t\t<div class=\"elementor-column elementor-col-100 elementor-top-column elementor-element elementor-element-b9942b0\" data-id=\"b9942b0\" data-element_type=\"column\">\n\t\t\t<div class=\"elementor-widget-wrap elementor-element-populated\">\n\t\t\t\t\t\t<div class=\"elementor-element elementor-element-9a5087c elementor-widget elementor-widget-text-editor\" data-id=\"9a5087c\" data-element_type=\"widget\" data-widget_type=\"text-editor.default\">\n\t\t\t\t<div class=\"elementor-widget-container\">\n\t\t\t\t\t\t\t\t\t<p>Otra factura de la luz es posible. <strong>Una factura que tenga precios m\u00e1s estables para el consumidor, m\u00e1s predecibles y, sobre todo, separados del mercado el\u00e9ctrico<\/strong>, que act\u00faa con las fluctuaciones e inestabilidad de un mercado financiero. Proponemos al Gobierno reformar la factura de la luz para contener de manera real los precios, frente a la soluci\u00f3n adoptada que vemos como un mero parche.<\/p><p>Mientras el PVPC (precio regulado) se fije en atenci\u00f3n al mercado mayorista -que es lo m\u00e1s parecido que existe al mercado de valores- no solucionaremos el problema del precio energ\u00e9tico; es m\u00e1s, en ning\u00fan pa\u00eds europeo se hace as\u00ed. <strong>Nuestra regulaci\u00f3n de precios genera una distorsi\u00f3n competencial<\/strong> entre el mercado libre y el regulado, tal y como mantienen desde la propia Comisi\u00f3n Europea y <a href=\"https:\/\/european-union.europa.eu\/institutions-law-budget\/institutions-and-bodies\/institutions-and-bodies-profiles\/agency-cooperation-energy-regulators-acer_es\" target=\"_blank\" rel=\"noopener\">la agencia europea ACER<\/a>.<\/p><p>Desde ASUFIN no abogamos por reformar el mercado el\u00e9ctrico, sino de <strong>actuar en los m\u00e9todos de formaci\u00f3n de los precios<\/strong>. Apostamos por sistemas transparentes, estables y no sometidos ni a los vaivenes del gas y el petr\u00f3leo ni a cargas ajenas al propio sistema el\u00e9ctrico.<\/p>\t\t\t\t\t\t\t\t<\/div>\n\t\t\t\t<\/div>\n\t\t\t\t\t<\/div>\n\t\t<\/div>\n\t\t\t\t\t<\/div>\n\t\t<\/section>\n\t\t\t\t<section class=\"elementor-section elementor-top-section elementor-element elementor-element-7246683 elementor-section-boxed elementor-section-height-default elementor-section-height-default\" data-id=\"7246683\" data-element_type=\"section\">\n\t\t\t\t\t\t<div class=\"elementor-container elementor-column-gap-default\">\n\t\t\t\t\t<div class=\"elementor-column elementor-col-100 elementor-top-column elementor-element elementor-element-5374c1e\" data-id=\"5374c1e\" data-element_type=\"column\">\n\t\t\t<div class=\"elementor-widget-wrap elementor-element-populated\">\n\t\t\t\t\t\t<div class=\"elementor-element elementor-element-01b80bf elementor-widget elementor-widget-text-editor\" data-id=\"01b80bf\" data-element_type=\"widget\" data-widget_type=\"text-editor.default\">\n\t\t\t\t<div class=\"elementor-widget-container\">\n\t\t\t\t\t\t\t\t\t<h5><a href=\"https:\/\/panel.asufin.com\/archivos\/pdf\/INFOGRAFI\u0301A_ECO_ASUFIN_REHABILITACION_SOSTENIBLE_2021.pdf\" target=\"_blank\" rel=\"noopener\">\u00bfTe preocupa el gasto energ\u00e9tico? En nuestra \u00e1rea de Finanzas verdes tienes m\u00e1s info<\/a><\/h5>\t\t\t\t\t\t\t\t<\/div>\n\t\t\t\t<\/div>\n\t\t\t\t\t<\/div>\n\t\t<\/div>\n\t\t\t\t\t<\/div>\n\t\t<\/section>\n\t\t\t\t<section class=\"elementor-section elementor-top-section elementor-element elementor-element-485985b elementor-section-boxed elementor-section-height-default elementor-section-height-default\" data-id=\"485985b\" data-element_type=\"section\">\n\t\t\t\t\t\t<div class=\"elementor-container elementor-column-gap-default\">\n\t\t\t\t\t<div class=\"elementor-column elementor-col-100 elementor-top-column elementor-element elementor-element-e13e815\" data-id=\"e13e815\" data-element_type=\"column\">\n\t\t\t<div class=\"elementor-widget-wrap elementor-element-populated\">\n\t\t\t\t\t\t<div class=\"elementor-element elementor-element-698ba8b elementor-widget elementor-widget-text-editor\" data-id=\"698ba8b\" data-element_type=\"widget\" data-widget_type=\"text-editor.default\">\n\t\t\t\t<div class=\"elementor-widget-container\">\n\t\t\t\t\t\t\t\t\t<p>M\u00e1s all\u00e1 de soluciones parciales y transitorias, es necesario establecer <strong>una factura energ\u00e9tica basada en pagar solo por el uso de la red y por la energ\u00eda<\/strong>, con factores correctores de estabilizaci\u00f3n, eso s\u00ed, que son habituales como en el caso del Euribor, en el \u00e1mbito hipotecario. Al tiempo, es necesario asegurar compromisos de larga duraci\u00f3n mediante subastas de producci\u00f3n de energ\u00eda que garanticen precios estables y baratos a todos los consumidores.<\/p><p>El consumidor financiero necesita estabilidad en un bien de primera necesidad, como es la energ\u00eda. <strong>En ASUFIN estamos a tu lado.<\/strong><\/p>\t\t\t\t\t\t\t\t<\/div>\n\t\t\t\t<\/div>\n\t\t\t\t\t<\/div>\n\t\t<\/div>\n\t\t\t\t\t<\/div>\n\t\t<\/section>\n\t\t\t\t<\/div>\n\t\t","protected":false},"excerpt":{"rendered":"<p>Con otra factura de la luz, como ocurre en pa\u00edses de nuestro entorno, tendr\u00edamos precios m\u00e1s estables, predecibles y no sometidos a los vaivenes del mercado <\/p>\n","protected":false},"author":279,"featured_media":97517,"comment_status":"open","ping_status":"closed","sticky":false,"template":"","format":"standard","meta":{"_acf_changed":false,"_jetpack_newsletter_access":"","_jetpack_dont_email_post_to_subs":false,"_jetpack_newsletter_tier_id":0,"_jetpack_memberships_contains_paywalled_content":false,"_jetpack_memberships_contains_paid_content":false,"footnotes":""},"categories":[103,43,2740,7385],"tags":[],"class_list":["post-97501","post","type-post","status-publish","format-standard","has-post-thumbnail","hentry","category-asufin-comunicados","category-asufin-destacado","category-cnmc","category-sostenibilidad"],"acf":[],"jetpack_featured_media_url":"https:\/\/i0.wp.com\/staging.asufin.com\/staging\/wp-content\/uploads\/2022\/04\/factura-de-la-luz-pedimos-reforma-gobierno.jpeg?fit=1500%2C1001&ssl=1","jetpack_shortlink":"https:\/\/wp.me\/peayLa-pmB","jetpack_likes_enabled":false,"jetpack_sharing_enabled":true,"_links":{"self":[{"href":"https:\/\/staging.asufin.com\/staging\/wp-json\/wp\/v2\/posts\/97501","targetHints":{"allow":["GET"]}}],"collection":[{"href":"https:\/\/staging.asufin.com\/staging\/wp-json\/wp\/v2\/posts"}],"about":[{"href":"https:\/\/staging.asufin.com\/staging\/wp-json\/wp\/v2\/types\/post"}],"author":[{"embeddable":true,"href":"https:\/\/staging.asufin.com\/staging\/wp-json\/wp\/v2\/users\/279"}],"replies":[{"embeddable":true,"href":"https:\/\/staging.asufin.com\/staging\/wp-json\/wp\/v2\/comments?post=97501"}],"version-history":[{"count":13,"href":"https:\/\/staging.asufin.com\/staging\/wp-json\/wp\/v2\/posts\/97501\/revisions"}],"predecessor-version":[{"id":97521,"href":"https:\/\/staging.asufin.com\/staging\/wp-json\/wp\/v2\/posts\/97501\/revisions\/97521"}],"wp:featuredmedia":[{"embeddable":true,"href":"https:\/\/staging.asufin.com\/staging\/wp-json\/wp\/v2\/media\/97517"}],"wp:attachment":[{"href":"https:\/\/staging.asufin.com\/staging\/wp-json\/wp\/v2\/media?parent=97501"}],"wp:term":[{"taxonomy":"category","embeddable":true,"href":"https:\/\/staging.asufin.com\/staging\/wp-json\/wp\/v2\/categories?post=97501"},{"taxonomy":"post_tag","embeddable":true,"href":"https:\/\/staging.asufin.com\/staging\/wp-json\/wp\/v2\/tags?post=97501"}],"curies":[{"name":"wp","href":"https:\/\/api.w.org\/{rel}","templated":true}]}}