{"id":99897,"date":"2022-05-19T08:00:00","date_gmt":"2022-05-19T08:00:00","guid":{"rendered":"https:\/\/www.asufin.com\/?p=99897"},"modified":"2022-05-19T07:28:04","modified_gmt":"2022-05-19T07:28:04","slug":"ahorra-en-aire-acondicionado-3-consejos","status":"publish","type":"post","link":"https:\/\/staging.asufin.com\/staging\/ahorra-en-aire-acondicionado-3-consejos\/","title":{"rendered":"Ahorra en aire acondicionado con estos 3 consejos"},"content":{"rendered":"\t\t<div data-elementor-type=\"wp-post\" data-elementor-id=\"99897\" class=\"elementor elementor-99897\">\n\t\t\t\t\t\t<section class=\"elementor-section elementor-top-section elementor-element elementor-element-071646e elementor-section-boxed elementor-section-height-default elementor-section-height-default\" data-id=\"071646e\" data-element_type=\"section\">\n\t\t\t\t\t\t<div class=\"elementor-container elementor-column-gap-default\">\n\t\t\t\t\t<div class=\"elementor-column elementor-col-100 elementor-top-column elementor-element elementor-element-e934013\" data-id=\"e934013\" data-element_type=\"column\">\n\t\t\t<div class=\"elementor-widget-wrap elementor-element-populated\">\n\t\t\t\t\t\t<div class=\"elementor-element elementor-element-ef3f780 elementor-widget elementor-widget-text-editor\" data-id=\"ef3f780\" data-element_type=\"widget\" data-widget_type=\"text-editor.default\">\n\t\t\t\t<div class=\"elementor-widget-container\">\n\t\t\t\t\t\t\t\t\t<h5>Desde ASUFIN te damos los 3 mejores consejos para ahorrar en aire acondicionado este verano sin pasar calor<\/h5>\t\t\t\t\t\t\t\t<\/div>\n\t\t\t\t<\/div>\n\t\t\t\t<div class=\"elementor-element elementor-element-017614a elementor-widget elementor-widget-text-editor\" data-id=\"017614a\" data-element_type=\"widget\" data-widget_type=\"text-editor.default\">\n\t\t\t\t<div class=\"elementor-widget-container\">\n\t\t\t\t\t\t\t\t\t<p>Con la llegada del buen tiempo y el calor vuelve el aire acondicionado a nuestras vidas, y aunque es un aparato que consume mucha energ\u00eda y aumenta notablemente nuestra factura de la luz, preferimos estar a una buena temperatura en nuestro hogar que ahorrar. Pero<strong>, desde ASUFIN te damos los 3 mejores consejos para ahorrar en tu factura de la luz sin pasar calor este verano.<\/strong><\/p><p><strong>1. Mantenimiento<\/strong><\/p><p>Al ser un electrodom\u00e9stico que usamos solo en los meses m\u00e1s calurosos del a\u00f1o pasa mucho tiempo en desuso, por ello, te recomendamos que<strong> te asegures de que funciona correctamente antes de usarlo.<\/strong> Adem\u00e1s, recuerda que debes de limpiar los filtros al menos una vez al a\u00f1o.\u00a0<\/p>\t\t\t\t\t\t\t\t<\/div>\n\t\t\t\t<\/div>\n\t\t\t\t<div class=\"elementor-element elementor-element-3e4097f elementor-widget elementor-widget-text-editor\" data-id=\"3e4097f\" data-element_type=\"widget\" data-widget_type=\"text-editor.default\">\n\t\t\t\t<div class=\"elementor-widget-container\">\n\t\t\t\t\t\t\t\t\t<h5><a href=\"https:\/\/panel.asufin.com\/archivos\/pdf\/INFOGRAFI%CC%81A_ECO_ASUFIN_REHABILITACION_SOSTENIBLE_2021.pdf\" target=\"_blank\" rel=\"noopener\">En tu \u00e1rea privada de socio puedes descargar nuestra infograf\u00eda sobre rehabilitaci\u00f3n sostenible<\/a><\/h5>\t\t\t\t\t\t\t\t<\/div>\n\t\t\t\t<\/div>\n\t\t\t\t<div class=\"elementor-element elementor-element-730da4f elementor-widget elementor-widget-text-editor\" data-id=\"730da4f\" data-element_type=\"widget\" data-widget_type=\"text-editor.default\">\n\t\t\t\t<div class=\"elementor-widget-container\">\n\t\t\t\t\t\t\t\t\t<p><strong>2. Temperatura<\/strong><\/p>\n<p>Es aconsejable<strong> mantener una temperatura media de entre 19 y 23 grados, <\/strong>y que la diferencia entre la temperatura fuera y dentro no sea superior a 12\u00baC. M\u00e1s all\u00e1 de estos par\u00e1metros el consumo se disparar\u00e1 y aumentar\u00e1 tu factura de la luz hasta un 10%. Adem\u00e1s, te aconsejamos no mantener el aire acondicionado encendido durante la noche.<\/p>\n<p><strong>3. ECOLABEL<\/strong><\/p>\n<p>A la hora de comprar es importante que el dispositivo cuente con la etiqueta de eficiencia energ\u00e9tica y la <a href=\"https:\/\/staging.asufin.com\/staging\/asufin-te-informa-que-es-la-etiqueta-ecolabel-y-como-podemos-ayudar-a-reducir-nuestra-huella-ecologica\/\" target=\"_blank\" rel=\"noopener\">ecolabel.<\/a> Aquellos aparatos con ecolabel y <strong>etiqueta A o A+ pueden consumir hasta un 40% de energ\u00eda menos<\/strong> que uno sin etiqueta. Y aunque su precio es superior ver\u00e1s r\u00e1pidamente el horro en tu factura.<\/p>\n<p><\/p>\t\t\t\t\t\t\t\t<\/div>\n\t\t\t\t<\/div>\n\t\t\t\t<div class=\"elementor-element elementor-element-eb30278 elementor-widget elementor-widget-text-editor\" data-id=\"eb30278\" data-element_type=\"widget\" data-widget_type=\"text-editor.default\">\n\t\t\t\t<div class=\"elementor-widget-container\">\n\t\t\t\t\t\t\t\t\t<h5 class=\"elementor-post__title\"><a href=\"https:\/\/staging.asufin.com\/staging\/vivienda-sostenible-como-conseguirla\/\">\u00bfQu\u00e9 es una vivienda sostenible? \u00bfC\u00f3mo conseguirla en 3 pasos?<\/a><\/h5>\t\t\t\t\t\t\t\t<\/div>\n\t\t\t\t<\/div>\n\t\t\t\t\t<\/div>\n\t\t<\/div>\n\t\t\t\t\t<\/div>\n\t\t<\/section>\n\t\t\t\t<\/div>\n\t\t","protected":false},"excerpt":{"rendered":"<p>Desde ASUFIN te damos los 3 mejores consejos para ahorrar en aire acondicionado este verano sin pasar calor.<\/p>\n","protected":false},"author":279,"featured_media":96236,"comment_status":"open","ping_status":"closed","sticky":false,"template":"","format":"standard","meta":{"_acf_changed":false,"_jetpack_newsletter_access":"","_jetpack_dont_email_post_to_subs":false,"_jetpack_newsletter_tier_id":0,"_jetpack_memberships_contains_paywalled_content":false,"_jetpack_memberships_contains_paid_content":false,"footnotes":""},"categories":[7444,7583],"tags":[],"class_list":["post-99897","post","type-post","status-publish","format-standard","has-post-thumbnail","hentry","category-noticias-eco","category-eco-template"],"acf":[],"jetpack_featured_media_url":"https:\/\/i0.wp.com\/staging.asufin.com\/staging\/wp-content\/uploads\/2022\/04\/IRPH-nueva-cuestio%CC%81n-Europa.jpeg?fit=1500%2C1031&ssl=1","jetpack_shortlink":"https:\/\/wp.me\/peayLa-pZf","jetpack_likes_enabled":false,"jetpack_sharing_enabled":true,"_links":{"self":[{"href":"https:\/\/staging.asufin.com\/staging\/wp-json\/wp\/v2\/posts\/99897","targetHints":{"allow":["GET"]}}],"collection":[{"href":"https:\/\/staging.asufin.com\/staging\/wp-json\/wp\/v2\/posts"}],"about":[{"href":"https:\/\/staging.asufin.com\/staging\/wp-json\/wp\/v2\/types\/post"}],"author":[{"embeddable":true,"href":"https:\/\/staging.asufin.com\/staging\/wp-json\/wp\/v2\/users\/279"}],"replies":[{"embeddable":true,"href":"https:\/\/staging.asufin.com\/staging\/wp-json\/wp\/v2\/comments?post=99897"}],"version-history":[{"count":14,"href":"https:\/\/staging.asufin.com\/staging\/wp-json\/wp\/v2\/posts\/99897\/revisions"}],"predecessor-version":[{"id":99911,"href":"https:\/\/staging.asufin.com\/staging\/wp-json\/wp\/v2\/posts\/99897\/revisions\/99911"}],"wp:featuredmedia":[{"embeddable":true,"href":"https:\/\/staging.asufin.com\/staging\/wp-json\/wp\/v2\/media\/96236"}],"wp:attachment":[{"href":"https:\/\/staging.asufin.com\/staging\/wp-json\/wp\/v2\/media?parent=99897"}],"wp:term":[{"taxonomy":"category","embeddable":true,"href":"https:\/\/staging.asufin.com\/staging\/wp-json\/wp\/v2\/categories?post=99897"},{"taxonomy":"post_tag","embeddable":true,"href":"https:\/\/staging.asufin.com\/staging\/wp-json\/wp\/v2\/tags?post=99897"}],"curies":[{"name":"wp","href":"https:\/\/api.w.org\/{rel}","templated":true}]}}